{"id":5808,"date":"2022-05-05T17:32:25","date_gmt":"2022-05-05T17:32:25","guid":{"rendered":"https:\/\/raval.es\/elx\/?p=5808"},"modified":"2022-05-16T16:33:54","modified_gmt":"2022-05-16T16:33:54","slug":"coralelx","status":"publish","type":"post","link":"https:\/\/raval.es\/elx\/coralelx\/","title":{"rendered":"Coral i Rondalla de la Tercera Edat d&#8217;Elx"},"content":{"rendered":"<div id=\"fb-root\"><\/div>\n\n<p><\/p>\n\n\n\n<figure class=\"wp-block-image size-large\"><img loading=\"lazy\" decoding=\"async\" width=\"1024\" height=\"538\" src=\"https:\/\/raval.es\/elx\/wp-content\/uploads\/2022\/05\/choir-bw-1024x538.jpg\" alt=\"\" class=\"wp-image-5811\" srcset=\"https:\/\/raval.es\/elx\/wp-content\/uploads\/2022\/05\/choir-bw-1024x538.jpg 1024w, https:\/\/raval.es\/elx\/wp-content\/uploads\/2022\/05\/choir-bw-980x515.jpg 980w, https:\/\/raval.es\/elx\/wp-content\/uploads\/2022\/05\/choir-bw-480x252.jpg 480w\" sizes=\"auto, (min-width: 0px) and (max-width: 480px) 480px, (min-width: 481px) and (max-width: 980px) 980px, (min-width: 981px) 1024px, 100vw\" \/><\/figure>\n\n\n<p>Gaudeix de les poderoses veus d&#8217;aquest grup amb can\u00e7ons populars a un dels espais m\u00e9s emblem\u00e0tics de la ciutat<\/p>","protected":false},"excerpt":{"rendered":"<p>Diumenge, 8, 19h. Gaudeix de les poderoses veus interpretant can\u00e7ons populars a un dels espais m\u00e9s emblem\u00e0tics de la ciutat<\/p>\n","protected":false},"author":1,"featured_media":5810,"comment_status":"closed","ping_status":"closed","sticky":false,"template":"","format":"standard","meta":{"_et_pb_use_builder":"off","_et_pb_old_content":"<h4><img class=\"aligncenter wp-image-4500 size-full\" src=\"https:\/\/raval.es\/elx\/wp-content\/uploads\/2020\/11\/mercat-EPA2.jpg\" alt=\"\" width=\"600\" height=\"400\" \/><\/h4>\n<div class=\"kvgmc6g5 cxmmr5t8 oygrvhab hcukyx3x c1et5uql ii04i59q\">\n<div dir=\"auto\">Porque el modelo agroecol\u00f3gico garantiza la alimentaci\u00f3n saludable en entornos seguros, de proximidad y confianza, nos adaptamos a las nuevas restricciones <a class=\"oajrlxb2 g5ia77u1 qu0x051f esr5mh6w e9989ue4 r7d6kgcz rq0escxv nhd2j8a9 nc684nl6 p7hjln8o kvgmc6g5 cxmmr5t8 oygrvhab hcukyx3x jb3vyjys rz4wbd8a qt6c0cv9 a8nywdso i1ao9s8h esuyzwwr f1sip0of lzcic4wl q66pz984 gpro0wi8 b1v8xokw\" tabindex=\"0\" role=\"link\" href=\"https:\/\/www.facebook.com\/hashtag\/covid19?__eep__=6&amp;__cft__[0]=AZVnHalYvGhbPCqmOVQXxFl_k-k3LsP5_0mu6Sgg_FHuQlUBh0Zh_BgjI8EIHZnCEC12GcqXBSL4Rt-JYVMxGSQRSdPLHB5dQBn493YPktirDMwgxVEq20n65z0xKze2jgeM7hVcqsJoLDSeh6uzMvZKbZzNJeLgFWKdgH8LrVsT_0S3eLJVXxju0C0IGXTsOXo&amp;__tn__=*NK-R\">#COVID19<\/a> sin perder nuestro car\u00e1cter amable y cercano, la atenci\u00f3n personalizada y el servicio alimentario de alta calidad.<\/div>\n<div dir=\"auto\"><\/div>\n<\/div>\n<div class=\"o9v6fnle cxmmr5t8 oygrvhab hcukyx3x c1et5uql ii04i59q\">\n<div dir=\"auto\">Para los pr\u00f3ximos mercados, cambiamos de ubicaci\u00f3n, reducimos el aforo y mantenemos las medidas de seguridad e higiene. \u00bfRepasamos?<\/div>\n<div dir=\"auto\"><\/div>\n<\/div>\n<div class=\"o9v6fnle cxmmr5t8 oygrvhab hcukyx3x c1et5uql ii04i59q\">\n<ul>\n \t<li dir=\"auto\">Nueva ubicaci\u00f3n: patio del FPA Merc\u00e8 Rodoreda, barrio del Raval, Elche<\/li>\n \t<li dir=\"auto\">Reducci\u00f3n del 50% de los puestos, con productos alimentarios y de primera necesidad. Oferta amplia y diversa.<\/li>\n \t<li dir=\"auto\">Espacio al aire libre, alejado de la v\u00eda p\u00fablica y delimitado con entrada y salida para evitar aglomeraciones.<\/li>\n \t<li dir=\"auto\">Distancia m\u00ednima de 6 metros entre puestos.<\/li>\n \t<li dir=\"auto\">Separaci\u00f3n dos metros entre vendedoras\/es y consumidoras\/es<\/li>\n \t<li dir=\"auto\">Solo agricultoras\/es y artesanas\/os podemos tocar los alimentos, siempre con guantes y mascarilla.<\/li>\n \t<li dir=\"auto\">El recinto est\u00e1 vigilado para asegurar el cumplimiento de las normas.<\/li>\n \t<li dir=\"auto\">Dispensador de hidrogel en la entrada, de uso obligatorio.<\/li>\n \t<li dir=\"auto\">Desinfectamos los puestos con frecuencia.<\/li>\n \t<li dir=\"auto\">Carteler\u00eda informativa con las medidas de seguridad e higiene<\/li>\n<\/ul>\n<\/div>\nAdquireix aliments ecol\u00f2gics i altres productes saludables produ\u00efts amb molt d'afecte i amor per nuestr@s productor@s locals. Fruites, hortalisses, pans i rebosteria, olives, olis, mels, dol\u00e7os i gelats, t\u00e9s i infusions, vins, menjar veg\u00e0 i m\u00e9s.\n\nPerqu\u00e8 comprant ecol\u00f2gic i local constru\u00efm sistemes alimentaris m\u00e9s justos i sostenibles. Tu tamb\u00e9 canvies el m\u00f3n!!!!!\n\n<span class=\"_5mfr\"><span class=\"_6qdm\">&#x1f964;<\/span><\/span><span class=\"_5mfr\"><span class=\"_6qdm\">&#x1f368;<\/span><\/span><span class=\"_5mfr\"><span class=\"_6qdm\">&#x1f345;<\/span><\/span><span class=\"_5mfr\"><span class=\"_6qdm\">&#x1f346;<\/span><\/span><span class=\"_5mfr\"><span class=\"_6qdm\">&#x1f955;<\/span><\/span><span class=\"_5mfr\"><span class=\"_6qdm\">&#x1f954;<\/span><\/span><span class=\"_5mfr\"><span class=\"_6qdm\">&#x1f9c0;<\/span><\/span><span class=\"_5mfr\"><span class=\"_6qdm\">&#x1f354;<\/span><\/span><span class=\"_5mfr\"><span class=\"_6qdm\">&#x1f355;<\/span><\/span><span class=\"_5mfr\"><span class=\"_6qdm\">&#x1f35e;<\/span><\/span><span class=\"_5mfr\"><span class=\"_6qdm\">&#x1f36a;<\/span><\/span><span class=\"_5mfr\"><span class=\"_6qdm\">&#x1f36f;<\/span><\/span>","_et_gb_content_width":"","_joinchat":[],"footnotes":""},"categories":[135,64],"tags":[],"class_list":["post-5808","post","type-post","status-publish","format-standard","has-post-thumbnail","hentry","category-135","category-actividades"],"_links":{"self":[{"href":"https:\/\/raval.es\/elx\/wp-json\/wp\/v2\/posts\/5808","targetHints":{"allow":["GET"]}}],"collection":[{"href":"https:\/\/raval.es\/elx\/wp-json\/wp\/v2\/posts"}],"about":[{"href":"https:\/\/raval.es\/elx\/wp-json\/wp\/v2\/types\/post"}],"author":[{"embeddable":true,"href":"https:\/\/raval.es\/elx\/wp-json\/wp\/v2\/users\/1"}],"replies":[{"embeddable":true,"href":"https:\/\/raval.es\/elx\/wp-json\/wp\/v2\/comments?post=5808"}],"version-history":[{"count":2,"href":"https:\/\/raval.es\/elx\/wp-json\/wp\/v2\/posts\/5808\/revisions"}],"predecessor-version":[{"id":5812,"href":"https:\/\/raval.es\/elx\/wp-json\/wp\/v2\/posts\/5808\/revisions\/5812"}],"wp:featuredmedia":[{"embeddable":true,"href":"https:\/\/raval.es\/elx\/wp-json\/wp\/v2\/media\/5810"}],"wp:attachment":[{"href":"https:\/\/raval.es\/elx\/wp-json\/wp\/v2\/media?parent=5808"}],"wp:term":[{"taxonomy":"category","embeddable":true,"href":"https:\/\/raval.es\/elx\/wp-json\/wp\/v2\/categories?post=5808"},{"taxonomy":"post_tag","embeddable":true,"href":"https:\/\/raval.es\/elx\/wp-json\/wp\/v2\/tags?post=5808"}],"curies":[{"name":"wp","href":"https:\/\/api.w.org\/{rel}","templated":true}]}}