{"id":5847,"date":"2022-06-04T12:18:37","date_gmt":"2022-06-04T12:18:37","guid":{"rendered":"https:\/\/raval.es\/elx\/?p=5847"},"modified":"2022-06-12T20:20:48","modified_gmt":"2022-06-12T20:20:48","slug":"sabons22","status":"publish","type":"post","link":"https:\/\/raval.es\/elx\/sabons22\/","title":{"rendered":"Taller: Elaboraci\u00f3 de sabons"},"content":{"rendered":"<div id=\"fb-root\"><\/div>\n<p>[et_pb_section fb_built=\u00bb1&#8243; _builder_version=\u00bb3.22.3&#8243; global_colors_info=\u00bb{}\u00bb][et_pb_row column_structure=\u00bb1_2,1_2&#8243; _builder_version=\u00bb3.25&#8243; background_size=\u00bbinitial\u00bb background_position=\u00bbtop_left\u00bb background_repeat=\u00bbrepeat\u00bb global_colors_info=\u00bb{}\u00bb][et_pb_column type=\u00bb1_2&#8243; _builder_version=\u00bb3.25&#8243; custom_padding=\u00bb|||\u00bb global_colors_info=\u00bb{}\u00bb custom_padding__hover=\u00bb|||\u00bb][et_pb_image src=\u00bbhttps:\/\/raval.es\/elx\/wp-content\/uploads\/2022\/06\/barrelladora1wp.jpg\u00bb title_text=\u00bbbarrelladora1wp\u00bb show_in_lightbox=\u00bbon\u00bb _builder_version=\u00bb4.14.6&#8243; _module_preset=\u00bbdefault\u00bb hover_enabled=\u00bb0&#8243; global_colors_info=\u00bb{}\u00bb sticky_enabled=\u00bb0&#8243;][\/et_pb_image][et_pb_gallery _builder_version=\u00bb4.14.6&#8243; _module_preset=\u00bbdefault\u00bb gallery_ids=\u00bb5852,5853,5854&#8243; show_title_and_caption=\u00bboff\u00bb show_pagination=\u00bboff\u00bb hover_enabled=\u00bb0&#8243; sticky_enabled=\u00bb0&#8243;][\/et_pb_gallery][\/et_pb_column][et_pb_column type=\u00bb1_2&#8243; _builder_version=\u00bb3.25&#8243; custom_padding=\u00bb|||\u00bb global_colors_info=\u00bb{}\u00bb custom_padding__hover=\u00bb|||\u00bb][et_pb_text _builder_version=\u00bb4.14.6&#8243; background_size=\u00bbinitial\u00bb background_position=\u00bbtop_left\u00bb background_repeat=\u00bbrepeat\u00bb hover_enabled=\u00bb0&#8243; use_border_color=\u00bboff\u00bb global_colors_info=\u00bb{}\u00bb sticky_enabled=\u00bb0&#8243;]<\/p>\n<h3><strong>Objectius:<\/strong><\/h3>\n<ul>\n<li><em>Elaboraci\u00f3 de sabons naturals artesanals. Ideal per a iniciar-se a l&#8217;elaboraci\u00f3 de sabons naturals. Com aprendre a triar els ingredients, com fer una formulaci\u00f3 equilibrada, fer sabons hidratants i nutritius. <\/em><\/li>\n<li><em>Recordar un ofici artes\u00e0 que va ser mitj\u00e0 de vida de moltes fam\u00edlies alacantines a principis del segle XX. <\/em><\/li>\n<li><em>Involucrar als participants en la cura del medi natural a trav\u00e9s d&#8217;accions tan senzilles com no tirar l&#8217;oli usat pels desguassos i reciclar-lo per a l&#8217;elaboraci\u00f3 de sab\u00f3.<\/em><\/li>\n<\/ul>\n<h3><strong>Programa:<\/strong><\/h3>\n<ul>\n<li><strong>Hist\u00f2ria de l&#8217;elaboraci\u00f3 de sab\u00f3<\/strong><br \/>S&#8217;introduir\u00e0 als assistents en la hist\u00f2ria de la fabricaci\u00f3 de sab\u00f3 portant diferents sabons que mostren aqueixa evoluci\u00f3.<\/li>\n<li><strong>Per qu\u00e8 llava el sab\u00f3?<\/strong><br \/>De manera senzilla i amena coneixeran per qu\u00e8 neta un sab\u00f3.<\/li>\n<li><strong>Exposici\u00f3 i usos de les plantes barrelladores.<\/strong><br \/>S&#8217;exposaran diferents plantes de les quals es feia antigament sab\u00f3.<\/li>\n<\/ul>\n<p><strong>Es realitzaran aquests dos tipus de sab\u00f3:<\/strong><\/p>\n<ul>\n<li><strong>Elaboraci\u00f3 de sab\u00f3 amb oli usat.<\/strong> Coneixeran les proporcions de la mescla per a fer sab\u00f3 amb oli usat de casa i ajudaran a moure la mescla que realitzar\u00e0 el monitor. Una vegada acabat el proc\u00e9s de moure s&#8217;abocar\u00e0 el sab\u00f3 en els motles en els quals cada participant podr\u00e0 donar al sab\u00f3 el seu toc personal, per al que els alumnes podran utilitzar diferents plantes.<\/li>\n<li><strong>Elaboraci\u00f3 de divertides boles de sab\u00f3.<\/strong> Es treballa amb sab\u00f3 ja madur convertit en escates de sab\u00f3. Els participants posaran a prova la seua imaginaci\u00f3 per a donar a les boles de sab\u00f3 que ells mateixos realitzen, colors, aromes i acabats diferents per al que s&#8217;empraran olis essencials naturals, argiles, colorants naturals i diverses plantes medicinals.<\/li>\n<\/ul>\n<p>Cada participant rebr\u00e0 un full informatiu amb les f\u00f3rmules elaborades en el taller i una pe\u00e7a de sab\u00f3 fet amb oli usat i boles de sab\u00f3 fetes per ells mateixos durant l&#8217;activitat.<br \/>La duraci\u00f3 del taller \u00e9s al voltant de 3 hores<\/p>\n<p><span><strong>Dissabte 11 de juny a les 19:00h.<\/strong><br \/><\/span><span>Hort de Felip, C\/ Cam\u00ed de Felip (darrere Centre Salut del Raval)<br \/><\/span><span>Impartit per <em><strong>Trinidad de los \u00c1ngeles<\/strong><\/em>, de Coraz\u00f3n Verde<br \/><\/span><span><\/span><\/p>\n<p><span>El taller t\u00e9 places limitades per la qual cosa \u00e9s important que confirmes quan abans en <a href=\"http:\/\/www.raval.es\/2022\"><strong>www.raval.es\/2022<\/strong><\/a><\/span><\/p>\n<p>[\/et_pb_text][et_pb_image src=\u00bbhttps:\/\/raval.es\/elx\/wp-content\/uploads\/2022\/06\/CorazonVerdelogo.jpg\u00bb _builder_version=\u00bb4.14.6&#8243; _module_preset=\u00bbdefault\u00bb title_text=\u00bbCorazonVerdelogo\u00bb hover_enabled=\u00bb0&#8243; sticky_enabled=\u00bb0&#8243; width=\u00bb70%\u00bb align=\u00bbcenter\u00bb url=\u00bbhttp:\/\/www.corazonverde.org\/\u00bb][\/et_pb_image][\/et_pb_column][\/et_pb_row][et_pb_row column_structure=\u00bb1_3,1_3,1_3&#8243; _builder_version=\u00bb3.25&#8243; background_size=\u00bbinitial\u00bb background_position=\u00bbtop_left\u00bb background_repeat=\u00bbrepeat\u00bb global_colors_info=\u00bb{}\u00bb][et_pb_column type=\u00bb1_3&#8243; _builder_version=\u00bb3.25&#8243; custom_padding=\u00bb|||\u00bb global_colors_info=\u00bb{}\u00bb custom_padding__hover=\u00bb|||\u00bb][et_pb_image src=\u00bbhttp:\/\/raval.es\/elx\/wp-content\/uploads\/2018\/10\/AV-logo.png\u00bb align_tablet=\u00bbcenter\u00bb align_phone=\u00bb\u00bb align_last_edited=\u00bbon|desktop\u00bb _builder_version=\u00bb3.23&#8243; global_colors_info=\u00bb{}\u00bb][\/et_pb_image][\/et_pb_column][et_pb_column type=\u00bb1_3&#8243; _builder_version=\u00bb3.25&#8243; custom_padding=\u00bb|||\u00bb global_colors_info=\u00bb{}\u00bb custom_padding__hover=\u00bb|||\u00bb][et_pb_image src=\u00bbhttp:\/\/raval.es\/elx\/wp-content\/uploads\/2018\/10\/GVAlogo.png\u00bb _builder_version=\u00bb3.24&#8243; global_colors_info=\u00bb{}\u00bb][\/et_pb_image][\/et_pb_column][et_pb_column type=\u00bb1_3&#8243; _builder_version=\u00bb4.6.6&#8243; _module_preset=\u00bbdefault\u00bb global_colors_info=\u00bb{}\u00bb][et_pb_image src=\u00bbhttps:\/\/raval.es\/elx\/wp-content\/uploads\/2022\/02\/RegidoriaMediAmbient.jpg\u00bb title_text=\u00bbRegidoriaMediAmbient\u00bb align_tablet=\u00bbcenter\u00bb align_phone=\u00bb\u00bb align_last_edited=\u00bbon|desktop\u00bb _builder_version=\u00bb4.14.6&#8243; global_colors_info=\u00bb{}\u00bb][\/et_pb_image][\/et_pb_column][\/et_pb_row][\/et_pb_section]<\/p>\n","protected":false},"excerpt":{"rendered":"<p>Dissabte 11 de maig, 19:00h. A l&#8217;Hort de Felip, apr\u00e8n a fer-te els teus sabons  detergents<\/p>\n","protected":false},"author":1,"featured_media":5849,"comment_status":"closed","ping_status":"open","sticky":false,"template":"","format":"standard","meta":{"_et_pb_use_builder":"on","_et_pb_old_content":"","_et_gb_content_width":"","_joinchat":[],"footnotes":""},"categories":[135,64,136,54],"tags":[],"class_list":["post-5847","post","type-post","status-publish","format-standard","has-post-thumbnail","hentry","category-135","category-actividades","category-hort-de-felip","category-hort-urba"],"_links":{"self":[{"href":"https:\/\/raval.es\/elx\/wp-json\/wp\/v2\/posts\/5847","targetHints":{"allow":["GET"]}}],"collection":[{"href":"https:\/\/raval.es\/elx\/wp-json\/wp\/v2\/posts"}],"about":[{"href":"https:\/\/raval.es\/elx\/wp-json\/wp\/v2\/types\/post"}],"author":[{"embeddable":true,"href":"https:\/\/raval.es\/elx\/wp-json\/wp\/v2\/users\/1"}],"replies":[{"embeddable":true,"href":"https:\/\/raval.es\/elx\/wp-json\/wp\/v2\/comments?post=5847"}],"version-history":[{"count":3,"href":"https:\/\/raval.es\/elx\/wp-json\/wp\/v2\/posts\/5847\/revisions"}],"predecessor-version":[{"id":5857,"href":"https:\/\/raval.es\/elx\/wp-json\/wp\/v2\/posts\/5847\/revisions\/5857"}],"wp:featuredmedia":[{"embeddable":true,"href":"https:\/\/raval.es\/elx\/wp-json\/wp\/v2\/media\/5849"}],"wp:attachment":[{"href":"https:\/\/raval.es\/elx\/wp-json\/wp\/v2\/media?parent=5847"}],"wp:term":[{"taxonomy":"category","embeddable":true,"href":"https:\/\/raval.es\/elx\/wp-json\/wp\/v2\/categories?post=5847"},{"taxonomy":"post_tag","embeddable":true,"href":"https:\/\/raval.es\/elx\/wp-json\/wp\/v2\/tags?post=5847"}],"curies":[{"name":"wp","href":"https:\/\/api.w.org\/{rel}","templated":true}]}}