{"id":5904,"date":"2022-07-11T20:07:25","date_gmt":"2022-07-11T20:07:25","guid":{"rendered":"https:\/\/raval.es\/elx\/?p=5904"},"modified":"2022-08-09T18:14:32","modified_gmt":"2022-08-09T18:14:32","slug":"massatgepeus","status":"publish","type":"post","link":"https:\/\/raval.es\/elx\/massatgepeus\/","title":{"rendered":"Taller: Automassatge de peus"},"content":{"rendered":"<div id=\"fb-root\"><\/div>\n<p>[et_pb_section fb_built=\u00bb1&#8243; _builder_version=\u00bb3.22.3&#8243; global_colors_info=\u00bb{}\u00bb][et_pb_row column_structure=\u00bb1_2,1_2&#8243; _builder_version=\u00bb3.25&#8243; background_size=\u00bbinitial\u00bb background_position=\u00bbtop_left\u00bb background_repeat=\u00bbrepeat\u00bb global_colors_info=\u00bb{}\u00bb][et_pb_column type=\u00bb1_2&#8243; _builder_version=\u00bb3.25&#8243; custom_padding=\u00bb|||\u00bb global_colors_info=\u00bb{}\u00bb custom_padding__hover=\u00bb|||\u00bb][et_pb_image src=\u00bbhttps:\/\/raval.es\/elx\/wp-content\/uploads\/2022\/07\/reflexologia-fixa.jpg\u00bb title_text=\u00bbreflexologia-fixa\u00bb show_in_lightbox=\u00bbon\u00bb _builder_version=\u00bb4.14.6&#8243; _module_preset=\u00bbdefault\u00bb global_colors_info=\u00bb{}\u00bb][\/et_pb_image][et_pb_image src=\u00bbhttps:\/\/raval.es\/elx\/wp-content\/uploads\/2022\/07\/automasajepies.jpg\u00bb title_text=\u00bbTired,Woman,Doing,Self,Foot,Massage,For,Pain,Relief,After\u00bb show_in_lightbox=\u00bbon\u00bb _builder_version=\u00bb4.14.6&#8243; _module_preset=\u00bbdefault\u00bb global_colors_info=\u00bb{}\u00bb][\/et_pb_image][\/et_pb_column][et_pb_column type=\u00bb1_2&#8243; _builder_version=\u00bb3.25&#8243; custom_padding=\u00bb|||\u00bb global_colors_info=\u00bb{}\u00bb custom_padding__hover=\u00bb|||\u00bb][et_pb_text _builder_version=\u00bb4.14.6&#8243; background_size=\u00bbinitial\u00bb background_position=\u00bbtop_left\u00bb background_repeat=\u00bbrepeat\u00bb use_border_color=\u00bboff\u00bb global_colors_info=\u00bb{}\u00bb]<\/p>\n<h3>salut per als teus peus, per a la teua ment i per a tot el teu cos<span><br \/><\/span><\/h3>\n<p>L&#8217;acci\u00f3 de calmar el dolor amb les mans \u00e9s innata en l&#8217;\u00e9sser hum\u00e0, des de temps remots les persones hem fregat les zones adolorides del cos per a trobar alleujament. Sabem que el massatge t\u00e9 una hist\u00f2ria molt antiga, a la Xina van trobar papirs de fa uns 4000 anys a. C. En una pir\u00e0mide de 2.345 a. C. es pot veure com apliquen massatge en diferents zones del cos. En totes les civilitzacions, grega, romana\u2026 podem trobar l&#8217;\u00fas del massatge amb finalitats terap\u00e8utics.<br \/>El massatge \u00e9s una eina terap\u00e8utica hol\u00edstica ja que tracta el cos-ment com una unitat.<br \/>Est\u00e0 demostrat que, encara que tan sols ens acariciem,, obtenim beneficis.<\/p>\n<p>Impartit per <strong>Lourdes Reverte<\/strong>, quiromassatgista.<\/p>\n<p>\u00a0<span>Dimecres 13 de juliol<br \/>19.30h<br \/><\/span><span>Hort de Felip<\/span><span><\/span><span><\/span><\/p>\n<p><a href=\"https:\/\/raval.es\/2022\"><strong><em>Inscripci\u00f3: raval.es\/2022<\/em><\/strong><\/a><\/p>\n<p>[\/et_pb_text][et_pb_image src=\u00bbhttps:\/\/raval.es\/elx\/wp-content\/uploads\/2022\/07\/mandala2.jpg\u00bb title_text=\u00bbmandala2&#8243; url=\u00bbhttps:\/\/www.facebook.com\/FisioterpiaMargaPico\u00bb url_new_window=\u00bbon\u00bb _builder_version=\u00bb4.14.6&#8243; _module_preset=\u00bbdefault\u00bb global_colors_info=\u00bb{}\u00bb][\/et_pb_image][\/et_pb_column][\/et_pb_row][et_pb_row column_structure=\u00bb1_3,1_3,1_3&#8243; _builder_version=\u00bb3.25&#8243; background_size=\u00bbinitial\u00bb background_position=\u00bbtop_left\u00bb background_repeat=\u00bbrepeat\u00bb global_colors_info=\u00bb{}\u00bb][et_pb_column type=\u00bb1_3&#8243; _builder_version=\u00bb3.25&#8243; custom_padding=\u00bb|||\u00bb global_colors_info=\u00bb{}\u00bb custom_padding__hover=\u00bb|||\u00bb][et_pb_image src=\u00bbhttp:\/\/raval.es\/elx\/wp-content\/uploads\/2018\/10\/AV-logo.png\u00bb align_tablet=\u00bbcenter\u00bb align_phone=\u00bb\u00bb align_last_edited=\u00bbon|desktop\u00bb _builder_version=\u00bb3.23&#8243; global_colors_info=\u00bb{}\u00bb][\/et_pb_image][\/et_pb_column][et_pb_column type=\u00bb1_3&#8243; _builder_version=\u00bb3.25&#8243; custom_padding=\u00bb|||\u00bb global_colors_info=\u00bb{}\u00bb custom_padding__hover=\u00bb|||\u00bb][et_pb_image src=\u00bbhttp:\/\/raval.es\/elx\/wp-content\/uploads\/2018\/10\/GVAlogo.png\u00bb _builder_version=\u00bb3.24&#8243; global_colors_info=\u00bb{}\u00bb][\/et_pb_image][\/et_pb_column][et_pb_column type=\u00bb1_3&#8243; _builder_version=\u00bb4.6.6&#8243; _module_preset=\u00bbdefault\u00bb global_colors_info=\u00bb{}\u00bb][et_pb_image src=\u00bbhttps:\/\/raval.es\/elx\/wp-content\/uploads\/2022\/02\/RegidoriaMediAmbient.jpg\u00bb title_text=\u00bbRegidoriaMediAmbient\u00bb align_tablet=\u00bbcenter\u00bb align_phone=\u00bb\u00bb align_last_edited=\u00bbon|desktop\u00bb _builder_version=\u00bb4.14.6&#8243; global_colors_info=\u00bb{}\u00bb][\/et_pb_image][\/et_pb_column][\/et_pb_row][\/et_pb_section]<\/p>\n","protected":false},"excerpt":{"rendered":"<p>Impartit per Lourdes Reverte, quiromassatgista.<br \/>\nDimecres 13 de juliol, 19.30h<br \/>\nHort de Felip<\/p>\n","protected":false},"author":1,"featured_media":5913,"comment_status":"closed","ping_status":"open","sticky":false,"template":"","format":"standard","meta":{"_et_pb_use_builder":"on","_et_pb_old_content":"","_et_gb_content_width":"","_joinchat":[],"footnotes":""},"categories":[135,64,136],"tags":[],"class_list":["post-5904","post","type-post","status-publish","format-standard","has-post-thumbnail","hentry","category-135","category-actividades","category-hort-de-felip"],"_links":{"self":[{"href":"https:\/\/raval.es\/elx\/wp-json\/wp\/v2\/posts\/5904","targetHints":{"allow":["GET"]}}],"collection":[{"href":"https:\/\/raval.es\/elx\/wp-json\/wp\/v2\/posts"}],"about":[{"href":"https:\/\/raval.es\/elx\/wp-json\/wp\/v2\/types\/post"}],"author":[{"embeddable":true,"href":"https:\/\/raval.es\/elx\/wp-json\/wp\/v2\/users\/1"}],"replies":[{"embeddable":true,"href":"https:\/\/raval.es\/elx\/wp-json\/wp\/v2\/comments?post=5904"}],"version-history":[{"count":4,"href":"https:\/\/raval.es\/elx\/wp-json\/wp\/v2\/posts\/5904\/revisions"}],"predecessor-version":[{"id":5915,"href":"https:\/\/raval.es\/elx\/wp-json\/wp\/v2\/posts\/5904\/revisions\/5915"}],"wp:featuredmedia":[{"embeddable":true,"href":"https:\/\/raval.es\/elx\/wp-json\/wp\/v2\/media\/5913"}],"wp:attachment":[{"href":"https:\/\/raval.es\/elx\/wp-json\/wp\/v2\/media?parent=5904"}],"wp:term":[{"taxonomy":"category","embeddable":true,"href":"https:\/\/raval.es\/elx\/wp-json\/wp\/v2\/categories?post=5904"},{"taxonomy":"post_tag","embeddable":true,"href":"https:\/\/raval.es\/elx\/wp-json\/wp\/v2\/tags?post=5904"}],"curies":[{"name":"wp","href":"https:\/\/api.w.org\/{rel}","templated":true}]}}