{"id":5917,"date":"2022-07-13T08:53:00","date_gmt":"2022-07-13T08:53:00","guid":{"rendered":"https:\/\/raval.es\/elx\/?p=5917"},"modified":"2022-08-09T18:13:58","modified_gmt":"2022-08-09T18:13:58","slug":"estiujove22","status":"publish","type":"post","link":"https:\/\/raval.es\/elx\/estiujove22\/","title":{"rendered":"Estiu Jove al Raval"},"content":{"rendered":"<div id=\"fb-root\"><\/div>\n\n[et_pb_section fb_built=\u00bb1&#8243; _builder_version=\u00bb4.9.5&#8243; _module_preset=\u00bbdefault\u00bb min_height=\u00bb289.4px\u00bb global_colors_info=\u00bb{}\u00bb][et_pb_row column_structure=\u00bb1_2,1_2&#8243; _builder_version=\u00bb4.9.5&#8243; _module_preset=\u00bbdefault\u00bb global_colors_info=\u00bb{}\u00bb][et_pb_column type=\u00bb1_2&#8243; _builder_version=\u00bb4.9.5&#8243; _module_preset=\u00bbdefault\u00bb global_colors_info=\u00bb{}\u00bb][et_pb_image src=\u00bbhttps:\/\/raval.es\/elx\/wp-content\/uploads\/2022\/07\/estiujovewp.jpg\u00bb _builder_version=\u00bb4.14.6&#8243; _module_preset=\u00bbdefault\u00bb title_text=\u00bbestiujovewp\u00bb hover_enabled=\u00bb0&#8243; sticky_enabled=\u00bb0&#8243;][\/et_pb_image][\/et_pb_column][et_pb_column type=\u00bb1_2&#8243; _builder_version=\u00bb4.9.5&#8243; _module_preset=\u00bbdefault\u00bb global_colors_info=\u00bb{}\u00bb][et_pb_text _builder_version=\u00bb4.14.6&#8243; _module_preset=\u00bbdefault\u00bb hover_enabled=\u00bb0&#8243; global_colors_info=\u00bb{}\u00bb sticky_enabled=\u00bb0&#8243;]<p>Dissabte. 16,\u00a0 tindrem activitats per joves d&#8217;edat&#8230; i d&#8217;esperit<br \/>Desde 18:30<br \/>&#8211; Espai jocs al centre de la Pla\u00e7a Major del Raval<br \/>&#8211; Espai creatiu als arcs Pla\u00e7a<br \/>&#8211; Espai ping pong al carrer Boix i Rosario<br \/>&#8211; Taula informativa a la Pla\u00e7a<\/p>\n<p>De 18:30\u00a0 a 19:30, de 19.30 a 20.30 i de 20.30 a 21.30h<br \/>Taller de m\u00fasica electr\u00f2nica al Centre Social (planta baixa)<\/p>\n<p>De 18:30 20:00 Taller d&#8217;edici\u00f3 video (Inshot -m\u00f2bil- i Shotcut -pc-) 1ra plta<br \/>De 18:30 21:30 Jocs de taula (2na. plta.)<br \/>De 20:30 21:30 Dansa polinesa (1ra plta)<\/p>\n<p>Inscripci\u00f3 gratu\u00efta en <a href=\"https:\/\/rava.es\/22jove\">raval.es\/22jove<\/a><\/p>[\/et_pb_text][et_pb_text _builder_version=\u00bb4.14.6&#8243; _module_preset=\u00bbdefault\u00bb hover_enabled=\u00bb0&#8243; sticky_enabled=\u00bb0&#8243;]<p><img loading=\"lazy\" decoding=\"async\" src=\"https:\/\/raval.es\/elx\/wp-content\/uploads\/2021\/08\/AVRAVAL-logocapWP-300x134.png\" alt=\"\" class=\"wp-image-4955 alignnone size-medium\" style=\"display: block; margin-left: auto; margin-right: auto;\" width=\"150\" height=\"67\" \/><img loading=\"lazy\" decoding=\"async\" src=\"https:\/\/raval.es\/elx\/wp-content\/uploads\/2021\/11\/Diputacion-AREA-JUVENTUD-300x150.png\" alt=\"\" class=\"wp-image-5156 alignnone size-medium\" style=\"display: block; margin-left: auto; margin-right: auto;\" width=\"150\" height=\"75\" \/><img loading=\"lazy\" decoding=\"async\" src=\"https:\/\/raval.es\/elx\/wp-content\/uploads\/2018\/10\/ajuntament-300x92.png\" alt=\"\" class=\"wp-image-2457 alignnone size-medium\" style=\"display: block; margin-left: auto; margin-right: auto;\" width=\"150\" height=\"46\" srcset=\"https:\/\/raval.es\/elx\/wp-content\/uploads\/2018\/10\/ajuntament-300x92.png 300w, https:\/\/raval.es\/elx\/wp-content\/uploads\/2018\/10\/ajuntament.png 536w\" sizes=\"auto, (max-width: 150px) 100vw, 150px\" \/><\/p>[\/et_pb_text][\/et_pb_column][\/et_pb_row][\/et_pb_section]\n","protected":false},"excerpt":{"rendered":"<p>M\u00fasica electr\u00f2nica, video, jocs, ping-pong, dansa&#8230; i m\u00e9s.<br \/>\nNo t&#8217;ho perdis!<\/p>\n","protected":false},"author":1,"featured_media":5918,"comment_status":"closed","ping_status":"open","sticky":false,"template":"","format":"standard","meta":{"_et_pb_use_builder":"on","_et_pb_old_content":"","_et_gb_content_width":"","_joinchat":[],"footnotes":""},"categories":[135,64],"tags":[],"class_list":["post-5917","post","type-post","status-publish","format-standard","has-post-thumbnail","hentry","category-135","category-actividades"],"_links":{"self":[{"href":"https:\/\/raval.es\/elx\/wp-json\/wp\/v2\/posts\/5917","targetHints":{"allow":["GET"]}}],"collection":[{"href":"https:\/\/raval.es\/elx\/wp-json\/wp\/v2\/posts"}],"about":[{"href":"https:\/\/raval.es\/elx\/wp-json\/wp\/v2\/types\/post"}],"author":[{"embeddable":true,"href":"https:\/\/raval.es\/elx\/wp-json\/wp\/v2\/users\/1"}],"replies":[{"embeddable":true,"href":"https:\/\/raval.es\/elx\/wp-json\/wp\/v2\/comments?post=5917"}],"version-history":[{"count":4,"href":"https:\/\/raval.es\/elx\/wp-json\/wp\/v2\/posts\/5917\/revisions"}],"predecessor-version":[{"id":5924,"href":"https:\/\/raval.es\/elx\/wp-json\/wp\/v2\/posts\/5917\/revisions\/5924"}],"wp:featuredmedia":[{"embeddable":true,"href":"https:\/\/raval.es\/elx\/wp-json\/wp\/v2\/media\/5918"}],"wp:attachment":[{"href":"https:\/\/raval.es\/elx\/wp-json\/wp\/v2\/media?parent=5917"}],"wp:term":[{"taxonomy":"category","embeddable":true,"href":"https:\/\/raval.es\/elx\/wp-json\/wp\/v2\/categories?post=5917"},{"taxonomy":"post_tag","embeddable":true,"href":"https:\/\/raval.es\/elx\/wp-json\/wp\/v2\/tags?post=5917"}],"curies":[{"name":"wp","href":"https:\/\/api.w.org\/{rel}","templated":true}]}}