{"id":5933,"date":"2022-08-09T18:43:00","date_gmt":"2022-08-09T18:43:00","guid":{"rendered":"https:\/\/raval.es\/elx\/?p=5933"},"modified":"2022-08-28T18:59:11","modified_gmt":"2022-08-28T18:59:11","slug":"festes-al-raval-programacio","status":"publish","type":"post","link":"https:\/\/raval.es\/elx\/festes-al-raval-programacio\/","title":{"rendered":"FESTES AL RAVAL (programaci\u00f3)"},"content":{"rendered":"<div id=\"fb-root\"><\/div>\n<p>[et_pb_section fb_built=\u00bb1&#8243; _builder_version=\u00bb4.14.6&#8243; _module_preset=\u00bbdefault\u00bb global_colors_info=\u00bb{}\u00bb][et_pb_row column_structure=\u00bb1_2,1_2&#8243; _builder_version=\u00bb4.14.6&#8243; _module_preset=\u00bbdefault\u00bb hover_enabled=\u00bb0&#8243; global_colors_info=\u00bb{}\u00bb sticky_enabled=\u00bb0&#8243;][et_pb_column type=\u00bb1_2&#8243; _builder_version=\u00bb4.14.6&#8243; _module_preset=\u00bbdefault\u00bb global_colors_info=\u00bb{}\u00bb][et_pb_image src=\u00bbhttps:\/\/raval.es\/elx\/wp-content\/uploads\/2022\/08\/festes22Raval.jpg\u00bb title_text=\u00bbfestes22Raval\u00bb show_in_lightbox=\u00bbon\u00bb align=\u00bbcenter\u00bb _builder_version=\u00bb4.14.6&#8243; _module_preset=\u00bbdefault\u00bb hover_enabled=\u00bb0&#8243; global_colors_info=\u00bb{}\u00bb sticky_enabled=\u00bb0&#8243; custom_padding=\u00bb|0px||||\u00bb][\/et_pb_image][et_pb_image src=\u00bbhttps:\/\/raval.es\/elx\/wp-content\/uploads\/2022\/08\/tardeo.jpeg\u00bb title_text=\u00bbtardeo\u00bb show_in_lightbox=\u00bbon\u00bb align=\u00bbcenter\u00bb _builder_version=\u00bb4.14.6&#8243; _module_preset=\u00bbdefault\u00bb hover_enabled=\u00bb0&#8243; global_colors_info=\u00bb{}\u00bb sticky_enabled=\u00bb0&#8243; custom_padding=\u00bb|0px||||\u00bb][\/et_pb_image][et_pb_image src=\u00bbhttps:\/\/raval.es\/elx\/wp-content\/uploads\/2022\/08\/fotocalago22.jpg\u00bb title_text=\u00bbfotocalago22&#8243; show_in_lightbox=\u00bbon\u00bb align=\u00bbcenter\u00bb _builder_version=\u00bb4.14.6&#8243; _module_preset=\u00bbdefault\u00bb hover_enabled=\u00bb0&#8243; global_colors_info=\u00bb{}\u00bb sticky_enabled=\u00bb0&#8243; custom_padding=\u00bb|0px||||\u00bb][\/et_pb_image][et_pb_image src=\u00bbhttps:\/\/raval.es\/elx\/wp-content\/uploads\/2022\/08\/charanga22.jpg\u00bb title_text=\u00bbcharanga22&#8243; show_in_lightbox=\u00bbon\u00bb align=\u00bbcenter\u00bb _builder_version=\u00bb4.14.6&#8243; _module_preset=\u00bbdefault\u00bb hover_enabled=\u00bb0&#8243; global_colors_info=\u00bb{}\u00bb sticky_enabled=\u00bb0&#8243; custom_padding=\u00bb|0px||||\u00bb][\/et_pb_image][\/et_pb_column][et_pb_column type=\u00bb1_2&#8243; _builder_version=\u00bb4.14.6&#8243; _module_preset=\u00bbdefault\u00bb global_colors_info=\u00bb{}\u00bb][et_pb_image src=\u00bbhttps:\/\/raval.es\/elx\/wp-content\/uploads\/2022\/08\/cartel-barraka-alternativa-22-ok.webp\u00bb title_text=\u00bbcartel-barraka-alternativa-22-ok\u00bb show_in_lightbox=\u00bbon\u00bb _builder_version=\u00bb4.14.6&#8243; _module_preset=\u00bbdefault\u00bb hover_enabled=\u00bb0&#8243; global_colors_info=\u00bb{}\u00bb sticky_enabled=\u00bb0&#8243;][\/et_pb_image][et_pb_image src=\u00bbhttps:\/\/raval.es\/elx\/wp-content\/uploads\/2022\/08\/barraka12.jpeg\u00bb title_text=\u00bbbarraka12&#8243; show_in_lightbox=\u00bbon\u00bb _builder_version=\u00bb4.14.6&#8243; _module_preset=\u00bbdefault\u00bb hover_enabled=\u00bb0&#8243; global_colors_info=\u00bb{}\u00bb sticky_enabled=\u00bb0&#8243;][\/et_pb_image][\/et_pb_column][\/et_pb_row][\/et_pb_section]<\/p>\n","protected":false},"excerpt":{"rendered":"<p>Programaci\u00f3 de les barraques al Raval. Al costat de l&#8217;esgl\u00e8sia de Sant Joan la Comissi\u00f3 de Festes i al Col\u00b7lege Hispanidad La Barraka Alternativa<\/p>\n","protected":false},"author":1,"featured_media":5940,"comment_status":"closed","ping_status":"open","sticky":false,"template":"","format":"standard","meta":{"_et_pb_use_builder":"on","_et_pb_old_content":"","_et_gb_content_width":"1080","_joinchat":[],"footnotes":""},"categories":[51],"tags":[],"class_list":["post-5933","post","type-post","status-publish","format-standard","has-post-thumbnail","hentry","category-noticias"],"_links":{"self":[{"href":"https:\/\/raval.es\/elx\/wp-json\/wp\/v2\/posts\/5933","targetHints":{"allow":["GET"]}}],"collection":[{"href":"https:\/\/raval.es\/elx\/wp-json\/wp\/v2\/posts"}],"about":[{"href":"https:\/\/raval.es\/elx\/wp-json\/wp\/v2\/types\/post"}],"author":[{"embeddable":true,"href":"https:\/\/raval.es\/elx\/wp-json\/wp\/v2\/users\/1"}],"replies":[{"embeddable":true,"href":"https:\/\/raval.es\/elx\/wp-json\/wp\/v2\/comments?post=5933"}],"version-history":[{"count":21,"href":"https:\/\/raval.es\/elx\/wp-json\/wp\/v2\/posts\/5933\/revisions"}],"predecessor-version":[{"id":5979,"href":"https:\/\/raval.es\/elx\/wp-json\/wp\/v2\/posts\/5933\/revisions\/5979"}],"wp:featuredmedia":[{"embeddable":true,"href":"https:\/\/raval.es\/elx\/wp-json\/wp\/v2\/media\/5940"}],"wp:attachment":[{"href":"https:\/\/raval.es\/elx\/wp-json\/wp\/v2\/media?parent=5933"}],"wp:term":[{"taxonomy":"category","embeddable":true,"href":"https:\/\/raval.es\/elx\/wp-json\/wp\/v2\/categories?post=5933"},{"taxonomy":"post_tag","embeddable":true,"href":"https:\/\/raval.es\/elx\/wp-json\/wp\/v2\/tags?post=5933"}],"curies":[{"name":"wp","href":"https:\/\/api.w.org\/{rel}","templated":true}]}}