{"id":6007,"date":"2022-09-09T17:36:38","date_gmt":"2022-09-09T17:36:38","guid":{"rendered":"https:\/\/raval.es\/elx\/?p=6007"},"modified":"2022-09-12T12:08:52","modified_gmt":"2022-09-12T12:08:52","slug":"festes-al-raval-programacio-2","status":"publish","type":"post","link":"https:\/\/raval.es\/elx\/festes-al-raval-programacio-2\/","title":{"rendered":"ELX AL CARRER (programaci\u00f3)"},"content":{"rendered":"<div id=\"fb-root\"><\/div>\n\n[et_pb_section fb_built=\u00bb1&#8243; _builder_version=\u00bb4.14.6&#8243; _module_preset=\u00bbdefault\u00bb global_colors_info=\u00bb{}\u00bb][et_pb_row column_structure=\u00bb1_2,1_2&#8243; _builder_version=\u00bb4.14.6&#8243; _module_preset=\u00bbdefault\u00bb global_colors_info=\u00bb{}\u00bb][et_pb_column type=\u00bb1_2&#8243; _builder_version=\u00bb4.14.6&#8243; _module_preset=\u00bbdefault\u00bb global_colors_info=\u00bb{}\u00bb][et_pb_text _builder_version=\u00bb4.14.6&#8243; _module_preset=\u00bbdefault\u00bb hover_enabled=\u00bb0&#8243; sticky_enabled=\u00bb0&#8243;]<p>Despr\u00e9s de dos anys sense poder celebrar el festival, per fi\u2026 esta de tornada!<\/p>\n<p>Torna Elx al Carrer amb una edici\u00f3 especial, la catorze i mig.<\/p>\n<p>Des que la situaci\u00f3 d&#8217;emerg\u00e8ncia sanit\u00e0ria va obligar a cancel\u00b7lar en 2020 esperant que la vida es \u201cnormalitzara\u201d i es pogueten ocupar els espais sense restriccions, en les places i els carrers que tan enyorats.<\/p>\n<p>I ac\u00ed esta de nou\u2026sense deixar de fer, entre l&#8217;edici\u00f3 14\u00e9 i la 15\u00e9,<\/p>\n<p>Hi haur\u00e0 circ, clowns, m\u00fasica, dansa, sorpreses, coses de sempre, artistes d&#8217;ac\u00ed i all\u00e0, tu, jo, el punt info i samarretes.<\/p>\n<p>NO T&#8217;HO PERDES!!!!!<\/p>[\/et_pb_text][et_pb_text _builder_version=\u00bb4.14.6&#8243; _module_preset=\u00bbdefault\u00bb hover_enabled=\u00bb0&#8243; sticky_enabled=\u00bb0&#8243;]<h3 style=\"text-align: right;\"><span style=\"color: #ff0000;\"><strong>DESCARREGA EL PROGRAMA &#8212;&gt;&gt;&gt;&gt;&gt;<\/strong><\/span><\/h3>[\/et_pb_text][\/et_pb_column][et_pb_column type=\u00bb1_2&#8243; _builder_version=\u00bb4.14.6&#8243; _module_preset=\u00bbdefault\u00bb global_colors_info=\u00bb{}\u00bb][et_pb_image src=\u00bbhttps:\/\/raval.es\/elx\/wp-content\/uploads\/2022\/09\/elxalcarrer2022.png\u00bb title_text=\u00bbelxalcarrer2022&#8243; _builder_version=\u00bb4.14.6&#8243; _module_preset=\u00bbdefault\u00bb hover_enabled=\u00bb0&#8243; global_colors_info=\u00bb{}\u00bb url=\u00bbhttps:\/\/elxalcarrer.com\/wp-content\/uploads\/2022\/09\/Programa_ElxAlCarrer14ymedio_compressed.pdf\u00bb url_new_window=\u00bbon\u00bb sticky_enabled=\u00bb0&#8243;][\/et_pb_image][\/et_pb_column][\/et_pb_row][\/et_pb_section]\n","protected":false},"excerpt":{"rendered":"<p>Aqueste cap de setmana (10 i 11 de setembre) torna Elx al Carrer despr\u00e9s de 2 anys d&#8217;abs\u00e8ncia&#8230; amb molta gana, clar!<\/p>\n","protected":false},"author":1,"featured_media":6013,"comment_status":"closed","ping_status":"open","sticky":false,"template":"","format":"standard","meta":{"_et_pb_use_builder":"on","_et_pb_old_content":"","_et_gb_content_width":"1080","_joinchat":[],"footnotes":""},"categories":[51],"tags":[],"class_list":["post-6007","post","type-post","status-publish","format-standard","has-post-thumbnail","hentry","category-noticias"],"_links":{"self":[{"href":"https:\/\/raval.es\/elx\/wp-json\/wp\/v2\/posts\/6007","targetHints":{"allow":["GET"]}}],"collection":[{"href":"https:\/\/raval.es\/elx\/wp-json\/wp\/v2\/posts"}],"about":[{"href":"https:\/\/raval.es\/elx\/wp-json\/wp\/v2\/types\/post"}],"author":[{"embeddable":true,"href":"https:\/\/raval.es\/elx\/wp-json\/wp\/v2\/users\/1"}],"replies":[{"embeddable":true,"href":"https:\/\/raval.es\/elx\/wp-json\/wp\/v2\/comments?post=6007"}],"version-history":[{"count":3,"href":"https:\/\/raval.es\/elx\/wp-json\/wp\/v2\/posts\/6007\/revisions"}],"predecessor-version":[{"id":6014,"href":"https:\/\/raval.es\/elx\/wp-json\/wp\/v2\/posts\/6007\/revisions\/6014"}],"wp:featuredmedia":[{"embeddable":true,"href":"https:\/\/raval.es\/elx\/wp-json\/wp\/v2\/media\/6013"}],"wp:attachment":[{"href":"https:\/\/raval.es\/elx\/wp-json\/wp\/v2\/media?parent=6007"}],"wp:term":[{"taxonomy":"category","embeddable":true,"href":"https:\/\/raval.es\/elx\/wp-json\/wp\/v2\/categories?post=6007"},{"taxonomy":"post_tag","embeddable":true,"href":"https:\/\/raval.es\/elx\/wp-json\/wp\/v2\/tags?post=6007"}],"curies":[{"name":"wp","href":"https:\/\/api.w.org\/{rel}","templated":true}]}}