{"id":6041,"date":"2022-09-12T18:55:00","date_gmt":"2022-09-12T18:55:00","guid":{"rendered":"https:\/\/raval.es\/elx\/?p=6041"},"modified":"2022-10-19T09:48:07","modified_gmt":"2022-10-19T09:48:07","slug":"parking-day-2022","status":"publish","type":"post","link":"https:\/\/raval.es\/elx\/parking-day-2022\/","title":{"rendered":"PARKING DAY 2022"},"content":{"rendered":"<div id=\"fb-root\"><\/div>\n<p>[et_pb_section fb_built=\u00bb1&#8243; _builder_version=\u00bb4.14.6&#8243; _module_preset=\u00bbdefault\u00bb global_colors_info=\u00bb{}\u00bb][et_pb_row column_structure=\u00bb1_2,1_2&#8243; _builder_version=\u00bb4.14.6&#8243; _module_preset=\u00bbdefault\u00bb global_colors_info=\u00bb{}\u00bb][et_pb_column type=\u00bb1_2&#8243; _builder_version=\u00bb4.14.6&#8243; _module_preset=\u00bbdefault\u00bb global_colors_info=\u00bb{}\u00bb][et_pb_text _builder_version=\u00bb4.14.6&#8243; _module_preset=\u00bbdefault\u00bb global_colors_info=\u00bb{}\u00bb]<\/p>\n<h3><strong>Qu\u00e8 \u00e9s el P\u00c0RQUING DAY?<\/strong><\/h3>\n<p>El P\u00e0rquing Day \u00e9s un esdeveniment global que se celebra en centenars de ciutats al voltant del m\u00f3n .<\/p>\n<p>Es tracta d&#8217;una acci\u00f3 de sensibilitzaci\u00f3 i reivindicativa, on, de manera temporal, es transformen places p\u00fabliques d&#8217;aparcament de cotxes en parcs, jardins i altres formes d&#8217;espai p\u00fablic, amb l&#8217;objectiu de reivindicar un model de ciutat centrat en les persones i en el medi ambient.<\/p>\n<p>La iniciativa va sorgir en 2005 a la ciutat de San Francisco, promoguda pel col\u00b7lectiu d&#8217;arquitectes Rebar i creix cada any impulsada per governs locals i entitats c\u00edviques de tot el m\u00f3n.<\/p>\n<p>La reivindicaci\u00f3 d&#8217;aquest dia \u00e9s tan clara com assenyada: Necessitem models de ciutat que deixen de centrar-se en el cotxe i situen al vianant, al ciutad\u00e0, com a prioritat. Que fomenten la mobilitat sostenible i creuen espais amigables per a les persones.<\/p>\n<p>A Europa s&#8217;emmarca dins dels actes de la <a href=\"https:\/\/mobilityweek.eu\/home\/\"><strong>Setmana de la Mobilitat<\/strong><\/a>, que reivindica els mitjans de transport alternatius i un model de ciutat que prioritze als ciutadans enfront del cotxe.<\/p>\n<p>Enguany, i sens dubte els pr\u00f2xims, l&#8217;Associaci\u00f3 Ve\u00efnal del Raval i membres de l\u2019Hort de Felip, l&#8217;hort urb\u00e0 ecol\u00f2gic, torna a sumar-se a la iniciativa i estarem el divendres, 16, durant tot el dia, al carrer Filet de Fora, al costat del jard\u00ed Ana Mar\u00eda Drack (front les finques 92-94) mostrant que aqueix altre model de ciutat \u00e9s possible\u2026 i necessari.<\/p>\n<p>Esperem comptar amb la teua pres\u00e8ncia i suport<\/p>\n<p>[\/et_pb_text][et_pb_code _builder_version=\u00bb4.14.6&#8243; _module_preset=\u00bbdefault\u00bb hover_enabled=\u00bb0&#8243; sticky_enabled=\u00bb0&#8243;]<iframe loading=\"lazy\" width=\"560\" height=\"315\" src=\"https:\/\/www.youtube.com\/embed\/9jVp33pFDCA\" title=\"YouTube video player\" frameborder=\"0\" allow=\"accelerometer; autoplay; clipboard-write; encrypted-media; gyroscope; picture-in-picture\" allowfullscreen><\/iframe>[\/et_pb_code][et_pb_image src=\u00bbhttps:\/\/raval.es\/elx\/wp-content\/uploads\/2022\/09\/parkingday1.jpg\u00bb title_text=\u00bbparkingday1&#8243; _builder_version=\u00bb4.14.6&#8243; _module_preset=\u00bbdefault\u00bb global_colors_info=\u00bb{}\u00bb][\/et_pb_image][\/et_pb_column][et_pb_column type=\u00bb1_2&#8243; _builder_version=\u00bb4.14.6&#8243; _module_preset=\u00bbdefault\u00bb global_colors_info=\u00bb{}\u00bb][et_pb_code _builder_version=\u00bb4.14.6&#8243; _module_preset=\u00bbdefault\u00bb global_colors_info=\u00bb{}\u00bb]<iframe loading=\"lazy\" src=\"https:\/\/www.facebook.com\/plugins\/post.php?href=https%3A%2F%2Fwww.facebook.com%2FHortDeFelipElx%2Fposts%2Fpfbid02gpb1paADFAih8LjUgVxQpToVd18NJnLifcduGy1CDm8XDNn3p2ZVwagMXfwgmxcFl&#038;show_text=true&#038;width=500\" width=\"500\" height=\"729\" style=\"border:none;overflow:hidden\" scrolling=\"no\" frameborder=\"0\" allowfullscreen=\"true\" allow=\"autoplay; clipboard-write; encrypted-media; picture-in-picture; web-share\"><\/iframe>[\/et_pb_code][et_pb_code _builder_version=\u00bb4.14.6&#8243; _module_preset=\u00bbdefault\u00bb global_colors_info=\u00bb{}\u00bb]<iframe loading=\"lazy\" src=\"https:\/\/www.facebook.com\/plugins\/post.php?href=https%3A%2F%2Fwww.facebook.com%2FHortDeFelipElx%2Fposts%2Fpfbid022jNnW3GP6VcdogkTgfgRiqgojQa1iLSvNKfYMBMupAQon64KkmmqCBmvip5gR8cUl&#038;show_text=true&#038;width=500\" width=\"500\" height=\"800\" style=\"border:none;overflow:hidden\" scrolling=\"no\" frameborder=\"0\" allowfullscreen=\"true\" allow=\"autoplay; clipboard-write; encrypted-media; picture-in-picture; web-share\"><\/iframe>[\/et_pb_code][\/et_pb_column][\/et_pb_row][\/et_pb_section]<\/p>\n","protected":false},"excerpt":{"rendered":"<p>Vine el divendres, 16 al Filet de Fora a convertir, encara que siga per un dia, els aparcaments en jardins.<\/p>\n","protected":false},"author":1,"featured_media":6052,"comment_status":"closed","ping_status":"open","sticky":false,"template":"","format":"standard","meta":{"_et_pb_use_builder":"on","_et_pb_old_content":"","_et_gb_content_width":"2880","_joinchat":[],"footnotes":""},"categories":[135,64],"tags":[],"class_list":["post-6041","post","type-post","status-publish","format-standard","has-post-thumbnail","hentry","category-135","category-actividades"],"_links":{"self":[{"href":"https:\/\/raval.es\/elx\/wp-json\/wp\/v2\/posts\/6041","targetHints":{"allow":["GET"]}}],"collection":[{"href":"https:\/\/raval.es\/elx\/wp-json\/wp\/v2\/posts"}],"about":[{"href":"https:\/\/raval.es\/elx\/wp-json\/wp\/v2\/types\/post"}],"author":[{"embeddable":true,"href":"https:\/\/raval.es\/elx\/wp-json\/wp\/v2\/users\/1"}],"replies":[{"embeddable":true,"href":"https:\/\/raval.es\/elx\/wp-json\/wp\/v2\/comments?post=6041"}],"version-history":[{"count":8,"href":"https:\/\/raval.es\/elx\/wp-json\/wp\/v2\/posts\/6041\/revisions"}],"predecessor-version":[{"id":6059,"href":"https:\/\/raval.es\/elx\/wp-json\/wp\/v2\/posts\/6041\/revisions\/6059"}],"wp:featuredmedia":[{"embeddable":true,"href":"https:\/\/raval.es\/elx\/wp-json\/wp\/v2\/media\/6052"}],"wp:attachment":[{"href":"https:\/\/raval.es\/elx\/wp-json\/wp\/v2\/media?parent=6041"}],"wp:term":[{"taxonomy":"category","embeddable":true,"href":"https:\/\/raval.es\/elx\/wp-json\/wp\/v2\/categories?post=6041"},{"taxonomy":"post_tag","embeddable":true,"href":"https:\/\/raval.es\/elx\/wp-json\/wp\/v2\/tags?post=6041"}],"curies":[{"name":"wp","href":"https:\/\/api.w.org\/{rel}","templated":true}]}}