{"id":6092,"date":"2022-10-20T16:43:23","date_gmt":"2022-10-20T16:43:23","guid":{"rendered":"https:\/\/raval.es\/elx\/?p=6092"},"modified":"2022-10-24T16:46:28","modified_gmt":"2022-10-24T16:46:28","slug":"sol-pelviaoc22","status":"publish","type":"post","link":"https:\/\/raval.es\/elx\/sol-pelviaoc22\/","title":{"rendered":"Taller: La cura del s\u00f2l p\u00e8lvic"},"content":{"rendered":"<div id=\"fb-root\"><\/div>\n\n[et_pb_section fb_built=\u00bb1&#8243; _builder_version=\u00bb3.22.3&#8243; global_colors_info=\u00bb{}\u00bb][et_pb_row column_structure=\u00bb1_2,1_2&#8243; _builder_version=\u00bb3.25&#8243; background_size=\u00bbinitial\u00bb background_position=\u00bbtop_left\u00bb background_repeat=\u00bbrepeat\u00bb global_colors_info=\u00bb{}\u00bb][et_pb_column type=\u00bb1_2&#8243; _builder_version=\u00bb3.25&#8243; custom_padding=\u00bb|||\u00bb global_colors_info=\u00bb{}\u00bb custom_padding__hover=\u00bb|||\u00bb][et_pb_image src=\u00bbhttps:\/\/raval.es\/elx\/wp-content\/uploads\/2022\/05\/suelo-pelvico-fisioterapia.jpg\u00bb title_text=\u00bbsuelo-pelvico-fisioterapia\u00bb show_in_lightbox=\u00bbon\u00bb _builder_version=\u00bb4.14.6&#8243; _module_preset=\u00bbdefault\u00bb global_colors_info=\u00bb{}\u00bb][\/et_pb_image][et_pb_image src=\u00bbhttps:\/\/raval.es\/elx\/wp-content\/uploads\/2022\/05\/MARGA-PICO.jpg\u00bb title_text=\u00bbMARGA-PICO\u00bb show_in_lightbox=\u00bbon\u00bb _builder_version=\u00bb4.14.6&#8243; _module_preset=\u00bbdefault\u00bb global_colors_info=\u00bb{}\u00bb][\/et_pb_image][\/et_pb_column][et_pb_column type=\u00bb1_2&#8243; _builder_version=\u00bb3.25&#8243; custom_padding=\u00bb|||\u00bb global_colors_info=\u00bb{}\u00bb custom_padding__hover=\u00bb|||\u00bb][et_pb_text _builder_version=\u00bb4.14.6&#8243; background_size=\u00bbinitial\u00bb background_position=\u00bbtop_left\u00bb background_repeat=\u00bbrepeat\u00bb hover_enabled=\u00bb0&#8243; use_border_color=\u00bboff\u00bb global_colors_info=\u00bb{}\u00bb sticky_enabled=\u00bb0&#8243;]<h3><em><strong>1Cuida el teu s\u00f2l pelvi\u00e0.<\/strong><\/em><span><br \/><\/span><\/h3>\n<p>En aquesta xarrada, coneix(er\u00e0s) i apr\u00e9n(dr\u00e0s) a cuidar millor el teu s\u00f2l pelvi\u00e0<\/p>\n<p>Impartit per <strong>Marga Pic\u00f3<\/strong>, fisioterapeuta que imparteix sessions i classes de s\u00f2l pelvi\u00e0 en la seua cl\u00ednica del Raval, on treballa la fisioter\u00e0pia obst\u00e8trica i Uroginecol\u00f2gica, per a fomentar la salut femenina.<\/p>\n<p><span>Diumenge 16 d&#8217;octubre<br \/>De 11h.<br \/><\/span><span>Hort de Felip<\/span><span><\/span><span><\/span><\/p>[\/et_pb_text][et_pb_image src=\u00bbhttps:\/\/raval.es\/elx\/wp-content\/uploads\/2022\/05\/tarjetamarga.jpg\u00bb title_text=\u00bbtarjetamarga\u00bb url=\u00bbhttps:\/\/www.facebook.com\/FisioterpiaMargaPico\u00bb url_new_window=\u00bbon\u00bb _builder_version=\u00bb4.14.6&#8243; _module_preset=\u00bbdefault\u00bb global_colors_info=\u00bb{}\u00bb][\/et_pb_image][\/et_pb_column][\/et_pb_row][et_pb_row column_structure=\u00bb1_3,1_3,1_3&#8243; _builder_version=\u00bb3.25&#8243; background_size=\u00bbinitial\u00bb background_position=\u00bbtop_left\u00bb background_repeat=\u00bbrepeat\u00bb global_colors_info=\u00bb{}\u00bb][et_pb_column type=\u00bb1_3&#8243; _builder_version=\u00bb3.25&#8243; custom_padding=\u00bb|||\u00bb global_colors_info=\u00bb{}\u00bb custom_padding__hover=\u00bb|||\u00bb][et_pb_image src=\u00bbhttp:\/\/raval.es\/elx\/wp-content\/uploads\/2018\/10\/AV-logo.png\u00bb align_tablet=\u00bbcenter\u00bb align_phone=\u00bb\u00bb align_last_edited=\u00bbon|desktop\u00bb _builder_version=\u00bb3.23&#8243; global_colors_info=\u00bb{}\u00bb][\/et_pb_image][\/et_pb_column][et_pb_column type=\u00bb1_3&#8243; _builder_version=\u00bb3.25&#8243; custom_padding=\u00bb|||\u00bb global_colors_info=\u00bb{}\u00bb custom_padding__hover=\u00bb|||\u00bb][et_pb_image src=\u00bbhttp:\/\/raval.es\/elx\/wp-content\/uploads\/2018\/10\/GVAlogo.png\u00bb _builder_version=\u00bb3.24&#8243; global_colors_info=\u00bb{}\u00bb][\/et_pb_image][\/et_pb_column][et_pb_column type=\u00bb1_3&#8243; _builder_version=\u00bb4.6.6&#8243; _module_preset=\u00bbdefault\u00bb global_colors_info=\u00bb{}\u00bb][et_pb_image src=\u00bbhttps:\/\/raval.es\/elx\/wp-content\/uploads\/2022\/02\/RegidoriaMediAmbient.jpg\u00bb title_text=\u00bbRegidoriaMediAmbient\u00bb align_tablet=\u00bbcenter\u00bb align_phone=\u00bb\u00bb align_last_edited=\u00bbon|desktop\u00bb _builder_version=\u00bb4.14.6&#8243; global_colors_info=\u00bb{}\u00bb][\/et_pb_image][\/et_pb_column][\/et_pb_row][\/et_pb_section]\n","protected":false},"excerpt":{"rendered":"<p>Cuida el teu s\u00f2l pelvi\u00e2<br \/>\nDiumenge 23, 11:00h Hort de Felip<br \/>\nAmb Marga Pic\u00f3, Fisioterapeuta<\/p>\n","protected":false},"author":1,"featured_media":5780,"comment_status":"closed","ping_status":"open","sticky":false,"template":"","format":"standard","meta":{"_et_pb_use_builder":"on","_et_pb_old_content":"","_et_gb_content_width":"","_joinchat":[],"footnotes":""},"categories":[135,64,136],"tags":[],"class_list":["post-6092","post","type-post","status-publish","format-standard","has-post-thumbnail","hentry","category-135","category-actividades","category-hort-de-felip"],"_links":{"self":[{"href":"https:\/\/raval.es\/elx\/wp-json\/wp\/v2\/posts\/6092","targetHints":{"allow":["GET"]}}],"collection":[{"href":"https:\/\/raval.es\/elx\/wp-json\/wp\/v2\/posts"}],"about":[{"href":"https:\/\/raval.es\/elx\/wp-json\/wp\/v2\/types\/post"}],"author":[{"embeddable":true,"href":"https:\/\/raval.es\/elx\/wp-json\/wp\/v2\/users\/1"}],"replies":[{"embeddable":true,"href":"https:\/\/raval.es\/elx\/wp-json\/wp\/v2\/comments?post=6092"}],"version-history":[{"count":3,"href":"https:\/\/raval.es\/elx\/wp-json\/wp\/v2\/posts\/6092\/revisions"}],"predecessor-version":[{"id":6096,"href":"https:\/\/raval.es\/elx\/wp-json\/wp\/v2\/posts\/6092\/revisions\/6096"}],"wp:featuredmedia":[{"embeddable":true,"href":"https:\/\/raval.es\/elx\/wp-json\/wp\/v2\/media\/5780"}],"wp:attachment":[{"href":"https:\/\/raval.es\/elx\/wp-json\/wp\/v2\/media?parent=6092"}],"wp:term":[{"taxonomy":"category","embeddable":true,"href":"https:\/\/raval.es\/elx\/wp-json\/wp\/v2\/categories?post=6092"},{"taxonomy":"post_tag","embeddable":true,"href":"https:\/\/raval.es\/elx\/wp-json\/wp\/v2\/tags?post=6092"}],"curies":[{"name":"wp","href":"https:\/\/api.w.org\/{rel}","templated":true}]}}