{"id":6118,"date":"2022-11-01T21:01:00","date_gmt":"2022-11-01T21:01:00","guid":{"rendered":"https:\/\/raval.es\/elx\/?p=6118"},"modified":"2022-11-14T18:37:03","modified_gmt":"2022-11-14T18:37:03","slug":"titirilandia22","status":"publish","type":"post","link":"https:\/\/raval.es\/elx\/titirilandia22\/","title":{"rendered":"TITIRILANDIA SE CONGELA"},"content":{"rendered":"<div id=\"fb-root\"><\/div>\n\n[et_pb_section fb_built=\u00bb1&#8243; _builder_version=\u00bb4.16&#8243; global_colors_info=\u00bb{}\u00bb][et_pb_row column_structure=\u00bb2_5,3_5&#8243; _builder_version=\u00bb4.16&#8243; background_size=\u00bbinitial\u00bb background_position=\u00bbtop_left\u00bb background_repeat=\u00bbrepeat\u00bb global_colors_info=\u00bb{}\u00bb][et_pb_column type=\u00bb2_5&#8243; _builder_version=\u00bb4.16&#8243; custom_padding=\u00bb|||\u00bb global_colors_info=\u00bb{}\u00bb custom_padding__hover=\u00bb|||\u00bb][et_pb_text _builder_version=\u00bb4.18.0&#8243; background_size=\u00bbinitial\u00bb background_position=\u00bbtop_left\u00bb background_repeat=\u00bbrepeat\u00bb hover_enabled=\u00bb0&#8243; global_colors_info=\u00bb{}\u00bb sticky_enabled=\u00bb0&#8243;]<!-- divi:paragraph --><span class=\"gvxzyvdx aeinzg81 t7p7dqev gh25dzvf tb6i94ri gupuyl1y i2onq4tn b6ax4al1 gem102v4 ncib64c9 mrvwc6qr sx8pxkcf f597kf1v cpcgwwas m2nijcs8 hxfwr5lz k1z55t6l oog5qr5w tes86rjd pbevjfx6\" dir=\"auto\"><\/span>\n<p>&nbsp;<\/p>\n<div class=\"x1yztbdb\">\n<div class=\"x78zum5 x1n2onr6 xh8yej3\">\n<div style=\"border-radius: max(0px, min(8px, -999900% - 39996px + 999900vw)) \/ 8px;\" class=\"x9f619 x1n2onr6 x1ja2u2z x2bj2ny x1qpq9i9 xdney7k xu5ydu1 xt3gfkd xh8yej3 x6ikm8r x10wlt62 xquyuld\">\n<div class=\"xyamay9 x1l90r2v\">\n<div class=\"x1swvt13 x1pi30zi\">\n<div class=\"x1ni5s2d\">\n<div class=\"x11i5rnm xat24cr x1mh8g0r x1vvkbs xtlvy1s\">\n<div id=\"comp-k9hcixtu\" class=\"_1ncY2\">\n<div class=\"_13Lxq\" data-testid=\"container-bg\"><\/div>\n<div data-mesh-id=\"comp-k9hcixtuinlineContent\" data-testid=\"inline-content\" class=\"\">\n<div data-mesh-id=\"comp-k9hcixtuinlineContent-gridContainer\" data-testid=\"mesh-container-content\">\n<div id=\"comp-k9hcixvc\" class=\"_1Q9if _3bcaz\" data-testid=\"richTextElement\"><\/div>\n<div id=\"comp-k9hcixve\" class=\"_1Q9if _3bcaz\" data-testid=\"richTextElement\">\n<p class=\"font_8\" style=\"font-size: 14px; text-align: justify;\"><span style=\"font-size: 14px;\"><span style=\"font-family: proxima-n-w01-reg,sans-serif;\"><span style=\"font-style: normal;\">En el pa\u00eds de Titirilandia, el clima se ha alterado. Los veranos son helados y los inviernos congelados.<\/span><\/span><\/span><\/p>\n<p class=\"font_8\" style=\"font-size: 14px; text-align: justify;\"><span style=\"font-size: 14px;\"><span style=\"font-family: proxima-n-w01-reg,sans-serif;\"><span style=\"font-style: normal;\">En Titirilandia ya no quedan \u00e1rboles para dar calor. Todav\u00eda nadie ha inventado la calefacci\u00f3n. Pero hay un bosque en los alrededores. Un bosque con muchas leyendas de seres fant\u00e1sticos y sucesos asombrosos al que nadie se atreve a entrar .<\/span><\/span><\/span><\/p>\n<p class=\"font_8\" style=\"font-size: 14px; text-align: justify;\"><span style=\"font-size: 14px;\"><span style=\"font-family: proxima-n-w01-reg,sans-serif;\"><span style=\"font-style: normal;\">\u00bfSer\u00e1 la soluci\u00f3n entrar en el bosque m\u00e1gico y cortar los \u00faltimos \u00e1rboles que quedan? \u00bfqu\u00e9 ocurrir\u00e1 cuando se agoten? \u00bfse atrever\u00e1 alguien a entrar en el bosque encantado?<\/span><\/span><\/span><\/p>\n<p class=\"font_8\" style=\"font-size: 14px; text-align: justify;\"><\/p>\n<p class=\"font_8\" style=\"font-size: 14px; text-align: justify;\"><span style=\"font-size: 14px;\"><span style=\"font-family: proxima-n-w01-reg,sans-serif;\"><span style=\"font-style: normal;\">\u201c\u00a1Titirilandia se congela!\u201d es un espect\u00e1culo de t\u00edteres con dulces pinceladas musicales y originales mezclas de participaci\u00f3n. En esta obra pretendemos reforzar la necesidad de reciclar. A trav\u00e9s de la fantas\u00eda y la magia del teatro intentamos ense\u00f1ar que es muy importante la conservaci\u00f3n de la naturaleza y que si no protegemos la vida natural, aportando nuestro granito de arena, el mundo pronto se quedar\u00e1 sin recursos naturales, por que al fin y al cabo, quien tiene la \u00faltima palabra es la madre naturaleza.<\/span><\/span><\/span><\/p>\n<\/div>\n<\/div>\n<\/div>\n<\/div>\n<p><span class=\"x193iq5w xeuugli x13faqbe x1vvkbs xlh3980 xvmahel x1n0sxbx x1lliihq x1s928wv xhkezso x1gmr53x x1cpjm7i x1fgarty x1943h6x x4zkp8e x676frb x1nxh6w3 x1sibtaa x1s688f xzsf02u\" dir=\"auto\"><\/span><span class=\"gvxzyvdx aeinzg81 t7p7dqev gh25dzvf tb6i94ri gupuyl1y i2onq4tn b6ax4al1 gem102v4 ncib64c9 mrvwc6qr sx8pxkcf f597kf1v cpcgwwas m2nijcs8 hxfwr5lz k1z55t6l oog5qr5w tes86rjd pbevjfx6\" dir=\"auto\"><\/span><\/p>\n<\/div>\n<\/div>\n<\/div>\n<\/div>\n<\/div>\n<\/div>\n<\/div>\n<!-- \/divi:paragraph --><!-- divi:image {\"id\":5377,\"sizeSlug\":\"full\",\"linkDestination\":\"none\"} --><!-- \/divi:image -->[\/et_pb_text][\/et_pb_column][et_pb_column type=\u00bb3_5&#8243; _builder_version=\u00bb4.16&#8243; _module_preset=\u00bbdefault\u00bb global_colors_info=\u00bb{}\u00bb][et_pb_image src=\u00bbhttps:\/\/raval.es\/elx\/wp-content\/uploads\/2022\/11\/tirilandia-secongela.jpg\u00bb title_text=\u00bbtirilandia-secongela\u00bb _builder_version=\u00bb4.18.0&#8243; _module_preset=\u00bbdefault\u00bb hover_enabled=\u00bb0&#8243; global_colors_info=\u00bb{}\u00bb sticky_enabled=\u00bb0&#8243;][\/et_pb_image][et_pb_code _builder_version=\u00bb4.18.0&#8243; _module_preset=\u00bbdefault\u00bb hover_enabled=\u00bb0&#8243; global_colors_info=\u00bb{}\u00bb sticky_enabled=\u00bb0&#8243;]<iframe loading=\"lazy\" width=\"560\" height=\"315\" src=\"https:\/\/www.youtube.com\/embed\/SFF2IwysCek\" title=\"YouTube video player\" frameborder=\"0\" allow=\"accelerometer; autoplay; clipboard-write; encrypted-media; gyroscope; picture-in-picture\" allowfullscreen><\/iframe>[\/et_pb_code][\/et_pb_column][\/et_pb_row][et_pb_row _builder_version=\u00bb4.18.0&#8243; _module_preset=\u00bbdefault\u00bb][et_pb_column _builder_version=\u00bb4.18.0&#8243; _module_preset=\u00bbdefault\u00bb type=\u00bb4_4&#8243;][et_pb_text _builder_version=\u00bb4.18.0&#8243; _module_preset=\u00bbdefault\u00bb hover_enabled=\u00bb0&#8243; sticky_enabled=\u00bb0&#8243;]<p style=\"text-align: center;\"><img loading=\"lazy\" decoding=\"async\" src=\"https:\/\/raval.es\/elx\/wp-content\/uploads\/2021\/08\/AVRAVAL-logocapWP-300x134.png\" alt=\"\" class=\"wp-image-4955 alignnone size-medium\" width=\"150\" height=\"67\" \/> \u00a0 \u00a0 \u00a0 \u00a0 \u00a0\u00a0 <img loading=\"lazy\" decoding=\"async\" src=\"https:\/\/raval.es\/elx\/wp-content\/uploads\/2017\/06\/elx-cultura.png\" alt=\"\" class=\"wp-image-1460 alignnone size-full\" width=\"142\" height=\"58\" \/><\/p>[\/et_pb_text][\/et_pb_column][\/et_pb_row][\/et_pb_section]\n","protected":false},"excerpt":{"rendered":"<p>Diumenge, 6, 12:00h a la Pla\u00e7a Major del Raval, Teatre infanfil amb Trebol Teatro<\/p>\n","protected":false},"author":1,"featured_media":6120,"comment_status":"closed","ping_status":"open","sticky":false,"template":"","format":"standard","meta":{"_et_pb_use_builder":"on","_et_pb_old_content":"","_et_gb_content_width":"793","_joinchat":[],"footnotes":""},"categories":[135,64],"tags":[],"class_list":["post-6118","post","type-post","status-publish","format-standard","has-post-thumbnail","hentry","category-135","category-actividades"],"_links":{"self":[{"href":"https:\/\/raval.es\/elx\/wp-json\/wp\/v2\/posts\/6118","targetHints":{"allow":["GET"]}}],"collection":[{"href":"https:\/\/raval.es\/elx\/wp-json\/wp\/v2\/posts"}],"about":[{"href":"https:\/\/raval.es\/elx\/wp-json\/wp\/v2\/types\/post"}],"author":[{"embeddable":true,"href":"https:\/\/raval.es\/elx\/wp-json\/wp\/v2\/users\/1"}],"replies":[{"embeddable":true,"href":"https:\/\/raval.es\/elx\/wp-json\/wp\/v2\/comments?post=6118"}],"version-history":[{"count":4,"href":"https:\/\/raval.es\/elx\/wp-json\/wp\/v2\/posts\/6118\/revisions"}],"predecessor-version":[{"id":6125,"href":"https:\/\/raval.es\/elx\/wp-json\/wp\/v2\/posts\/6118\/revisions\/6125"}],"wp:featuredmedia":[{"embeddable":true,"href":"https:\/\/raval.es\/elx\/wp-json\/wp\/v2\/media\/6120"}],"wp:attachment":[{"href":"https:\/\/raval.es\/elx\/wp-json\/wp\/v2\/media?parent=6118"}],"wp:term":[{"taxonomy":"category","embeddable":true,"href":"https:\/\/raval.es\/elx\/wp-json\/wp\/v2\/categories?post=6118"},{"taxonomy":"post_tag","embeddable":true,"href":"https:\/\/raval.es\/elx\/wp-json\/wp\/v2\/tags?post=6118"}],"curies":[{"name":"wp","href":"https:\/\/api.w.org\/{rel}","templated":true}]}}