{"id":6208,"date":"2023-02-07T21:07:38","date_gmt":"2023-02-07T21:07:38","guid":{"rendered":"https:\/\/raval.es\/elx\/?p=6208"},"modified":"2023-02-07T21:27:53","modified_gmt":"2023-02-07T21:27:53","slug":"ampliahdf","status":"publish","type":"post","link":"https:\/\/raval.es\/elx\/ampliahdf\/","title":{"rendered":"Ampliaci\u00f3 de l&#8217;Hort de Felip"},"content":{"rendered":"<div id=\"fb-root\"><\/div>\n\n[et_pb_section fb_built=\u00bb1&#8243; _builder_version=\u00bb4.16&#8243; _module_preset=\u00bbdefault\u00bb global_colors_info=\u00bb{}\u00bb][et_pb_row column_structure=\u00bb1_2,1_2&#8243; _builder_version=\u00bb4.16&#8243; _module_preset=\u00bbdefault\u00bb global_colors_info=\u00bb{}\u00bb][et_pb_column type=\u00bb1_2&#8243; _builder_version=\u00bb4.16&#8243; _module_preset=\u00bbdefault\u00bb global_colors_info=\u00bb{}\u00bb][et_pb_text _builder_version=\u00bb4.18.0&#8243; _module_preset=\u00bbdefault\u00bb hover_enabled=\u00bb0&#8243; global_colors_info=\u00bb{}\u00bb sticky_enabled=\u00bb0&#8243;]<p>El 6 de febrer es va presentar el projecte d&#8217;ampliaci\u00f3 de l&#8217;Hort de Felip, l&#8217;horta urbana, educativa i social juntament amb Esther D\u00edez i els t\u00e8cnics de l&#8217;Ajuntament d&#8217;Elx, completant els acords en el conveni amb l&#8217;Associaci\u00f3 Ve\u00efnal Raval <br \/>Els objectius s\u00f3n dotar de vida al palmerar, el nostre patrimoni, aconseguir fer realitat en Elx els objectius de desenvolupament sostenible (ODS) per a #*Agenda2030 , fomentar l&#8217;\u00fas agr\u00edcola del palmerar i la dinamitzaci\u00f3 social. L&#8217;Hort de Felip t\u00e9 un perfil consolidat com a espai formatiu i educatiu.<br \/>Aquesta 2\u00b0 fase es completa amb:<br \/>_ 34 micro parcel\u00b7les (1\u00b0 fase van ser 37)<br \/>_ El pavell\u00f3 de fusta (lavabos i magatzem)<br \/>_ 5 bancades de cultiu adaptades<br \/>_ 16 composteres <br \/>_ Hivernacle<br \/>A final 2023 comen\u00e7aran les obres.<br \/>La 1\u00b0 fase va comen\u00e7ar a meitat de 2020 amb les obres en l&#8217;hort. Va haver-hi una aturada per la pand\u00e8mia, i va ser una de les primeres obres que es van activar. <br \/>El 3 de mar\u00e7 de 2021 l&#8217;Associaci\u00f3 Ve\u00efnal Raval va signar el conveni i, posteriorment, els assignataris que van obtindre parcel\u00b7la van signar el 30 d&#8217;abril del 2021. S\u00f3n 3 anys d&#8217;\u00fas de parcel\u00b7la i tornaran a eixir a concurs i a sorteig.<\/p>[\/et_pb_text][et_pb_code _builder_version=\u00bb4.18.0&#8243; _module_preset=\u00bbdefault\u00bb hover_enabled=\u00bb0&#8243; sticky_enabled=\u00bb0&#8243;]\n<!-- iframe plugin v.6.0 wordpress.org\/plugins\/iframe\/ -->\n<iframe loading=\"lazy\" src=\"https:\/\/www.elche.es\/2023\/02\/medio-ambiente-invertira-249-277-euros-en-la-ampliacion-del-huerto-urbano-de-felip-y-pondra-a-disposicion-de-los-vecinos-6-200-metros-cuadrados-mas-de-terreno-para-el-cultivo-ecologico\/?fbclid=IwAR0TXdzKsLbunneyW6art6miNdXWieDTcPdR6fXilMXDcIpQLdO077_Wtic\" width=\"100%\" height=\"500\" scrolling=\"yes\" class=\"iframe-class\" frameborder=\"0\"><\/iframe>\n[\/et_pb_code][\/et_pb_column][et_pb_column type=\u00bb1_2&#8243; _builder_version=\u00bb4.16&#8243; _module_preset=\u00bbdefault\u00bb global_colors_info=\u00bb{}\u00bb][et_pb_image src=\u00bbhttps:\/\/raval.es\/elx\/wp-content\/uploads\/2023\/02\/HdFampliacio1.jpg\u00bb _builder_version=\u00bb4.18.0&#8243; _module_preset=\u00bbdefault\u00bb hover_enabled=\u00bb0&#8243; sticky_enabled=\u00bb0&#8243; title_text=\u00bbHdFampliacio1&#8243; show_in_lightbox=\u00bbon\u00bb][\/et_pb_image][et_pb_image src=\u00bbhttps:\/\/raval.es\/elx\/wp-content\/uploads\/2023\/02\/HdFampliacio2.jpg\u00bb _builder_version=\u00bb4.18.0&#8243; _module_preset=\u00bbdefault\u00bb hover_enabled=\u00bb0&#8243; sticky_enabled=\u00bb0&#8243; title_text=\u00bbHdFampliacio2&#8243;][\/et_pb_image][et_pb_image src=\u00bbhttps:\/\/raval.es\/elx\/wp-content\/uploads\/2023\/02\/HdFampliacio3.jpg\u00bb _builder_version=\u00bb4.18.0&#8243; _module_preset=\u00bbdefault\u00bb hover_enabled=\u00bb0&#8243; sticky_enabled=\u00bb0&#8243; title_text=\u00bbHdFampliacio3&#8243;][\/et_pb_image][\/et_pb_column][\/et_pb_row][\/et_pb_section]\n","protected":false},"excerpt":{"rendered":"<p>L&#8217;Ajuntament invertir\u00e0 249.277 euros en l&#8217;ampliaci\u00f3 de l&#8217;Hort Urb\u00e0 de Felip amb 6.200 m2 m\u00e9s de terreny per al cultiu ecol\u00f2gic<\/p>\n","protected":false},"author":1,"featured_media":6212,"comment_status":"closed","ping_status":"open","sticky":false,"template":"","format":"standard","meta":{"_et_pb_use_builder":"on","_et_pb_old_content":"","_et_gb_content_width":"1080","_joinchat":[],"footnotes":""},"categories":[51],"tags":[],"class_list":["post-6208","post","type-post","status-publish","format-standard","has-post-thumbnail","hentry","category-noticias"],"_links":{"self":[{"href":"https:\/\/raval.es\/elx\/wp-json\/wp\/v2\/posts\/6208","targetHints":{"allow":["GET"]}}],"collection":[{"href":"https:\/\/raval.es\/elx\/wp-json\/wp\/v2\/posts"}],"about":[{"href":"https:\/\/raval.es\/elx\/wp-json\/wp\/v2\/types\/post"}],"author":[{"embeddable":true,"href":"https:\/\/raval.es\/elx\/wp-json\/wp\/v2\/users\/1"}],"replies":[{"embeddable":true,"href":"https:\/\/raval.es\/elx\/wp-json\/wp\/v2\/comments?post=6208"}],"version-history":[{"count":3,"href":"https:\/\/raval.es\/elx\/wp-json\/wp\/v2\/posts\/6208\/revisions"}],"predecessor-version":[{"id":6215,"href":"https:\/\/raval.es\/elx\/wp-json\/wp\/v2\/posts\/6208\/revisions\/6215"}],"wp:featuredmedia":[{"embeddable":true,"href":"https:\/\/raval.es\/elx\/wp-json\/wp\/v2\/media\/6212"}],"wp:attachment":[{"href":"https:\/\/raval.es\/elx\/wp-json\/wp\/v2\/media?parent=6208"}],"wp:term":[{"taxonomy":"category","embeddable":true,"href":"https:\/\/raval.es\/elx\/wp-json\/wp\/v2\/categories?post=6208"},{"taxonomy":"post_tag","embeddable":true,"href":"https:\/\/raval.es\/elx\/wp-json\/wp\/v2\/tags?post=6208"}],"curies":[{"name":"wp","href":"https:\/\/api.w.org\/{rel}","templated":true}]}}