{"id":6306,"date":"2023-04-17T17:09:00","date_gmt":"2023-04-17T17:09:00","guid":{"rendered":"https:\/\/raval.es\/elx\/?p=6306"},"modified":"2023-08-22T12:13:28","modified_gmt":"2023-08-22T12:13:28","slug":"balconades23","status":"publish","type":"post","link":"https:\/\/raval.es\/elx\/balconades23\/","title":{"rendered":"Bases Balconades al Raval 2023"},"content":{"rendered":"<div id=\"fb-root\"><\/div>\n<p>[et_pb_section fb_built=\u00bb1&#8243; _builder_version=\u00bb4.16&#8243; global_colors_info=\u00bb{}\u00bb][et_pb_row _builder_version=\u00bb4.16&#8243; _module_preset=\u00bbdefault\u00bb global_colors_info=\u00bb{}\u00bb][et_pb_column type=\u00bb4_4&#8243; _builder_version=\u00bb4.16&#8243; _module_preset=\u00bbdefault\u00bb global_colors_info=\u00bb{}\u00bb][et_pb_text _builder_version=\u00bb4.18.0&#8243; _module_preset=\u00bbdefault\u00bb global_colors_info=\u00bb{}\u00bb]<\/p>\n<p style=\"text-align: center;\"><a href=\"https:\/\/raval.es\/dox\/publicacions\/BalconadesAlRaval2023.pdf\"><strong><\/strong><\/a><\/p>\n<table style=\"border-collapse: collapse; width: 100%; height: 96px;\" border=\"1\">\n<tbody>\n<tr style=\"height: 24px;\">\n<td style=\"width: 50%; height: 24px;\"><\/td>\n<td style=\"width: 50%; height: 96px;\" rowspan=\"3\"><img loading=\"lazy\" decoding=\"async\" src=\"https:\/\/raval.es\/elx\/wp-content\/uploads\/2023\/03\/Balconades23-280x300.jpg\" alt=\"\" class=\"wp-image-6327 alignnone size-medium\" width=\"109\" height=\"113\" \/><\/td>\n<\/tr>\n<tr style=\"height: 48px;\">\n<td style=\"width: 50%; text-align: right; height: 48px;\"><a href=\"https:\/\/raval.es\/dox\/publicacions\/BalconadesAlRaval2023.pdf\"><strong>OBRI I\/O DESCARREGA LA VERSI\u00d3 RESUMIDA EN PDF\u00a0<\/strong><\/a><\/td>\n<\/tr>\n<tr style=\"height: 24px;\">\n<td style=\"width: 50%; height: 24px;\"><\/td>\n<\/tr>\n<\/tbody>\n<\/table>\n<p>[\/et_pb_text][\/et_pb_column][\/et_pb_row][et_pb_row column_structure=\u00bb1_2,1_2&#8243; _builder_version=\u00bb4.16&#8243; background_size=\u00bbinitial\u00bb background_position=\u00bbtop_left\u00bb background_repeat=\u00bbrepeat\u00bb global_colors_info=\u00bb{}\u00bb][et_pb_column type=\u00bb1_2&#8243; _builder_version=\u00bb4.16&#8243; custom_padding=\u00bb|||\u00bb global_colors_info=\u00bb{}\u00bb custom_padding__hover=\u00bb|||\u00bb][et_pb_image src=\u00bbhttps:\/\/raval.es\/elx\/wp-content\/uploads\/2023\/03\/Balconadas2023.jpg\u00bb title_text=\u00bbBalconadas2023&#8243; _builder_version=\u00bb4.18.0&#8243; _module_preset=\u00bbdefault\u00bb global_colors_info=\u00bb{}\u00bb][\/et_pb_image][et_pb_text _builder_version=\u00bb4.18.0&#8243; global_colors_info=\u00bb{}\u00bb]<\/p>\n<h4 style=\"text-align: center;\"><b>CONVOCATORIA DEL II CERTAMEN DE PINTURA<br \/><em>\u00abBALCONADAS AL RAVAL 2023\u00bb<\/em><\/b><\/h4>\n<p><em><span style=\"font-weight: 400;\">Organizado por la <\/span><b>Associaci\u00f3 Ve\u00efnal Raval d&#8217;Elx<\/b><span style=\"font-weight: 400;\">, gestionado por los artistas <\/span><b>Tonia Baeza<\/b><span style=\"font-weight: 400;\">, <\/span><b>Pepe Ros<\/b><span style=\"font-weight: 400;\"> y <\/span><b>\u00c1ngel Casta\u00f1o<\/b><span style=\"font-weight: 400;\">.<\/span><\/em><\/p>\n<p>&nbsp;<\/p>\n<p><b>BASES DE LA CONVOCATORIA<\/b><\/p>\n<p><b><\/b><\/p>\n<ul>\n<li aria-level=\"1\"><b>Participantes<\/b><b>:<\/b><\/li>\n<\/ul>\n<ol>\n<li style=\"font-weight: 400;\" aria-level=\"1\"><span style=\"font-weight: 400;\">Podr\u00e1n participar en el concurso todos los <\/span><b>artistas<\/b><span style=\"font-weight: 400;\">, mayores de edad, sin distinci\u00f3n de nacionalidad.<\/span><\/li>\n<li style=\"font-weight: 400;\" aria-level=\"1\"><span style=\"font-weight: 400;\">Se podr\u00e1 participar <\/span><b>individual o colectivamente<\/b><span style=\"font-weight: 400;\">.\u00a0<\/span><\/li>\n<li style=\"font-weight: 400;\" aria-level=\"1\"><span style=\"font-weight: 400;\">Cada artista podr\u00e1 presentar <\/span><b>una sola obra<\/b><span style=\"font-weight: 400;\"> que deber\u00e1 de ser de su autor\u00eda.\u00a0<\/span><\/li>\n<\/ol>\n<p><b><\/b><\/p>\n<ul>\n<li aria-level=\"1\"><b>Caracter\u00edsticas de las obras<\/b><b>:<\/b><\/li>\n<\/ul>\n<p><span style=\"font-weight: 400;\">Para poder participar en el Certamen las obras que se presenten tienen que reunir las siguientes <\/span><b>caracter\u00edsticas<\/b><span style=\"font-weight: 400;\">:\u00a0<\/span><\/p>\n<ol>\n<ol>\n<li style=\"font-weight: 400;\" aria-level=\"2\"><span style=\"font-weight: 400;\">Deben ser <\/span><b>originales<\/b><span style=\"font-weight: 400;\"> y no deben haber sido presentadas ni premiadas en ning\u00fan otro concurso o certamen anterior.<\/span><\/li>\n<li style=\"font-weight: 400;\" aria-level=\"2\"><span style=\"font-weight: 400;\">La <\/span><b>t\u00e9cnica y el estilo ser\u00e1 libre<\/b><span style=\"font-weight: 400;\">. No se admitir\u00e1n obras fotogr\u00e1ficas ni digitales.<\/span><\/li>\n<li style=\"font-weight: 400;\" aria-level=\"2\"><span style=\"font-weight: 400;\">La <\/span><b>tem\u00e1tica<\/b><span style=\"font-weight: 400;\"> versar\u00e1 sobre <\/span>el <strong>Arte Contempor\u00e1neo (desde el Impresionismo a la actualidad), sobre las obras de sus artistas, reinterpret\u00e1ndolas o realizando un gui\u00f1o a un estilo pict\u00f3rico de la \u00e9poca<\/strong>.<\/li>\n<li style=\"font-weight: 400;\" aria-level=\"2\"><span style=\"font-weight: 400;\">Tendr\u00e1n un soporte flexible (lienzo, loneta, pl\u00e1stico, etc.) sin partes r\u00edgidas que puedan cuartearse o desprenderse por la acci\u00f3n del viento o por su exposici\u00f3n a la intemperie.<\/span><\/li>\n<li style=\"font-weight: 400;\" aria-level=\"2\"><span style=\"font-weight: 400;\">Los productos que se utilicen deben ser inalterables por la acci\u00f3n del sol, del viento y del agua.<\/span><\/li>\n<li style=\"font-weight: 400;\" aria-level=\"2\"><span style=\"font-weight: 400;\">La realizaci\u00f3n de la obra <\/span>deber\u00e1 ser <strong><u>vertical<\/u><\/strong>, cuyas <strong>medidas aproximadas ser\u00e1n 160 cm. de largo y 120 cm. de ancho.<\/strong> debiendo se\u00f1alar con una flecha, en la parte trasera, cual es la parte superior para facilitar a la organizaci\u00f3n su colgado. <strong>Llevar\u00e1n tres o cuatro agujeros en la parte superior<\/strong> (con ojales met\u00e1licos o con cintas cosidas) y <strong>un agujero a cada lado o cinta<\/strong>, para mejor sujeci\u00f3n.<\/li>\n<li style=\"font-weight: 400;\" aria-level=\"2\"><span style=\"font-weight: 400;\">Las obras se presentar\u00e1n sin enmarcar, sin bastidores, barras, etc. y llevar\u00e1n <\/span><b>al dorso un lema o t\u00edtulo<\/b><span style=\"font-weight: 400;\">.\u00a0<\/span><\/li>\n<li style=\"font-weight: 400;\" aria-level=\"2\"><span style=\"font-weight: 400;\">Cada artista aportar\u00e1 junto con la obra, un <\/span><b>sobre cerrado<\/b><span style=\"font-weight: 400;\"> con el <\/span><b>lema o t\u00edtulo<\/b><span style=\"font-weight: 400;\"> que debe incluir: los datos del artista, fotocopia del DNI, o documento que lo sustituya en el caso de ser extranjero, ficha t\u00e9cnica de la obra con su imagen, breve curr\u00edculum, email y tel\u00e9fono del autor.\u00a0<\/span><\/li>\n<li style=\"font-weight: 400;\" aria-level=\"2\"><span style=\"font-weight: 400;\">La organizaci\u00f3n facilitar\u00e1 a aquellos que lo necesiten:\u00a0 <\/span><b>loneta sin imprimar de 175 x 120 cm. <\/b><span style=\"font-weight: 400;\">Para recogerla, contactar previamente con los organizadores. Deber\u00e1n dejar un dep\u00f3sito de 20\u20ac que les ser\u00e1 devuelto, a la entrega de la obra en el certamen.<br \/><\/span><\/li>\n<\/ol>\n<\/ol>\n<ul>\n<li aria-level=\"1\"><b>Lugar<\/b><b>:<\/b><\/li>\n<\/ul>\n<p><span style=\"font-weight: 400;\">Las obras participantes ser\u00e1n expuestas en diferentes balcones, en plazas y calles del barrio. Casas situadas en: Calle de San Juan, Plaza de San Juan, Plaza Mayor del Raval, Calle Mayor del Raval, Plaza del Gallo, Calle del Gallo, Plaza Antonio Bru y Calle Boix y Rosario del Barrio del Raval de Elche. Si la participaci\u00f3n es numerosa se podr\u00e1 ampliar a calles adyacentes.\u00a0<\/span><\/p>\n<p><b><\/b><\/p>\n<ul>\n<li aria-level=\"1\"><b>Plazo y Lugar de Presentaci\u00f3n<\/b><b>:<\/b><\/li>\n<\/ul>\n<p><span style=\"font-weight: 400;\">El plazo de admisi\u00f3n de las obras comenzar\u00e1 el viernes 5 de mayo y finalizar\u00e1 el s\u00e1bado 13 de mayo de 2023.<\/span><\/p>\n<p><b>Las obras deben depositarse <\/b><b>en persona<\/b><b>, el autor o en quien delegue, en las siguientes direcciones:\u00a0<\/b><span style=\"font-weight: 400;\"><br \/><\/span><\/p>\n<p><b>Associaci\u00f3 Ve\u00efnal Raval d&#8217;Elx<br \/><\/b><span style=\"font-weight: 400;\">Calle Boix y Rosario,<br \/>03203 Elche<br \/>M\u00f3vil: 633971670<br \/>E-mail: <\/span><a href=\"mailto:info@raval.es\"><span style=\"font-weight: 400;\">info@raval.es<\/span><\/a><span style=\"font-weight: 400;\"><br \/>Horario:<\/span><span style=\"font-weight: 400;\"> los jueves de 18:30 a 21:00<\/span><\/p>\n<p>&nbsp;<\/p>\n<p><b>\u00c1ngel Casta\u00f1o Art Space (ACAS)<br \/><\/b><span style=\"font-weight: 400;\">Plaza de Sant Joan, 1<br \/>03203 Elche<br \/><\/span><span style=\"font-weight: 400;\">M\u00f3vil: 646089519<br \/><\/span><span style=\"font-weight: 400;\">E-mail: <\/span><a href=\"mailto:angelcastanyoartspace@gmail.com\"><span style=\"font-weight: 400;\">angelcastanyoartspace@gmail.com<\/span><\/a><span style=\"font-weight: 400;\"><br \/>ACAS. Horario: de mi\u00e9rcoles a s\u00e1bado de 11:00 a 14:00<\/span><\/p>\n<p>&nbsp;<\/p>\n<p><b>Pepe Ros<br \/><\/b><span style=\"font-weight: 400;\">Plaza del Gallo<br \/>03203 Elche<br \/>M\u00f3vil: 669377243<br \/>E-mail: <\/span><a href=\"mailto:peperosiac@hotmail.com\"><span style=\"font-weight: 400;\">peperosiac@hotmail.com<\/span><\/a><span style=\"font-weight: 400;\"><br \/>Horario:<\/span><span style=\"font-weight: 400;\"> tardes.<\/span><\/p>\n<p>&nbsp;<\/p>\n<p><b>Tonia Baeza<br \/><\/b><span style=\"font-weight: 400;\">Plaza Mayor del Raval<br \/>03203 Elche<br \/>M\u00f3vil: 656317059<\/span><span style=\"font-weight: 400;\"><br \/><\/span><\/p>\n<p><b><\/b><\/p>\n<ul>\n<li aria-level=\"1\"><b>Plazo de exposici\u00f3n<\/b><b>:<\/b><\/li>\n<\/ul>\n<p><span style=\"font-weight: 400;\">Las obras <\/span>estar\u00e1n expuestas en los balcones del Barrio del Raval, <strong>desde el domingo 21 de mayo<\/strong> <strong>hasta el domingo 25 junio<\/strong> <strong>de 2023<\/strong>, pudiendo la organizaci\u00f3n ampliar la duraci\u00f3n del plazo de exposici\u00f3n.<\/p>\n<p><b><\/b><\/p>\n<ul>\n<li aria-level=\"1\"><b>Jurado<\/b><b>:<\/b><\/li>\n<\/ul>\n<p><span style=\"font-weight: 400;\">El Jurado estar\u00e1 compuesto por expertos en la materia, cuyos nombres se har\u00e1n p\u00fablicos con anterioridad a la fecha de comienzo de la exposici\u00f3n.\u00a0<\/span><\/p>\n<p><span style=\"font-weight: 400;\">El Jurado examinar\u00e1 el 20 de mayo las obras presentadas sin conocer el nombre de los autores y valorar\u00e1 la adecuaci\u00f3n de la obra a su entorno expositivo, la t\u00e9cnica, la tem\u00e1tica, originalidad, etc.\u00a0<\/span><\/p>\n<p><span style=\"font-weight: 400;\">Las deliberaciones del Jurado ser\u00e1n secretas, y se dar\u00e1 a conocer su decisi\u00f3n a los Organizadores del Certamen el 21 de mayo de 2023.<\/span><\/p>\n<p><span style=\"font-weight: 400;\">El premio no podr\u00e1 quedar desierto si al menos 5 obras, de las presentadas, re\u00fanen las caracter\u00edsticas establecidas en el apartado 2 de las presentes bases.\u00a0<\/span><\/p>\n<p><b>Antes del fallo del jurado<\/b><span style=\"font-weight: 400;\"> no se podr\u00e1 publicar en redes ni por ning\u00fan otro medio, por parte del artista, la autor\u00eda de las obras, si esto ocurriera quedar\u00eda fuera de opci\u00f3n a premios.\u00a0<\/span><\/p>\n<p><span style=\"font-weight: 400;\">El fallo, que ser\u00e1 inapelable, se publicar\u00e1 en los mismos medios en los que se hayan divulgado las bases de la convocatoria, y a partir de esa fecha, tambi\u00e9n quedar\u00e1 constancia de cu\u00e1l es la obra ganadora en la misma exposici\u00f3n y de los acc\u00e9sits.<\/span><\/p>\n<p><b><\/b><\/p>\n<ul>\n<li aria-level=\"1\"><b>Premios<\/b><b>:<\/b><\/li>\n<\/ul>\n<p><span style=\"font-weight: 400;\">Se establecen entre los 13 seleccionados:\u00a0<\/span><\/p>\n<p><b>1<\/b><b>er<\/b><b> Premio<\/b><span style=\"font-weight: 400;\"> consistente en <\/span><b>500<\/b> <b>\u20ac.<br \/><\/b><b>Patrocinado por Paco Borja.\u00a0<\/b><\/p>\n<p><b>1<\/b><b>er<\/b><b> Acc\u00e9sit<br \/><\/b><b>Patrocinado por Talleres Bermar<\/b><span style=\"font-weight: 400;\">.\u00a0<\/span><\/p>\n<p><b>2\u00ba Acc\u00e9sit consistente en material de bellas artes.<br \/>Patrocinado por Lloc D\u2019Art.\u00a0<\/b><\/p>\n<p><b>10 finalistas patrocinados por<\/b><span style=\"font-weight: 400;\">:\u00a0<\/span><\/p>\n<ol>\n<li><strong>El Perro Verde. <\/strong>Men\u00fa degustaci\u00f3n para 4 personas y <strong>Museo Paleontol\u00f3gico (MUPE). <\/strong>Visita guiada para 2.\u00a0 y un detalle (camiseta o similar).<\/li>\n<li><strong> <\/strong><strong>Restaurante El Raval. <\/strong>Cena para 2 personas.<\/li>\n<li><strong> <\/strong><strong>Bar Paquito. <\/strong>Comida o cena para 4 personas.<\/li>\n<li><strong> <\/strong><strong>Bar La Fina del Raval. <\/strong>Comida o cena para 2 personas y <strong><\/strong><strong>Bar La Gatera. <\/strong>4 mojitos.<\/li>\n<li><strong> <\/strong><strong>Pizzer\u00eda Cambra. <\/strong>Men\u00fa degustaci\u00f3n para 2 personas.<\/li>\n<li><strong> <\/strong><strong>Teter\u00eda Adarve. <\/strong>Cena para 2 y <strong>Cafeter\u00eda Los Arcos. <\/strong>Desayuno para 2 personas.<\/li>\n<li><strong> <\/strong><strong>Bar Nou Raspa. Comida o cena para 2 personas. <\/strong><strong>+ ALI TRUC. Un libro de Arte o Pintura. <\/strong><\/li>\n<li><strong> <\/strong><strong>Julieta &amp; Co. Sombrerer\u00eda. <\/strong>Un complemento de dise\u00f1o y <strong>Arturo Garc\u00eda. <\/strong>Zapatos dise\u00f1o.<\/li>\n<li><strong> <\/strong><strong> Icoedro. <\/strong>Objeto de decoraci\u00f3n y <strong>Universidad Miguel Hern\u00e1ndez. <\/strong>Libro: \u201cPoes\u00eda Esencial Miguel Hern\u00e1ndez\u201d.<\/li>\n<li><strong> <\/strong><strong> Malacuera. <\/strong>Caja de vino, Ribera del Duero y <strong><\/strong><strong>Andr\u00e9s Guill\u00f3. <\/strong>Libro: \u201cCada tarde a las 5\u201d.<\/li>\n<\/ol>\n<p><span style=\"font-weight: 400;\">El primer premio formar\u00e1 parte del jurado en la siguiente edici\u00f3n de este Certamen.<\/span><\/p>\n<p><b><\/b><\/p>\n<ul>\n<li aria-level=\"1\"><b>Derechos de Autor<\/b><b>:<\/b><\/li>\n<\/ul>\n<p><span style=\"font-weight: 400;\">La obra ganadora quedar\u00e1 en dep\u00f3sito de ACAS, que la expondr\u00e1 en el lugar que se determine, en el barrio del Raval, junto con las obras ganadoras de los futuros cert\u00e1menes, a cuyos efectos el autor de la obra ganadora cede a los organizadores los derechos de autor que sean necesarios a los fines expuestos anteriormente.\u00a0<\/span><\/p>\n<p><span style=\"font-weight: 400;\">As\u00ed mismo, ACAS realizar\u00e1 un cat\u00e1logo digital, con las fotograf\u00edas de todas las obras participantes, que ser\u00e1 insertado en sus redes sociales. Por lo que los autores de las obras participantes autorizan a ACAS, cedi\u00e9ndoles sus derechos de autor, para poder disponer de la reproducci\u00f3n fotogr\u00e1fica de sus obras con la finalidad de incorporarla al citado cat\u00e1logo.<\/span><\/p>\n<p><b><\/b><\/p>\n<ul>\n<li aria-level=\"1\"><b>Retirada y devoluci\u00f3n de las obras<\/b><b>:<\/b><\/li>\n<\/ul>\n<p><span style=\"font-weight: 400;\">Al d\u00eda siguiente de la fecha de finalizaci\u00f3n del certamen se descolgar\u00e1n las obras participantes, y las que no hayan sido premiadas quedar\u00e1n a disposici\u00f3n de sus autores, que podr\u00e1n retirarlas acudiendo a recogerlas en ACAS o contactando con cualquiera de los organizadores.\u00a0<\/span><\/p>\n<p><b>Los organizadores NO se responsabilizan de los posibles deterioros que pueda sufrir la obra<\/b><span style=\"font-weight: 400;\">.\u00a0<\/span><\/p>\n<p><span style=\"font-weight: 400;\">Si pasado un mes no ha sido retirada, se entender\u00e1 que no quieren recuperarla.\u00a0<\/span><\/p>\n<p><b><\/b><\/p>\n<ul>\n<li aria-level=\"1\"><b>Agradecimientos:\u00a0<\/b><\/li>\n<\/ul>\n<p><span style=\"font-weight: 400;\">La organizaci\u00f3n agradece la ayuda desinteresada de <\/span><b>colaboradores y vecinos del barrio<\/b><span style=\"font-weight: 400;\"> prestando sus balcones.\u00a0<\/span><\/p>\n<p><span style=\"font-weight: 400;\">Una especial menci\u00f3n a los <\/span><b>patrocinadores<\/b><span style=\"font-weight: 400;\">:\u00a0<\/span><span style=\"font-weight: 400;\"><br \/><\/span><b><\/b><\/p>\n<ul>\n<li style=\"list-style-type: none;\">\n<ul>\n<li aria-level=\"1\">Estrella de Levante<\/li>\n<li aria-level=\"1\">Grupo Ant\u00f3n Comunicaci\u00f3n<\/li>\n<li aria-level=\"1\">Lavander\u00eda Las \u00c1guilas S.U.L<\/li>\n<li aria-level=\"1\"><span style=\"font-weight: 400;\">Patronato del Misteri d\u2019Elx<\/span><\/li>\n<li aria-level=\"1\"><span style=\"font-weight: 400;\">Talleres Bermar<\/span><\/li>\n<li aria-level=\"1\"><span style=\"font-weight: 400;\">Lloc D\u00b4Art<\/span><\/li>\n<li aria-level=\"1\"><span style=\"font-weight: 400;\">Bar Paquito<\/span><\/li>\n<li aria-level=\"1\"><span style=\"font-weight: 400;\">Restaurante el Raval<\/span><\/li>\n<li aria-level=\"1\"><span style=\"font-weight: 400;\">Cafeter\u00eda Los Arcos<\/span><\/li>\n<li aria-level=\"1\"><span style=\"font-weight: 400;\">Restaurante El Perro Verde<\/span><\/li>\n<li aria-level=\"1\"><span style=\"font-weight: 400;\">Teter\u00eda Adarve<\/span><\/li>\n<li aria-level=\"1\"><span style=\"font-weight: 400;\">Bar Nou Raspa<\/span><\/li>\n<li aria-level=\"1\"><span style=\"font-weight: 400;\">La Gatera Bar<\/span><\/li>\n<li aria-level=\"1\"><span style=\"font-weight: 400;\">La Fina del Raval Gastro Bar<\/span><\/li>\n<li aria-level=\"1\"><span style=\"font-weight: 400;\">Escritor Andr\u00e9s Guill\u00f3<\/span><\/li>\n<li>Universitat Miguel Hern\u00e1ndez<\/li>\n<li>Julieta and Co. Sombrerer\u00eda<\/li>\n<li>Artista Arturo Garc\u00eda<\/li>\n<li>Pizzer\u00eda Cambra<\/li>\n<li>Librer\u00eda Ali- i -Truc<\/li>\n<li>Noara Mediterranean Distillery<\/li>\n<li>Icoedro House<span style=\"font-weight: 400;\"><\/span><\/li>\n<li><span style=\"font-weight: 400;\">MUPE- Museu Paleontol\u00f2gic d&#8217;Elx<br \/><\/span><\/li>\n<li><span style=\"font-weight: 400;\">Ali-i-Truc<\/span><\/li>\n<li><span style=\"font-weight: 400;\">Bodegas Malacuera<\/span><\/li>\n<li aria-level=\"1\"><span style=\"font-weight: 400;\">Associaci\u00f3 Ve\u00efnal del Raval<\/span><\/li>\n<li aria-level=\"1\"><span style=\"font-weight: 400;\">Tonia Baeza<\/span><\/li>\n<li aria-level=\"1\"><span style=\"font-weight: 400;\">AtelieRos<\/span><\/li>\n<li aria-level=\"1\"><span style=\"font-weight: 400;\">\u00c1ngel Casta\u00f1o Art Space<\/span><span style=\"font-weight: 400;\"><\/span><\/li>\n<\/ul>\n<\/li>\n<li><span style=\"font-weight: 400;\">\u00a0<strong>Venta obras participantes:<\/strong><br \/>Las obras podr\u00e1n estar disponibles para la venta a un precio m\u00e1ximo de 400\u20ac, el artista se compromete a donar un % de la venta para Asociaciones del barrio del Raval, para promover actos culturales y sociales en el barrio.<\/span><\/li>\n<\/ul>\n<p>&nbsp;<\/p>\n<p>[\/et_pb_text][\/et_pb_column][et_pb_column type=\u00bb1_2&#8243; _builder_version=\u00bb4.16&#8243; _module_preset=\u00bbdefault\u00bb global_colors_info=\u00bb{}\u00bb][et_pb_image src=\u00bbhttps:\/\/raval.es\/elx\/wp-content\/uploads\/2023\/03\/Balconades23.jpg\u00bb title_text=\u00bbBalconades23&#8243; _builder_version=\u00bb4.18.0&#8243; _module_preset=\u00bbdefault\u00bb global_colors_info=\u00bb{}\u00bb][\/et_pb_image][et_pb_text _builder_version=\u00bb4.18.0&#8243; global_colors_info=\u00bb{}\u00bb]<\/p>\n<h4 style=\"text-align: center;\"><b>o 333CONVOCAT\u00d2RIA DEL CERTAMEN DE PINTURA<\/b><\/h4>\n<h4 style=\"text-align: center;\"><b>\u201cBALCONADES AL RAVAL 2022\u201d<\/b><\/h4>\n<p><em><span style=\"font-weight: 400;\">Organitzat per <\/span><b>l\u2019Associaci\u00f3 Ve\u00efnal del Raval d\u2019Elx <\/b><span style=\"font-weight: 400;\">i gestionat pels artistes <\/span><b>Tonia Baeza, Pepe Ros i \u00c1ngel Casta\u00f1o<\/b><\/em><\/p>\n<p>&nbsp;<\/p>\n<p><b>BASES DE LA CONVOCAT\u00d2RIA<\/b><\/p>\n<ul>\n<li aria-level=\"1\"><b>Participants<\/b><\/li>\n<\/ul>\n<ol>\n<li style=\"font-weight: 400;\" aria-level=\"1\"><span style=\"font-weight: 400;\">\u00a0Podran participar en el concurs <\/span><b>artistes<\/b><span style=\"font-weight: 400;\">, majors d\u2019edat, sense distinci\u00f3 de nacionalitat.<\/span><\/li>\n<li style=\"font-weight: 400;\" aria-level=\"1\"><span style=\"font-weight: 400;\">\u00a0S\u00b4hi podr\u00e0 participar <\/span><b>individualment o col\u00b7lectivament<\/b><span style=\"font-weight: 400;\">.<\/span><\/li>\n<li style=\"font-weight: 400;\" aria-level=\"1\"><span style=\"font-weight: 400;\">\u00a0Cada artista podr\u00e0 presentar <\/span><b>una sola obra<\/b><span style=\"font-weight: 400;\">, que haur\u00e0 de ser de la seua autoria.\u00a0<\/span><\/li>\n<\/ol>\n<p><b><\/b><\/p>\n<ul>\n<li aria-level=\"1\"><b>Caracter\u00edstiques de les obres<\/b><\/li>\n<\/ul>\n<p><span style=\"font-weight: 400;\">Per tal de poder participar en el certamen, les obres que s\u00b4hi presenten hauran de reunir les seg\u00fcents <\/span><b>caracter\u00edstiques:<\/b><\/p>\n<ol>\n<li style=\"font-weight: 400;\" aria-level=\"1\"><span style=\"font-weight: 400;\">Han de ser <\/span><b>originals<\/b><span style=\"font-weight: 400;\"> i no han d\u2019haver sigut presentades ni premiades en cap altre concurs o certamen anterior.<\/span><\/li>\n<li style=\"font-weight: 400;\" aria-level=\"1\"><span style=\"font-weight: 400;\">La <\/span><b>t\u00e8cnica i l\u2019estil seran lliures<\/b><span style=\"font-weight: 400;\">. No s\u2019admetran obres fotogr\u00e0fiques ni digitals.<\/span><\/li>\n<li style=\"font-weight: 400;\" aria-level=\"1\"><span style=\"font-weight: 400;\"><\/span>La <strong>tem\u00e0tica<\/strong> versar\u00e0 sobre<strong> l&#8217;Art Contemporani<\/strong> (des de l&#8217;Impressionisme a l&#8217;actualitat), sobre les obres dels seus artistes, reinterpretant-les o realitzant una picada d&#8217;ullet a un estil pict\u00f2ric de l&#8217;\u00e8poca.<\/li>\n<li style=\"font-weight: 400;\" aria-level=\"1\"><span style=\"font-weight: 400;\">Les obres hauran de tenir un suport flexible (llen\u00e7, loneta, pl\u00e0stic, etc.) sense parts r\u00edgides que puguen esquarterar-se\u00a0 o desprendre\u2019s per l\u2019acci\u00f3 del vent o per l\u2019exposici\u00f3 a la intemp\u00e8rie.<\/span><\/li>\n<li style=\"font-weight: 400;\" aria-level=\"1\"><span style=\"font-weight: 400;\">Els productes que s\u2019hi utilitzen han de ser inalterables per l\u2019acci\u00f3 del sol, del vent o de l\u2019aigua.<\/span><\/li>\n<li style=\"font-weight: 400;\" aria-level=\"1\"><span style=\"font-weight: 400;\">La realitzaci\u00f3 de l\u2019obra haur\u00e0 de ser vertical, amb <strong>mesures aproximades de 160 cm de llarg i 120 cm d\u2019ample.<\/strong> Caldr\u00e0 marcar amb una fletxa, en la part de darrere, quina \u00e9s la part superior per tal de facilitar a l\u2019organitzaci\u00f3 com penjar-la.\u00a0Portaran tres o quatre forats en la part superior (amb traus met\u00e0l\u00b7lics o amb cintes cosides) i un forat a cada costat o cinta, per a millor subjecci\u00f3.<\/span><\/li>\n<li style=\"font-weight: 400;\" aria-level=\"1\"><span style=\"font-weight: 400;\">Les obres es presentaran sense emmarcar, sense bastidors, barres, etc. i portaran <strong>al dors un lema o t\u00edtol.<\/strong><\/span><\/li>\n<li style=\"font-weight: 400;\" aria-level=\"1\"><span style=\"font-weight: 400;\">Cada artista aportar\u00e0 amb l\u2019obra un <strong>sobre tancat<\/strong> amb el <strong>lema o t\u00edtol<\/strong> i haur\u00e0 d\u2019incloure-hi: dades personals, fotoc\u00f2pia del DNI o document que el substitu\u00efsca si es tracta de persona estrangera, fitxa t\u00e8cnica de l\u2019obra amb la imatge, breu curr\u00edculum, email i tel\u00e8fon\u00a0 de l\u2019autor o autora.<\/span><\/li>\n<li style=\"font-weight: 400;\" aria-level=\"1\"><span style=\"font-weight: 400;\">L\u2019organitzaci\u00f3 facilitar\u00e0, a qui ho necessite, loneta sense emprimar de 175&#215;120 cm. Per a recollir-la, cal contactar pr\u00e8viament amb l\u2019organitzaci\u00f3. Caldr\u00e0 deixar en dep\u00f2sit 20 \u20ac, que es retornaran en entregar l\u2019obra en el certamen.<\/span><\/li>\n<\/ol>\n<p><b><\/b><\/p>\n<ul>\n<li aria-level=\"1\"><b>Lloc<\/b><\/li>\n<\/ul>\n<p><span style=\"font-weight: 400;\">Les obres participants seran exposades en diferents balcons, places i carrers del barri: carrer i pla\u00e7a de Sant Joan, carrer\u00a0 Major del Raval, pla\u00e7a del Raval, pla\u00e7a del Gall, pla\u00e7a Antoni Bru, carrer Boix i Rosario i altres si la quantitat d&#8217;obres presentades ho requereix.<\/span><\/p>\n<ul>\n<li aria-level=\"1\"><b>Termini i lloc de presentaci\u00f3<\/b><\/li>\n<\/ul>\n<p><span style=\"font-weight: 400;\">El termini de presentaci\u00f3 comen\u00e7ar\u00e0 el divendres 5 de maig de 2023 i acabar\u00e0 el dissabte 13 d\u2019aqueix mateix mes.\u00a0<\/span><\/p>\n<p><strong>Les obres hauran de depositar-se personalment per l\u2019autor o autora, o la persona en qui delegue, en les seg\u00fcents adreces:<\/strong><\/p>\n<p><span style=\"font-weight: 400;\">\u00a0<\/span><\/p>\n<p><b>Associaci\u00f3 Ve\u00efnal del Raval d\u2019Elx<br \/><\/b><span style=\"font-weight: 400;\">carrer Boix i Rosario, 03203 Elx<br \/>M\u00f2bil: 633971670<br \/>E-mail: <\/span><a href=\"mailto:info@raval.es\"><span style=\"font-weight: 400;\">info@raval.es<\/span><\/a><span style=\"font-weight: 400;\"><br \/>Horari: dijous de 18.30 a 21.00<\/span><\/p>\n<p>&nbsp;<\/p>\n<p><b>\u00a0\u00c1ngel Casta\u00f1o Art Space (ACAS)<br \/><\/b><span style=\"font-weight: 400;\">Pla\u00e7a de Sant Joan, 1 03203 Elx<br \/>M\u00f2bil: 646089519<br \/>E-mail: <a href=\"mailto:angelcastanyoartspace@gmail.com\">angelcastanyoartspace@gmail.com\u00a0<\/a><br \/>Horari: de dimecres a dissabte d\u201911.00 a 14.00\u00a0<\/span><\/p>\n<p>&nbsp;<\/p>\n<p><b>Pepe Ros<br \/><\/b><span style=\"font-weight: 400;\">Pla\u00e7a del<br \/>Gall 03203 Elx<br \/>M\u00f2bil: 669377243<br \/>E-mail: <\/span><a href=\"mailto:peperosiac@hotmail.com\"><span style=\"font-weight: 400;\">peperosiac@hotmail.com<\/span><\/a><span style=\"font-weight: 400;\"><br \/>Horari: vesprades.\u00a0<\/span><\/p>\n<p>&nbsp;<\/p>\n<p><b>Tonia Baeza<br \/><\/b><span style=\"font-weight: 400;\"> Pla\u00e7a Majordel Raval, 03203 Elx<br \/><\/span><span style=\"font-weight: 400;\">M\u00f2bil: 65631705<\/span><\/p>\n<p>&nbsp;<\/p>\n<ul>\n<li aria-level=\"1\"><b>Per\u00edode d\u2019exposici\u00f3<\/b><\/li>\n<\/ul>\n<p><span style=\"font-weight: 400;\">Les obres romandran exposades als balcons del barri del Raval des del 21 de maig fins el 25 de juny de 2023. L\u2019organitzaci\u00f3 podr\u00e0 ampliar aquest per\u00edode d\u2019exposici\u00f3.<\/span><\/p>\n<ul>\n<li aria-level=\"1\"><b>Jurat<\/b><\/li>\n<\/ul>\n<p><span style=\"font-weight: 400;\">El jurat estar\u00e0 format per persones expertes en la mat\u00e8ria, els noms de les quals es faran p\u00fablics amb anterioritat a la data de comen\u00e7ament de l\u2019exposici\u00f3.\u00a0<\/span><\/p>\n<p><span style=\"font-weight: 400;\">El jurat examinar\u00e0 el 20 de maig les obres presentades sense con\u00e8ixer el nom de les persones autores i en valorar\u00e0 l\u2019adequaci\u00f3 de l\u2019obra a l\u2019entorn expositiu, la t\u00e8cnica, la tem\u00e0tica, l\u2019originalitat, etc.\u00a0<\/span><\/p>\n<p><span style=\"font-weight: 400;\">Les deliberacions del jurat seran secretes. Es donar\u00e0 a con\u00e8ixer la decisi\u00f3 a l\u2019organitzaci\u00f3 del certamen el 21 de maig de 2023.<\/span><\/p>\n<p><span style=\"font-weight: 400;\">El premi no podr\u00e0 quedar desert si almenys 5 obres de les presentades reuneixen les caracter\u00edstiques establertes en l\u2019apartat 2 de les presents bases.<\/span><\/p>\n<p><span style=\"font-weight: 400;\">Abans de la decisi\u00f3 del jurat no es podr\u00e0 publicar en x\u00e0rcies ni per cap altre mitj\u00e0, per part de l\u2019artista, l\u2019autoria de les obres. Si aix\u00f2 passara quedaria fora de l\u2019opci\u00f3 a premis.<\/span><\/p>\n<p><span style=\"font-weight: 400;\">La resoluci\u00f3 del jurat, que ser\u00e0 inapel\u00b7lable, es publicar\u00e0 en els mateixos mitjans en qu\u00e8 s\u2019hagen dif\u00f3s les bases de la convocat\u00f2ria i a partir d\u2019aqueixa data tamb\u00e9 quedar\u00e0 const\u00e0ncia de quina \u00e9s l\u2019obra guanyadora en la mateixa exposici\u00f3 i dels acc\u00e8ssits.<\/span><\/p>\n<ul>\n<li aria-level=\"1\"><b>Premis<\/b><\/li>\n<\/ul>\n<p><span style=\"font-weight: 400;\">S\u2019estableixen, d\u2019entre els 13 seleccionats:<\/span><\/p>\n<p><b>1r premi<\/b><span style=\"font-weight: 400;\">, consistent en <\/span><b>500 \u20ac<br \/><\/b><b>Patrocinat per Paco Borja<br \/><\/b><\/p>\n<p><b>1r Acc\u00e8ssit<\/b><span style=\"font-weight: 400;\">,<\/span><b><br \/><\/b><b>Patrocinat per tallers Bermar<\/b><\/p>\n<p><b>2n acc\u00e8ssit<\/b><span style=\"font-weight: 400;\">, consistent en <\/span><b>material de belles arts<br \/>Patrocinat per Lloc d\u2019Art<\/b><\/p>\n<p><b>Deu finalistes<\/b><span style=\"font-weight: 400;\"> patrocinats per<\/span><span style=\"font-weight: 400;\"><\/span><\/p>\n<ol>\n<li><strong>El Perro Verde. <\/strong>Men\u00fa degustaci\u00f3 per a 4 persones i <strong>Musei Paleontol\u00f2gic (MUPE). <\/strong>Visita guiada per a 2.\u00a0 i un detalle (samarreta o similar).<\/li>\n<li><strong> <\/strong><strong>Restaurante El Raval. <\/strong>Sopar\u00a0 per a 2 persones.<\/li>\n<li><strong> <\/strong><strong>Bar Paquito. <\/strong>Dinar o sopar per a 4 persones.<\/li>\n<li><strong> <\/strong><strong>Bar La Fina del Raval.\u00a0<\/strong>Dinar o sopar per a 4 persones i <strong><\/strong><strong>Bar La Gatera. <\/strong>4 mojitos.<\/li>\n<li><strong> <\/strong><strong>Pizzer\u00eda Cambra. <\/strong>Men\u00fa degustaci\u00f3 per a 2 persones.<\/li>\n<li><strong> <\/strong><strong>Teter\u00eda Adarve. <\/strong>Sopar per a 2 i <strong>Cafeter\u00eda Los Arcos. <\/strong>Desdejuny per a 2 persones.<\/li>\n<li><strong> <\/strong><strong>Bar Nou Raspa. <\/strong>Dinar o sopar per a 4 persones<strong>. <\/strong><strong>+ ALI TRUC. <\/strong>Un llibre d&#8217;Art o Pintura.<\/li>\n<li><strong> <\/strong><strong>Julieta &amp; Co. Sombrerer\u00eda. <\/strong>Un complement de disseny i <strong>Arturo Garc\u00eda. <\/strong>Sabates disseny.<\/li>\n<li><strong> <\/strong><strong> Icoedro. <\/strong>Objecte de decoraci\u00f3 i <strong>Universidad Miguel Hern\u00e1ndez. <\/strong>Llibre: \u201cPoes\u00eda Esencial Miguel Hern\u00e1ndez\u201d.<\/li>\n<li><strong> <\/strong><strong> Malacuera. <\/strong>Caixa de vins, Ribera del Duero i <strong><\/strong><strong>Andr\u00e9s Guill\u00f3. <\/strong>Llibre: \u201cCada tarde a las 5\u201d.<\/li>\n<\/ol>\n<p><b>\u00a0\u00a0ACAS<\/b><span style=\"font-weight: 400;\"> organitzar\u00e0 una exposici\u00f3 amb obres de l\u2019autora o autor del primer premi per al mes de juny de 2023 , a la Sala S\u00f3tano.<\/span><\/p>\n<p><span style=\"font-weight: 400;\">L\u2019artista guanyador o guanyadora del primer premi formar\u00e0 part del jurat en la seg\u00fcent edici\u00f3 d\u2019aquest certamen.<\/span><\/p>\n<p><b><\/b><\/p>\n<ul>\n<li aria-level=\"1\"><b>Drets d\u2019autoria<\/b><\/li>\n<\/ul>\n<p><span style=\"font-weight: 400;\">L\u2019obra guanyadora quedar\u00e0 en dep\u00f2sit a ACAS, que l\u2019exposar\u00e0 al lloc que es determine, al barri del Raval, amb les obres guanyadores dels futurs cert\u00e0mens, per a la qual cosa l\u2019autor\u00a0 o autora de l\u2019obra guanyadora cedir\u00e0 a l\u2019organitzaci\u00f3 els drets d\u2019autoria pertinents per als fins exposats anteriorment.\u00a0\u00a0\u00a0<\/span><\/p>\n<p><span style=\"font-weight: 400;\">Igualment, ACAS realitzar\u00e0 un cat\u00e0leg digital, amb les fotografies de totes les obres participants, que ser\u00e0 publicat en les seues x\u00e0rcies socials, per la qual cosa els i les artistes de les obres participants autoritzen ACAS, en cedir els drets d\u2019autoria, per a poder disposar de la reproducci\u00f3 fotogr\u00e0fica de les seues obres amb la finalitat d\u2019incorporar-les en l\u2019esmentat cat\u00e0leg.<\/span><\/p>\n<p><b><\/b><\/p>\n<ul>\n<li aria-level=\"1\"><b>Retirada i devoluci\u00f3 de les obres<\/b><\/li>\n<\/ul>\n<p><span style=\"font-weight: 400;\">L\u2019endem\u00e0 de la data de finalitzaci\u00f3 del certamen es despenjaran les obres participants. Les que no hagen estat premiades quedaran a disposici\u00f3 dels seus autors o autores, que podran retirar-les passant a recollir-les per ACAS o contactant amb l\u2019organitzaci\u00f3.<\/span><\/p>\n<p><span style=\"font-weight: 400;\">Si passat un mes no s\u2019ha recollit, s\u2019ent\u00e9n que l\u2019obra no es vol recuperar.<\/span><\/p>\n<p><b>L\u2019organitzaci\u00f3 NO es responsabilitza dels possibles desperfectes que puga patir l\u2019obra<\/b><span style=\"font-weight: 400;\">.<\/span><\/p>\n<ul>\n<li aria-level=\"1\"><b>Agra\u00efments<\/b><\/li>\n<\/ul>\n<p>L&#8217;organitzaci\u00f3 agraeix l&#8217;ajuda desinteressada de col\u00b7laboradors i ve\u00efns del barri prestant els seus balcons.\u00a0<\/p>\n<p>Un especial esment als patrocinadors:\u00a0<\/p>\n<ul>\n<li aria-level=\"1\">Estrella de Levante<\/li>\n<li aria-level=\"1\">Grupo Ant\u00f3n Comunicaci\u00f3n<\/li>\n<li aria-level=\"1\">Lavander\u00eda Las \u00c1guilas S.U.L<\/li>\n<li aria-level=\"1\"><span style=\"font-weight: 400;\">Patronato del Misteri d\u2019Elx<\/span><\/li>\n<li aria-level=\"1\"><span style=\"font-weight: 400;\">Talleres Bermar<\/span><\/li>\n<li aria-level=\"1\"><span style=\"font-weight: 400;\">Lloc D\u00b4Art<\/span><\/li>\n<li aria-level=\"1\"><span style=\"font-weight: 400;\">Bar Paquito<\/span><\/li>\n<li aria-level=\"1\"><span style=\"font-weight: 400;\">Restaurante el Raval<\/span><\/li>\n<li aria-level=\"1\"><span style=\"font-weight: 400;\">Cafeter\u00eda Los Arcos<\/span><\/li>\n<li aria-level=\"1\"><span style=\"font-weight: 400;\">Restaurante El Perro Verde<\/span><\/li>\n<li aria-level=\"1\"><span style=\"font-weight: 400;\">Teter\u00eda Adarve<\/span><\/li>\n<li aria-level=\"1\"><span style=\"font-weight: 400;\">Bar Nou Raspa<\/span><\/li>\n<li aria-level=\"1\"><span style=\"font-weight: 400;\">La Gatera Bar<\/span><\/li>\n<li aria-level=\"1\"><span style=\"font-weight: 400;\">La Fina del Raval Gastro Bar<\/span><\/li>\n<li aria-level=\"1\"><span style=\"font-weight: 400;\">Escritor Andr\u00e9s Guill\u00f3<\/span><\/li>\n<li>Universitat Miguel Hern\u00e1ndez<\/li>\n<li>Julieta and Co. Sombrerer\u00eda<\/li>\n<li>Artista Arturo Garc\u00eda<\/li>\n<li>Pizzer\u00eda Cambra<\/li>\n<li>Librer\u00eda Ali- i -Truc<\/li>\n<li>Noara Mediterranean Distillery<\/li>\n<li>Icoedro House<span style=\"font-weight: 400;\"><\/span><\/li>\n<li><span style=\"font-weight: 400;\">MUPE- Museu Paleontol\u00f2gic d&#8217;Elx<br \/><\/span><\/li>\n<li><span style=\"font-weight: 400;\">Ali-i-Truc<\/span><\/li>\n<li><span style=\"font-weight: 400;\">Bodegas Malacuera<\/span><\/li>\n<li aria-level=\"1\"><span style=\"font-weight: 400;\">Associaci\u00f3 Ve\u00efnal del Raval<\/span><\/li>\n<li aria-level=\"1\"><span style=\"font-weight: 400;\">Tonia Baeza<\/span><\/li>\n<li aria-level=\"1\"><span style=\"font-weight: 400;\">AtelieRos<\/span><\/li>\n<li aria-level=\"1\"><span style=\"font-weight: 400;\">\u00c1ngel Casta\u00f1o Art Space<\/span><\/li>\n<\/ul>\n<p><span style=\"font-weight: 400;\"><strong>Venda obres participants:<\/strong><br \/>Les obres podran estar disponibles per a la venda a un preu m\u00e0xim de 400\u20ac, l&#8217;artista es compromet a donar un % de la venda per a Associacions del barri del Raval, per a promoure actes culturals i socials en el barri.<\/span><\/p>\n<p>&nbsp;<\/p>\n<p>&nbsp;<\/p>\n<p>[\/et_pb_text][\/et_pb_column][\/et_pb_row][\/et_pb_section]<\/p>\n","protected":false},"excerpt":{"rendered":"<p>Una nova edici\u00f3: Penja el teu art als Balcons del Raval.<br \/>\nPresentaci\u00f3 obres: 5 al 13 de maig<br \/>\n Exposici\u00f3: 21 maig a 25 juny<\/p>\n","protected":false},"author":1,"featured_media":5745,"comment_status":"closed","ping_status":"open","sticky":false,"template":"","format":"standard","meta":{"_et_pb_use_builder":"on","_et_pb_old_content":"","_et_gb_content_width":"2880","_joinchat":[],"footnotes":""},"categories":[156,64,59,53],"tags":[],"class_list":["post-6306","post","type-post","status-publish","format-standard","has-post-thumbnail","hentry","category-156","category-actividades","category-sant-joan","category-projectes"],"_links":{"self":[{"href":"https:\/\/raval.es\/elx\/wp-json\/wp\/v2\/posts\/6306","targetHints":{"allow":["GET"]}}],"collection":[{"href":"https:\/\/raval.es\/elx\/wp-json\/wp\/v2\/posts"}],"about":[{"href":"https:\/\/raval.es\/elx\/wp-json\/wp\/v2\/types\/post"}],"author":[{"embeddable":true,"href":"https:\/\/raval.es\/elx\/wp-json\/wp\/v2\/users\/1"}],"replies":[{"embeddable":true,"href":"https:\/\/raval.es\/elx\/wp-json\/wp\/v2\/comments?post=6306"}],"version-history":[{"count":13,"href":"https:\/\/raval.es\/elx\/wp-json\/wp\/v2\/posts\/6306\/revisions"}],"predecessor-version":[{"id":6413,"href":"https:\/\/raval.es\/elx\/wp-json\/wp\/v2\/posts\/6306\/revisions\/6413"}],"wp:featuredmedia":[{"embeddable":true,"href":"https:\/\/raval.es\/elx\/wp-json\/wp\/v2\/media\/5745"}],"wp:attachment":[{"href":"https:\/\/raval.es\/elx\/wp-json\/wp\/v2\/media?parent=6306"}],"wp:term":[{"taxonomy":"category","embeddable":true,"href":"https:\/\/raval.es\/elx\/wp-json\/wp\/v2\/categories?post=6306"},{"taxonomy":"post_tag","embeddable":true,"href":"https:\/\/raval.es\/elx\/wp-json\/wp\/v2\/tags?post=6306"}],"curies":[{"name":"wp","href":"https:\/\/api.w.org\/{rel}","templated":true}]}}