{"id":6351,"date":"2023-04-06T20:06:02","date_gmt":"2023-04-06T20:06:02","guid":{"rendered":"https:\/\/raval.es\/elx\/?p=6351"},"modified":"2023-04-06T20:11:27","modified_gmt":"2023-04-06T20:11:27","slug":"acdllavors23","status":"publish","type":"post","link":"https:\/\/raval.es\/elx\/acdllavors23\/","title":{"rendered":"IX Trobada ACD d&#8217;Intercanvi de llavors i productes locals"},"content":{"rendered":"<div id=\"fb-root\"><\/div>\n\n<p>Desde la ACD La Hoya queremos informaros del IX Encuentro de Intercambio de Semillas tradicionales y Productos locales, que la asociaci\u00f3n va a realizar el pr\u00f3ximo 7 ABRIL 2023, desde las 10:30 hasta las 13:30 en la Torre del Gall de La Hoya, el ACD LA HOYA con la colaboraci\u00f3n de diferentes productores, organizaciones, empresas y entidades realizar\u00e1 talleres, actividades para ni\u00f1os, juegos tradicionales, intercambio de semillas y muchas cosas mas.<\/p>\n\n\n\n<p>No te lo pierdas\u00a1\u00a1\u00a1\u00a1<\/p>\n\n\n\n<figure class=\"wp-block-image size-large\"><img decoding=\"async\" src=\"https:\/\/scontent.fvlc4-1.fna.fbcdn.net\/v\/t39.30808-6\/339268191_604611961537957_8380107514379815934_n.jpg?_nc_cat=109&amp;ccb=1-7&amp;_nc_sid=730e14&amp;_nc_ohc=O0APoN5YPMUAX_6xsSX&amp;_nc_ht=scontent.fvlc4-1.fna&amp;oh=00_AfBiZtVjRfx3qFMX8qrPmDktJU3mPKp89kl51ym8AwTa4w&amp;oe=64331E9A\" alt=\"\"\/><\/figure>\n","protected":false},"excerpt":{"rendered":"<p>7 ABRIL 2023, des de les 10.30 fins a les 13.30 a la Torre del Gall de la Foia, <\/p>\n","protected":false},"author":1,"featured_media":6353,"comment_status":"closed","ping_status":"open","sticky":false,"template":"","format":"standard","meta":{"_et_pb_use_builder":"off","_et_pb_old_content":"","_et_gb_content_width":"1080","_joinchat":[],"footnotes":""},"categories":[51],"tags":[],"class_list":["post-6351","post","type-post","status-publish","format-standard","has-post-thumbnail","hentry","category-noticias"],"_links":{"self":[{"href":"https:\/\/raval.es\/elx\/wp-json\/wp\/v2\/posts\/6351","targetHints":{"allow":["GET"]}}],"collection":[{"href":"https:\/\/raval.es\/elx\/wp-json\/wp\/v2\/posts"}],"about":[{"href":"https:\/\/raval.es\/elx\/wp-json\/wp\/v2\/types\/post"}],"author":[{"embeddable":true,"href":"https:\/\/raval.es\/elx\/wp-json\/wp\/v2\/users\/1"}],"replies":[{"embeddable":true,"href":"https:\/\/raval.es\/elx\/wp-json\/wp\/v2\/comments?post=6351"}],"version-history":[{"count":2,"href":"https:\/\/raval.es\/elx\/wp-json\/wp\/v2\/posts\/6351\/revisions"}],"predecessor-version":[{"id":6354,"href":"https:\/\/raval.es\/elx\/wp-json\/wp\/v2\/posts\/6351\/revisions\/6354"}],"wp:featuredmedia":[{"embeddable":true,"href":"https:\/\/raval.es\/elx\/wp-json\/wp\/v2\/media\/6353"}],"wp:attachment":[{"href":"https:\/\/raval.es\/elx\/wp-json\/wp\/v2\/media?parent=6351"}],"wp:term":[{"taxonomy":"category","embeddable":true,"href":"https:\/\/raval.es\/elx\/wp-json\/wp\/v2\/categories?post=6351"},{"taxonomy":"post_tag","embeddable":true,"href":"https:\/\/raval.es\/elx\/wp-json\/wp\/v2\/tags?post=6351"}],"curies":[{"name":"wp","href":"https:\/\/api.w.org\/{rel}","templated":true}]}}