{"id":6522,"date":"2023-05-23T17:55:17","date_gmt":"2023-05-23T17:55:17","guid":{"rendered":"https:\/\/raval.es\/elx\/?p=6522"},"modified":"2023-06-29T12:28:02","modified_gmt":"2023-06-29T12:28:02","slug":"acortez","status":"publish","type":"post","link":"https:\/\/raval.es\/elx\/acortez\/","title":{"rendered":"En un rinc\u00f3n del alma"},"content":{"rendered":"<div id=\"fb-root\"><\/div>\n<p>[et_pb_section fb_built=\u00bb1&#8243; _builder_version=\u00bb4.16&#8243; _module_preset=\u00bbdefault\u00bb global_colors_info=\u00bb{}\u00bb][et_pb_row column_structure=\u00bb1_2,1_2&#8243; _builder_version=\u00bb4.16&#8243; _module_preset=\u00bbdefault\u00bb global_colors_info=\u00bb{}\u00bb][et_pb_column type=\u00bb1_2&#8243; _builder_version=\u00bb4.16&#8243; _module_preset=\u00bbdefault\u00bb global_colors_info=\u00bb{}\u00bb][et_pb_text _builder_version=\u00bb4.18.0&#8243; _module_preset=\u00bbdefault\u00bb global_colors_info=\u00bb{}\u00bb]<\/p>\n<p><span class=\"x193iq5w xeuugli x13faqbe x1vvkbs xlh3980 xvmahel x1n0sxbx x1lliihq x1s928wv xhkezso x1gmr53x x1cpjm7i x1fgarty x1943h6x xudqn12 x3x7a5m x6prxxf xvq8zen xo1l8bm xzsf02u\" dir=\"auto\"><a href=\"https:\/\/www.culturalcaminos.es\">L&#8217;Associaci\u00f3 \u00abCaminos\u00bb<\/a> dedica el dimecres , 28 de juny a les 19:00h, un sentit homenatge a un dels m\u00e9s populars cantautors del nostre passat recent, <strong><a href=\"https:\/\/es.wikipedia.org\/wiki\/Alberto_Cortez\">Alberto Cortez<\/a><\/strong><br \/>Aquest cantant, compositor i poeta hisp\u00e0-argent\u00ed que ens va abandonar fa poc per\u00f2 deixant un important llegat de temes de producci\u00f3 pr\u00f2pia i de grans poetes de tots els temps: Neruda, Machado, Lope, Quevedo, Hern\u00e1ndez, Borges, Brel&#8230;<br \/>Una vetlada cap a aqueix \u00abrac\u00f3 de l&#8217;\u00e0nima\u00bb que promet ser m\u00e9s emotiva si cap per estar acompanyada de la guitarra de Roque Garc\u00eda<\/span><\/p>\n<div class=\"x1i10hfl xjbqb8w x6umtig x1b1mbwd xaqea5y xav7gou x9f619 x1ypdohk xt0psk2 xe8uvvx xdj266r x11i5rnm xat24cr x1mh8g0r xexx8yu x4uap5 x18d9i69 xkhd6sd x16tdsg8 x1hl2dhg xggy1nq x1a2a7pz xt0b8zv xzsf02u x1s688f\" role=\"button\" tabindex=\"0\"><\/div>\n<p><a href=\"https:\/\/raval.es\/2023\"><span style=\"font-size: large;\"><em><strong><\/strong><\/em><\/span><\/a><\/p>\n<p>&nbsp;<\/p>\n<p>[\/et_pb_text][et_pb_code _builder_version=\u00bb4.18.0&#8243; _module_preset=\u00bbdefault\u00bb global_colors_info=\u00bb{}\u00bb]<iframe loading=\"lazy\" width=\"560\" height=\"315\" src=\"https:\/\/www.youtube.com\/embed\/eKMG-ZozSyc\" title=\"YouTube video player\" frameborder=\"0\" allow=\"accelerometer; autoplay; clipboard-write; encrypted-media; gyroscope; picture-in-picture; web-share\" allowfullscreen><\/iframe>[\/et_pb_code][\/et_pb_column][et_pb_column type=\u00bb1_2&#8243; _builder_version=\u00bb4.16&#8243; _module_preset=\u00bbdefault\u00bb global_colors_info=\u00bb{}\u00bb][et_pb_image src=\u00bbhttps:\/\/raval.es\/elx\/wp-content\/uploads\/2023\/05\/acortezbn.jpg\u00bb title_text=\u00bbacortezbn\u00bb show_in_lightbox=\u00bbon\u00bb _builder_version=\u00bb4.18.0&#8243; _module_preset=\u00bbdefault\u00bb global_colors_info=\u00bb{}\u00bb][\/et_pb_image][et_pb_image src=\u00bbhttps:\/\/raval.es\/elx\/wp-content\/uploads\/2023\/05\/Logo-Caminos-.jpg\u00bb title_text=\u00bbLogo-Caminos-\u00bb _builder_version=\u00bb4.18.0&#8243; _module_preset=\u00bbdefault\u00bb global_colors_info=\u00bb{}\u00bb][\/et_pb_image][\/et_pb_column][\/et_pb_row][\/et_pb_section]<\/p>\n","protected":false},"excerpt":{"rendered":"<p>L&#8217;Associaci\u00f3 \u00abCamins\u00bb dedica el dimecres 28 de juny un sentit homenatge a Alberto Cortez, un dels m\u00e9s populars cantautors del nostre passat recent.<\/p>\n","protected":false},"author":1,"featured_media":6525,"comment_status":"closed","ping_status":"open","sticky":false,"template":"","format":"standard","meta":{"_et_pb_use_builder":"on","_et_pb_old_content":"","_et_gb_content_width":"1080","_joinchat":[],"footnotes":""},"categories":[135,64],"tags":[],"class_list":["post-6522","post","type-post","status-publish","format-standard","has-post-thumbnail","hentry","category-135","category-actividades"],"_links":{"self":[{"href":"https:\/\/raval.es\/elx\/wp-json\/wp\/v2\/posts\/6522","targetHints":{"allow":["GET"]}}],"collection":[{"href":"https:\/\/raval.es\/elx\/wp-json\/wp\/v2\/posts"}],"about":[{"href":"https:\/\/raval.es\/elx\/wp-json\/wp\/v2\/types\/post"}],"author":[{"embeddable":true,"href":"https:\/\/raval.es\/elx\/wp-json\/wp\/v2\/users\/1"}],"replies":[{"embeddable":true,"href":"https:\/\/raval.es\/elx\/wp-json\/wp\/v2\/comments?post=6522"}],"version-history":[{"count":6,"href":"https:\/\/raval.es\/elx\/wp-json\/wp\/v2\/posts\/6522\/revisions"}],"predecessor-version":[{"id":6540,"href":"https:\/\/raval.es\/elx\/wp-json\/wp\/v2\/posts\/6522\/revisions\/6540"}],"wp:featuredmedia":[{"embeddable":true,"href":"https:\/\/raval.es\/elx\/wp-json\/wp\/v2\/media\/6525"}],"wp:attachment":[{"href":"https:\/\/raval.es\/elx\/wp-json\/wp\/v2\/media?parent=6522"}],"wp:term":[{"taxonomy":"category","embeddable":true,"href":"https:\/\/raval.es\/elx\/wp-json\/wp\/v2\/categories?post=6522"},{"taxonomy":"post_tag","embeddable":true,"href":"https:\/\/raval.es\/elx\/wp-json\/wp\/v2\/tags?post=6522"}],"curies":[{"name":"wp","href":"https:\/\/api.w.org\/{rel}","templated":true}]}}