{"id":6565,"date":"2023-06-21T19:17:03","date_gmt":"2023-06-21T19:17:03","guid":{"rendered":"https:\/\/raval.es\/elx\/?p=6565"},"modified":"2023-06-29T12:25:34","modified_gmt":"2023-06-29T12:25:34","slug":"santjoan22festa-2","status":"publish","type":"post","link":"https:\/\/raval.es\/elx\/santjoan22festa-2\/","title":{"rendered":"Per Sant Joan, el Raval es una Festa"},"content":{"rendered":"<div id=\"fb-root\"><\/div>\n<p>[et_pb_section fb_built=\u00bb1&#8243; _builder_version=\u00bb4.16&#8243; global_colors_info=\u00bb{}\u00bb][et_pb_row column_structure=\u00bb2_5,3_5&#8243; _builder_version=\u00bb4.16&#8243; background_size=\u00bbinitial\u00bb background_position=\u00bbtop_left\u00bb background_repeat=\u00bbrepeat\u00bb global_colors_info=\u00bb{}\u00bb][et_pb_column type=\u00bb2_5&#8243; _builder_version=\u00bb4.16&#8243; custom_padding=\u00bb|||\u00bb global_colors_info=\u00bb{}\u00bb custom_padding__hover=\u00bb|||\u00bb][et_pb_image src=\u00bbhttps:\/\/raval.es\/elx\/wp-content\/uploads\/2023\/06\/SantJoan23wp.jpg\u00bb title_text=\u00bbSantJoan23wp\u00bb _builder_version=\u00bb4.18.0&#8243; _module_preset=\u00bbdefault\u00bb custom_margin=\u00bb|139px||||\u00bb global_colors_info=\u00bb{}\u00bb][\/et_pb_image][\/et_pb_column][et_pb_column type=\u00bb3_5&#8243; _builder_version=\u00bb4.16&#8243; custom_padding=\u00bb|||\u00bb global_colors_info=\u00bb{}\u00bb custom_padding__hover=\u00bb|||\u00bb][et_pb_text _builder_version=\u00bb4.18.0&#8243; background_size=\u00bbinitial\u00bb background_position=\u00bbtop_left\u00bb background_repeat=\u00bbrepeat\u00bb width=\u00bb95.7%\u00bb hover_enabled=\u00bb0&#8243; global_colors_info=\u00bb{}\u00bb sticky_enabled=\u00bb0&#8243;]<\/p>\n<p><strong>DISSABTE, 16<\/strong> comencem les Festes de Sant Joan al barri del Raval. amb <strong>dan\u00e7a Afrobrasileira<\/strong> en la Pla\u00e7a del Gall, conduida per <strong>Rosa Rosinha<\/strong> de <strong>Jamburana<\/strong> a les 19.00h<br \/>i despr\u00e9s, a les 22, el Swing i Jazz de <strong>Dingolondango<\/strong> en la Pla\u00e7a Major del Raval<\/p>\n<p><strong>DISSABTE, 17<\/strong><\/p>\n<p><strong>A les 20:00h.<\/strong> vine a visitar els carrers engalanats acompanyats de la dol\u00e7aina i tabalet de la Colla El Cascabot d&#8217;Elx&#8230;<br \/><strong>A les 21:00,<\/strong> mentre delibera el jurat la Muixeranga d&#8217;Elx i l&#8217;Associaci\u00f3 Elegantes ens faran unes demostracions<br \/><strong>A les 21:30<\/strong> arriba l&#8217;entrega de premis del X Concurs de Carrers Engalants&#8230;<br \/>No t&#8217;ho perdes!<\/p>\n<p><strong>DISSABTE, 24<\/strong> \u00e9s la festa grossa, <strong>Sant Joan<\/strong>. Treurem taules i cadires per sopar a la fresca amb tots els ve\u00efns del barri.<br \/><strong>A les 12:00<\/strong> ens anirem a la <strong>Crem\u00e0 de la Foguera<\/strong>, al solar de l&#8217;esgl\u00e8sia de Sant Joan<\/p>\n<p><strong>DIUMENGE, 25<\/strong> a les 12:00h. comen\u00e7arem a despenjar dels balcons les obres en lona que ens han acompanyat i enlluernat el barri des de fa m\u00e9s d&#8217;un m\u00e9s a les <strong>BALCONADES 2023<\/strong><br \/>L&#8217;acte esta patrocinat per Noara-Sys. No t&#8217;ho perdes<\/p>\n<p>[\/et_pb_text][et_pb_image src=\u00bbhttps:\/\/raval.es\/elx\/wp-content\/uploads\/2023\/06\/dia16wp.jpg\u00bb title_text=\u00bbdia16wp\u00bb _builder_version=\u00bb4.18.0&#8243; _module_preset=\u00bbdefault\u00bb global_colors_info=\u00bb{}\u00bb][\/et_pb_image][\/et_pb_column][\/et_pb_row][\/et_pb_section]<\/p>\n","protected":false},"excerpt":{"rendered":"<p>Comencem les festes de Sant Joan. Despr\u00e9s de dos anys sense, hi ha molta gana de festa. Vindr\u00e0s?<\/p>\n","protected":false},"author":1,"featured_media":6574,"comment_status":"closed","ping_status":"open","sticky":false,"template":"","format":"standard","meta":{"_et_pb_use_builder":"on","_et_pb_old_content":"[et_pb_section bb_built=\"1\"][et_pb_row][et_pb_column type=\"1_2\"][et_pb_image _builder_version=\"3.0.90\" \/][\/et_pb_column][et_pb_column type=\"1_2\"][et_pb_text]\n\nDiumenge, 17 comencem les Festes de Sant Joan al barri del Raval. Vine a visitar els carrers engalants acompanyats de la dol\u00e7aina i tabalet de la Colla El Cascabot d'Elx... A les 11 el taller del Casal Jaume I et convida a practicar Danses Populars.\nA les 13:00 El Cascabot i la Colla El Coc\u00f3 d'Alacant ens far\u00e0n ballar amb m\u00fasica valenciana interpretada per dol\u00e7aina i tabalet, just abans de l'entrega de premis del VII Concurs de Carrers Engalants... i acabarem eixe gran dia fent el cor al Concert de Can\u00e7ons Populars d'Elx a les 20.30h.\nNo t'ho perdes!\n\n[\/et_pb_text][\/et_pb_column][\/et_pb_row][\/et_pb_section]","_et_gb_content_width":"2880","_joinchat":[],"footnotes":""},"categories":[135,64,59],"tags":[],"class_list":["post-6565","post","type-post","status-publish","format-standard","has-post-thumbnail","hentry","category-135","category-actividades","category-sant-joan"],"_links":{"self":[{"href":"https:\/\/raval.es\/elx\/wp-json\/wp\/v2\/posts\/6565","targetHints":{"allow":["GET"]}}],"collection":[{"href":"https:\/\/raval.es\/elx\/wp-json\/wp\/v2\/posts"}],"about":[{"href":"https:\/\/raval.es\/elx\/wp-json\/wp\/v2\/types\/post"}],"author":[{"embeddable":true,"href":"https:\/\/raval.es\/elx\/wp-json\/wp\/v2\/users\/1"}],"replies":[{"embeddable":true,"href":"https:\/\/raval.es\/elx\/wp-json\/wp\/v2\/comments?post=6565"}],"version-history":[{"count":6,"href":"https:\/\/raval.es\/elx\/wp-json\/wp\/v2\/posts\/6565\/revisions"}],"predecessor-version":[{"id":6577,"href":"https:\/\/raval.es\/elx\/wp-json\/wp\/v2\/posts\/6565\/revisions\/6577"}],"wp:featuredmedia":[{"embeddable":true,"href":"https:\/\/raval.es\/elx\/wp-json\/wp\/v2\/media\/6574"}],"wp:attachment":[{"href":"https:\/\/raval.es\/elx\/wp-json\/wp\/v2\/media?parent=6565"}],"wp:term":[{"taxonomy":"category","embeddable":true,"href":"https:\/\/raval.es\/elx\/wp-json\/wp\/v2\/categories?post=6565"},{"taxonomy":"post_tag","embeddable":true,"href":"https:\/\/raval.es\/elx\/wp-json\/wp\/v2\/tags?post=6565"}],"curies":[{"name":"wp","href":"https:\/\/api.w.org\/{rel}","templated":true}]}}