{"id":6621,"date":"2023-08-30T07:21:11","date_gmt":"2023-08-30T07:21:11","guid":{"rendered":"https:\/\/raval.es\/elx\/?p=6621"},"modified":"2023-09-17T19:23:06","modified_gmt":"2023-09-17T19:23:06","slug":"tallers-centres-socials","status":"publish","type":"post","link":"https:\/\/raval.es\/elx\/tallers-centres-socials\/","title":{"rendered":"TALLERS ALS CENTRES SOCIALS"},"content":{"rendered":"<div id=\"fb-root\"><\/div>\n\n[et_pb_section fb_built=\u00bb1&#8243; _builder_version=\u00bb4.16&#8243; _module_preset=\u00bbdefault\u00bb global_colors_info=\u00bb{}\u00bb][et_pb_row _builder_version=\u00bb4.16&#8243; _module_preset=\u00bbdefault\u00bb global_colors_info=\u00bb{}\u00bb column_structure=\u00bb2_5,3_5&#8243;][et_pb_column type=\u00bb2_5&#8243; _builder_version=\u00bb4.16&#8243; _module_preset=\u00bbdefault\u00bb global_colors_info=\u00bb{}\u00bb][et_pb_text _builder_version=\u00bb4.18.0&#8243; _module_preset=\u00bbdefault\u00bb hover_enabled=\u00bb0&#8243; sticky_enabled=\u00bb0&#8243;]<p>Des del 28 d&#8217;agost al 17 de setembre estan obertes les sol\u00b7licituds d&#8217;inscripci\u00f3 als cursos i tallers dels Centres Socials i C\u00edvics d&#8217;Elx que es desenvolupar\u00e1n del 10 d&#8217;octubre de 2023 al 21 de juny de 2024<\/p>\n<p>Centres socials LA LLOTJA ALTABIX, L&#8217;ALTET, EL RAVAL, FRANCESC CANT\u00d3, LA FOIA, LA MARINA, LA BAIA, PALMERARS, PLA DE SANT JOSEP (ANTICS BOMBERS), PLA SECTOR-V, PLA\u00c7A BARCELONA, POETA MIGUEL HERN\u00c1NDEZ, POLIVALENT CARR\u00daS, 1r DE MAIG, SALVADOR ALLENDE, SANT ANTONI, TORRELLANO, VICT\u00d2RIA KENT<\/p>\n<p>Centres c\u00edvics ATZAVARES, ASPRELLA, ELS BASSARS, DERRAMADOR, DAIM\u00c9S, ALGODA, LA G\u00c0L\u00b7LIA, PLA DE SANT JOSEP, MATOLA, LA PENYA DE LES \u00c0GUILES, PERLETA, SANTA ANNA, TORRELLANO BAIX, LA VALLVERDA<\/p>\n<p>Centre-museu PU\u00c7OL<\/p>[\/et_pb_text][et_pb_image src=\u00bbhttps:\/\/raval.es\/elx\/wp-content\/uploads\/2023\/08\/talleresCSraval.jpg\u00bb _builder_version=\u00bb4.18.0&#8243; _module_preset=\u00bbdefault\u00bb title_text=\u00bbtalleresCSraval\u00bb hover_enabled=\u00bb0&#8243; sticky_enabled=\u00bb0&#8243;][\/et_pb_image][\/et_pb_column][et_pb_column type=\u00bb3_5&#8243; _builder_version=\u00bb4.16&#8243; _module_preset=\u00bbdefault\u00bb global_colors_info=\u00bb{}\u00bb][et_pb_text _builder_version=\u00bb4.18.0&#8243; _module_preset=\u00bbdefault\u00bb hover_enabled=\u00bb0&#8243; sticky_enabled=\u00bb0&#8243;]<p><strong>Preinscripci\u00f3<\/strong><br \/>La preinscripci\u00f3 als tallers socials de duraci\u00f3 anual es realitzar\u00e0 a trav\u00e9s de la web municipal<br \/><a href=\"https:\/\/www.elche.es\/animacion-sociocultural\"><strong>www.elche.es\/animacion-sociocultural<\/strong><\/a><\/p>\n<p>Cada persona podr\u00e0 triar fins a dos tallers, marcant l\u2019ordre de prefer\u00e8ncia, i podr\u00e0 ser adm\u00e9s en un d\u2019aquests despr\u00e9s del sorteig<\/p>[\/et_pb_text][et_pb_code _builder_version=\u00bb4.18.0&#8243; _module_preset=\u00bbdefault\u00bb hover_enabled=\u00bb0&#8243; sticky_enabled=\u00bb0&#8243;]<a href=\"https:\/\/raval.es\/dox\/tallersCS23-24.pdf\" class=\"pdfemb-viewer\" style=\"\" data-width=\"max\" data-height=\"max\" data-toolbar=\"bottom\" data-toolbar-fixed=\"off\">tallersCS23-24<\/a>[\/et_pb_code][\/et_pb_column][\/et_pb_row][\/et_pb_section]\n","protected":false},"excerpt":{"rendered":"<p>Del 10\/10\/2023 al 21\/06\/2024  de 2024.<br \/>\nInscripcions obertes fins el 17 de setembre<\/p>\n","protected":false},"author":1,"featured_media":6623,"comment_status":"closed","ping_status":"open","sticky":false,"template":"","format":"standard","meta":{"_et_pb_use_builder":"on","_et_pb_old_content":"","_et_gb_content_width":"1080","_joinchat":[],"footnotes":""},"categories":[51],"tags":[],"class_list":["post-6621","post","type-post","status-publish","format-standard","has-post-thumbnail","hentry","category-noticias"],"_links":{"self":[{"href":"https:\/\/raval.es\/elx\/wp-json\/wp\/v2\/posts\/6621","targetHints":{"allow":["GET"]}}],"collection":[{"href":"https:\/\/raval.es\/elx\/wp-json\/wp\/v2\/posts"}],"about":[{"href":"https:\/\/raval.es\/elx\/wp-json\/wp\/v2\/types\/post"}],"author":[{"embeddable":true,"href":"https:\/\/raval.es\/elx\/wp-json\/wp\/v2\/users\/1"}],"replies":[{"embeddable":true,"href":"https:\/\/raval.es\/elx\/wp-json\/wp\/v2\/comments?post=6621"}],"version-history":[{"count":8,"href":"https:\/\/raval.es\/elx\/wp-json\/wp\/v2\/posts\/6621\/revisions"}],"predecessor-version":[{"id":6635,"href":"https:\/\/raval.es\/elx\/wp-json\/wp\/v2\/posts\/6621\/revisions\/6635"}],"wp:featuredmedia":[{"embeddable":true,"href":"https:\/\/raval.es\/elx\/wp-json\/wp\/v2\/media\/6623"}],"wp:attachment":[{"href":"https:\/\/raval.es\/elx\/wp-json\/wp\/v2\/media?parent=6621"}],"wp:term":[{"taxonomy":"category","embeddable":true,"href":"https:\/\/raval.es\/elx\/wp-json\/wp\/v2\/categories?post=6621"},{"taxonomy":"post_tag","embeddable":true,"href":"https:\/\/raval.es\/elx\/wp-json\/wp\/v2\/tags?post=6621"}],"curies":[{"name":"wp","href":"https:\/\/api.w.org\/{rel}","templated":true}]}}