{"id":6645,"date":"2023-09-05T19:48:41","date_gmt":"2023-09-05T19:48:41","guid":{"rendered":"https:\/\/raval.es\/elx\/?p=6645"},"modified":"2023-09-05T19:51:19","modified_gmt":"2023-09-05T19:51:19","slug":"bonos-de-consumo","status":"publish","type":"post","link":"https:\/\/raval.es\/elx\/bonos-de-consumo\/","title":{"rendered":"BONOS DE CONSUMO"},"content":{"rendered":"<div id=\"fb-root\"><\/div>\n\n<figure class=\"wp-block-image size-large\"><img loading=\"lazy\" decoding=\"async\" width=\"1024\" height=\"577\" src=\"https:\/\/raval.es\/elx\/wp-content\/uploads\/2023\/09\/noticia-bonos-1170x659-1-1024x577.jpg\" alt=\"\" class=\"wp-image-6646\" srcset=\"https:\/\/raval.es\/elx\/wp-content\/uploads\/2023\/09\/noticia-bonos-1170x659-1-1024x577.jpg 1024w, https:\/\/raval.es\/elx\/wp-content\/uploads\/2023\/09\/noticia-bonos-1170x659-1-980x552.jpg 980w, https:\/\/raval.es\/elx\/wp-content\/uploads\/2023\/09\/noticia-bonos-1170x659-1-480x270.jpg 480w\" sizes=\"auto, (min-width: 0px) and (max-width: 480px) 480px, (min-width: 481px) and (max-width: 980px) 980px, (min-width: 981px) 1024px, 100vw\" \/><\/figure>\n\n\n\n<p>En esta edici\u00f3n y para evitar los problemas de a\u00f1os anteriores,<strong> los agraciados ser\u00e1n elegidos por sorteo<\/strong>, ante el secretario.<br>Los interesados se pueden inscribir en la web <a href=\"https:\/\/www.elxbonoconsumo.es\/\">www.elxbonoconsumo.es<\/a> desde el 4 al 17 de septiembre. <strong>El Importe de los bonos 20, 50, 100 y 200 euros, de los que se paga la mitad<\/strong>. Y cada persona puede comprar un m\u00e1ximo de 200 euros en bonos (desembolso de 100 euros)<br>Las Listas del sorteo se publicar\u00e1n el <strong>19 de septiembre<\/strong><\/p>\n\n\n\n<p>Y la Venta de bonos:<br>\u2013 Online<strong> desde el 20 de septiembre<\/strong>.<br>\u2013 Presencial: a determinar, la realizar\u00e1 FACPYME en el d\u00eda y lugar que se establezca.<br>Habr\u00e1 m\u00e1s de un mes para el canje de bonos en establecimientos: <strong>del 20 de septiembre al 27 de octubre<\/strong>.<br>Para personas afectadas por la brecha digital (sin correo electr\u00f3nico) <strong>atenci\u00f3n presencial para registro en las OMAC de Centro, Francesc Cant\u00f3 y Omac Digital<\/strong>, tambi\u00e9n en pedan\u00edas de 12:30 h a 13:30h<br>Despu\u00e9s del sorteo se comunicar\u00e1 el punto de venta presencial para las personas que se hayan inscrito de manera presencial y las personas que se inscribieran online podr\u00e1n comprar del mismo modo.<\/p>\n","protected":false},"excerpt":{"rendered":"<p>Obert el pla\u00e7 per inscriure&#8217;s al sorteig dels bons de consum.<br \/>\nFins al 17 de setembre en elxbonoconsumo.es<\/p>\n","protected":false},"author":1,"featured_media":6646,"comment_status":"open","ping_status":"open","sticky":false,"template":"","format":"standard","meta":{"_et_pb_use_builder":"off","_et_pb_old_content":"","_et_gb_content_width":"","_joinchat":[],"footnotes":""},"categories":[51],"tags":[],"class_list":["post-6645","post","type-post","status-publish","format-standard","has-post-thumbnail","hentry","category-noticias"],"_links":{"self":[{"href":"https:\/\/raval.es\/elx\/wp-json\/wp\/v2\/posts\/6645","targetHints":{"allow":["GET"]}}],"collection":[{"href":"https:\/\/raval.es\/elx\/wp-json\/wp\/v2\/posts"}],"about":[{"href":"https:\/\/raval.es\/elx\/wp-json\/wp\/v2\/types\/post"}],"author":[{"embeddable":true,"href":"https:\/\/raval.es\/elx\/wp-json\/wp\/v2\/users\/1"}],"replies":[{"embeddable":true,"href":"https:\/\/raval.es\/elx\/wp-json\/wp\/v2\/comments?post=6645"}],"version-history":[{"count":2,"href":"https:\/\/raval.es\/elx\/wp-json\/wp\/v2\/posts\/6645\/revisions"}],"predecessor-version":[{"id":6649,"href":"https:\/\/raval.es\/elx\/wp-json\/wp\/v2\/posts\/6645\/revisions\/6649"}],"wp:featuredmedia":[{"embeddable":true,"href":"https:\/\/raval.es\/elx\/wp-json\/wp\/v2\/media\/6646"}],"wp:attachment":[{"href":"https:\/\/raval.es\/elx\/wp-json\/wp\/v2\/media?parent=6645"}],"wp:term":[{"taxonomy":"category","embeddable":true,"href":"https:\/\/raval.es\/elx\/wp-json\/wp\/v2\/categories?post=6645"},{"taxonomy":"post_tag","embeddable":true,"href":"https:\/\/raval.es\/elx\/wp-json\/wp\/v2\/tags?post=6645"}],"curies":[{"name":"wp","href":"https:\/\/api.w.org\/{rel}","templated":true}]}}