{"id":6689,"date":"2023-09-20T19:42:42","date_gmt":"2023-09-20T19:42:42","guid":{"rendered":"https:\/\/raval.es\/elx\/?p=6689"},"modified":"2023-09-20T19:53:29","modified_gmt":"2023-09-20T19:53:29","slug":"bicifestacio23s","status":"publish","type":"post","link":"https:\/\/raval.es\/elx\/bicifestacio23s\/","title":{"rendered":"BICIFESTACI\u00d3-23S"},"content":{"rendered":"<div id=\"fb-root\"><\/div>\n\n[et_pb_section fb_built=\u00bb1&#8243; _builder_version=\u00bb4.18.0&#8243; _module_preset=\u00bbdefault\u00bb width=\u00bb100%\u00bb global_colors_info=\u00bb{}\u00bb][et_pb_row column_structure=\u00bb1_2,1_2&#8243; _builder_version=\u00bb4.18.0&#8243; _module_preset=\u00bbdefault\u00bb width=\u00bb100%\u00bb custom_padding=\u00bb|||1px||\u00bb global_colors_info=\u00bb{}\u00bb][et_pb_column type=\u00bb1_2&#8243; _builder_version=\u00bb4.18.0&#8243; _module_preset=\u00bbdefault\u00bb global_colors_info=\u00bb{}\u00bb][et_pb_text _builder_version=\u00bb4.18.0&#8243; _module_preset=\u00bbdefault\u00bb hover_enabled=\u00bb0&#8243; global_colors_info=\u00bb{}\u00bb sticky_enabled=\u00bb0&#8243;]<p>Elx en Bici ens convoca a la <strong>marxa amb bici<\/strong> que eixir\u00e0 a les 10:00h del mat\u00ed des de la pla\u00e7a Barcelona i discorrer\u00e0 pel que seria l&#8217;anell ciclista del centre, posant l&#8217;accent en els trams sense habilitar adequadament, com \u00e9s l&#8217;avinguda de la Llibertat i, especialment, un dels trams desmantellats (Joan Carles I) o amena\u00e7ats (Mario Soler Olmos).<\/p>\n<p>Aquelles persones que no puguen fer el recorregut amb bici, poden acudir a l&#8217;Ajuntament d&#8217;Elx, en la pla\u00e7a de Baix, a l&#8217;hora prevista d&#8217;arribada: 11:30h.<\/p>\n<p>Com hem comptat&#8230; <a href=\"https:\/\/www.facebook.com\/hashtag\/conbiciniunpasoatr%C3%A1s\">#ConBiciNiUnPasoAtr\u00e1s<\/a><br \/>No et quedes a casa, hi ha molt en joc!<\/p>\n<p>&nbsp;<\/p>\n<h4>RECORREGUT DE LA MARXA<\/h4>\n<h4 style=\"text-align: center;\"><span style=\"color: #0000ff;\"><a href=\"http:\/\/www.volempalmerar.es\/ensmovem\/\" style=\"color: #0000ff;\"><strong><\/strong><\/a><\/span><\/h4>[\/et_pb_text][et_pb_image src=\u00bbhttps:\/\/raval.es\/elx\/wp-content\/uploads\/2023\/09\/bicifestaciomapa.jpeg\u00bb title_text=\u00bbbicifestaciomapa\u00bb show_in_lightbox=\u00bbon\u00bb _builder_version=\u00bb4.18.0&#8243; _module_preset=\u00bbdefault\u00bb global_colors_info=\u00bb{}\u00bb][\/et_pb_image][\/et_pb_column][et_pb_column type=\u00bb1_2&#8243; _builder_version=\u00bb4.18.0&#8243; _module_preset=\u00bbdefault\u00bb global_colors_info=\u00bb{}\u00bb][et_pb_image src=\u00bbhttps:\/\/raval.es\/elx\/wp-content\/uploads\/2023\/09\/bicifestaciocArtell.jpeg\u00bb title_text=\u00bbbicifestaciocArtell\u00bb url=\u00bbhttps:\/\/margallo.org\/12577-2\/\u00bb _builder_version=\u00bb4.18.0&#8243; _module_preset=\u00bbdefault\u00bb global_colors_info=\u00bb{}\u00bb][\/et_pb_image][\/et_pb_column][\/et_pb_row][\/et_pb_section]\n","protected":false},"excerpt":{"rendered":"<p>Elx en Bici ens convoca a la marxa amb bici que eixir\u00e0 a les 10:00h del mat\u00ed des de la pla\u00e7a Barcelona i discorrer\u00e0 pel que seria l&#8217;anell ciclista del centre,<\/p>\n","protected":false},"author":1,"featured_media":6691,"comment_status":"closed","ping_status":"open","sticky":false,"template":"","format":"standard","meta":{"_et_pb_use_builder":"on","_et_pb_old_content":"","_et_gb_content_width":"2880","_joinchat":[],"footnotes":""},"categories":[51],"tags":[],"class_list":["post-6689","post","type-post","status-publish","format-standard","has-post-thumbnail","hentry","category-noticias"],"_links":{"self":[{"href":"https:\/\/raval.es\/elx\/wp-json\/wp\/v2\/posts\/6689","targetHints":{"allow":["GET"]}}],"collection":[{"href":"https:\/\/raval.es\/elx\/wp-json\/wp\/v2\/posts"}],"about":[{"href":"https:\/\/raval.es\/elx\/wp-json\/wp\/v2\/types\/post"}],"author":[{"embeddable":true,"href":"https:\/\/raval.es\/elx\/wp-json\/wp\/v2\/users\/1"}],"replies":[{"embeddable":true,"href":"https:\/\/raval.es\/elx\/wp-json\/wp\/v2\/comments?post=6689"}],"version-history":[{"count":5,"href":"https:\/\/raval.es\/elx\/wp-json\/wp\/v2\/posts\/6689\/revisions"}],"predecessor-version":[{"id":6699,"href":"https:\/\/raval.es\/elx\/wp-json\/wp\/v2\/posts\/6689\/revisions\/6699"}],"wp:featuredmedia":[{"embeddable":true,"href":"https:\/\/raval.es\/elx\/wp-json\/wp\/v2\/media\/6691"}],"wp:attachment":[{"href":"https:\/\/raval.es\/elx\/wp-json\/wp\/v2\/media?parent=6689"}],"wp:term":[{"taxonomy":"category","embeddable":true,"href":"https:\/\/raval.es\/elx\/wp-json\/wp\/v2\/categories?post=6689"},{"taxonomy":"post_tag","embeddable":true,"href":"https:\/\/raval.es\/elx\/wp-json\/wp\/v2\/tags?post=6689"}],"curies":[{"name":"wp","href":"https:\/\/api.w.org\/{rel}","templated":true}]}}