{"id":6796,"date":"2023-10-13T17:00:57","date_gmt":"2023-10-13T17:00:57","guid":{"rendered":"https:\/\/raval.es\/elx\/?p=6796"},"modified":"2023-10-13T17:15:25","modified_gmt":"2023-10-13T17:15:25","slug":"fentelx","status":"publish","type":"post","link":"https:\/\/raval.es\/elx\/fentelx\/","title":{"rendered":"FENT&#8217;ELX a la Foia"},"content":{"rendered":"<div id=\"fb-root\"><\/div>\n<p>[et_pb_section fb_built=\u00bb1&#8243; _builder_version=\u00bb4.18.0&#8243; _module_preset=\u00bbdefault\u00bb width=\u00bb100%\u00bb global_colors_info=\u00bb{}\u00bb][et_pb_row column_structure=\u00bb1_2,1_2&#8243; _builder_version=\u00bb4.18.0&#8243; _module_preset=\u00bbdefault\u00bb width=\u00bb100%\u00bb custom_padding=\u00bb|||1px||\u00bb global_colors_info=\u00bb{}\u00bb][et_pb_column type=\u00bb1_2&#8243; _builder_version=\u00bb4.18.0&#8243; _module_preset=\u00bbdefault\u00bb global_colors_info=\u00bb{}\u00bb][et_pb_text _builder_version=\u00bb4.18.0&#8243; _module_preset=\u00bbdefault\u00bb global_colors_info=\u00bb{}\u00bb]<\/p>\n<p>De 10.30 a 20.30h vine a gaudir de un bon grapat d&#8217;activitats: expossicions, carpes, m\u00fasica, tallres, debats&#8230;<br \/>Una cita de l&#8217;ACD La Foia per a promoure el moviment associatiu, sobretot entre els j\u00f3vens.<\/p>\n<p>No et direm que t&#8217;ho passaras d&#8217;all\u00f2 m\u00e9s b\u00e9 perqu\u00e8 nom\u00e9s veient el programa ja et pots fer una idea.<\/p>\n<p>T&#8217;esperem<\/p>\n<h4 style=\"text-align: center;\"><span style=\"color: #0000ff;\"><a href=\"http:\/\/www.volempalmerar.es\/ensmovem\/\" style=\"color: #0000ff;\"><strong><\/strong><\/a><\/span><\/h4>\n<p>[\/et_pb_text][et_pb_code _builder_version=\u00bb4.18.0&#8243; _module_preset=\u00bbdefault\u00bb global_colors_info=\u00bb{}\u00bb]<iframe src=\"https:\/\/www.google.com\/maps\/embed?pb=!1m18!1m12!1m3!1d3134.945939670189!2d-0.6866400234319822!3d38.2111517718788!2m3!1f0!2f0!3f0!3m2!1i1024!2i768!4f13.1!3m3!1m2!1s0xd63b15daf728b5d%3A0xa1ba8c54a78afe5!2sLa%20Torre%20Del%20Gall!5e0!3m2!1ses!2ses!4v1697216565196!5m2!1ses!2ses\" width=\"600\" height=\"450\" style=\"border:0;\" allowfullscreen=\"\" loading=\"lazy\" referrerpolicy=\"no-referrer-when-downgrade\"><\/iframe>[\/et_pb_code][et_pb_text _builder_version=\u00bb4.18.0&#8243; _module_preset=\u00bbdefault\u00bb hover_enabled=\u00bb0&#8243; sticky_enabled=\u00bb0&#8243;]<a href=\"http:\/\/www.acdlahoya.org\"><img loading=\"lazy\" decoding=\"async\" src=\"https:\/\/raval.es\/elx\/wp-content\/uploads\/2020\/04\/LOGO-ACD-LA-HOYA-300x167.png\" width=\"200\" height=\"110\" alt=\"\" class=\"wp-image-4071 alignnone size-medium\" style=\"display: block; margin-left: auto; margin-right: auto;\" \/><\/a>[\/et_pb_text][\/et_pb_column][et_pb_column type=\u00bb1_2&#8243; _builder_version=\u00bb4.18.0&#8243; _module_preset=\u00bbdefault\u00bb global_colors_info=\u00bb{}\u00bb][et_pb_image src=\u00bbhttps:\/\/raval.es\/elx\/wp-content\/uploads\/2023\/10\/fentelx-programa.jpg\u00bb title_text=\u00bbfentelx-programa\u00bb show_in_lightbox=\u00bbon\u00bb _builder_version=\u00bb4.18.0&#8243; _module_preset=\u00bbdefault\u00bb global_colors_info=\u00bb{}\u00bb][\/et_pb_image][et_pb_image src=\u00bbhttps:\/\/raval.es\/elx\/wp-content\/uploads\/2023\/10\/fentelx.jpg\u00bb title_text=\u00bbfentelx\u00bb _builder_version=\u00bb4.18.0&#8243; _module_preset=\u00bbdefault\u00bb global_colors_info=\u00bb{}\u00bb][\/et_pb_image][\/et_pb_column][\/et_pb_row][\/et_pb_section]<\/p>\n","protected":false},"excerpt":{"rendered":"<p>14 d&#8217;octubre Jornades d&#8217;associacionisme i joventut<br \/>\nA la Pla\u00e7a de la Torre del Gall<\/p>\n","protected":false},"author":1,"featured_media":6805,"comment_status":"closed","ping_status":"open","sticky":false,"template":"","format":"standard","meta":{"_et_pb_use_builder":"on","_et_pb_old_content":"","_et_gb_content_width":"2880","_joinchat":[],"footnotes":""},"categories":[51],"tags":[],"class_list":["post-6796","post","type-post","status-publish","format-standard","has-post-thumbnail","hentry","category-noticias"],"_links":{"self":[{"href":"https:\/\/raval.es\/elx\/wp-json\/wp\/v2\/posts\/6796","targetHints":{"allow":["GET"]}}],"collection":[{"href":"https:\/\/raval.es\/elx\/wp-json\/wp\/v2\/posts"}],"about":[{"href":"https:\/\/raval.es\/elx\/wp-json\/wp\/v2\/types\/post"}],"author":[{"embeddable":true,"href":"https:\/\/raval.es\/elx\/wp-json\/wp\/v2\/users\/1"}],"replies":[{"embeddable":true,"href":"https:\/\/raval.es\/elx\/wp-json\/wp\/v2\/comments?post=6796"}],"version-history":[{"count":7,"href":"https:\/\/raval.es\/elx\/wp-json\/wp\/v2\/posts\/6796\/revisions"}],"predecessor-version":[{"id":6808,"href":"https:\/\/raval.es\/elx\/wp-json\/wp\/v2\/posts\/6796\/revisions\/6808"}],"wp:featuredmedia":[{"embeddable":true,"href":"https:\/\/raval.es\/elx\/wp-json\/wp\/v2\/media\/6805"}],"wp:attachment":[{"href":"https:\/\/raval.es\/elx\/wp-json\/wp\/v2\/media?parent=6796"}],"wp:term":[{"taxonomy":"category","embeddable":true,"href":"https:\/\/raval.es\/elx\/wp-json\/wp\/v2\/categories?post=6796"},{"taxonomy":"post_tag","embeddable":true,"href":"https:\/\/raval.es\/elx\/wp-json\/wp\/v2\/tags?post=6796"}],"curies":[{"name":"wp","href":"https:\/\/api.w.org\/{rel}","templated":true}]}}