{"id":6948,"date":"2024-01-18T19:31:11","date_gmt":"2024-01-18T19:31:11","guid":{"rendered":"https:\/\/raval.es\/elx\/?p=6948"},"modified":"2024-01-18T19:54:07","modified_gmt":"2024-01-18T19:54:07","slug":"mercateco-g24","status":"publish","type":"post","link":"https:\/\/raval.es\/elx\/mercateco-g24\/","title":{"rendered":"Mercat Ecol\u00f2gic d&#8217;Elx"},"content":{"rendered":"<div id=\"fb-root\"><\/div>\n<p>[et_pb_section fb_built=\u00bb1&#8243; admin_label=\u00bbsection\u00bb _builder_version=\u00bb4.16&#8243; global_colors_info=\u00bb{}\u00bb][et_pb_row admin_label=\u00bbrow\u00bb _builder_version=\u00bb4.16&#8243; background_size=\u00bbinitial\u00bb background_position=\u00bbtop_left\u00bb background_repeat=\u00bbrepeat\u00bb global_colors_info=\u00bb{}\u00bb][et_pb_column type=\u00bb4_4&#8243; _builder_version=\u00bb4.16&#8243; custom_padding=\u00bb|||\u00bb global_colors_info=\u00bb{}\u00bb custom_padding__hover=\u00bb|||\u00bb][et_pb_text admin_label=\u00bbText\u00bb _builder_version=\u00bb4.18.0&#8243; background_size=\u00bbinitial\u00bb background_position=\u00bbtop_left\u00bb background_repeat=\u00bbrepeat\u00bb global_colors_info=\u00bb{}\u00bb]<!-- divi:paragraph --><\/p>\n<p><!-- \/divi:paragraph --><\/p>\n<p><!-- divi:image {\"id\":6147,\"sizeSlug\":\"large\",\"linkDestination\":\"custom\"} --><\/p>\n<figure class=\"wp-block-image size-large\"><img decoding=\"async\" src=\"https:\/\/raval.es\/elx\/wp-content\/uploads\/2024\/01\/mercateco_20G24.jpg\" alt=\"\" class=\"wp-image-6147\"\/><\/figure>\n<p><!-- \/divi:image --><\/p>\n<p><strong><span class=\"x193iq5w xeuugli x13faqbe x1vvkbs xlh3980 xvmahel x1n0sxbx x1lliihq x1s928wv xhkezso x1gmr53x x1cpjm7i x1fgarty x1943h6x xudqn12 x3x7a5m x6prxxf xvq8zen xo1l8bm xzsf02u x1yc453h\" dir=\"auto\">&nbsp;<\/span><\/strong><\/p>\n<p>El primer y tercer s\u00e1bado de cada mes los productores ecol\u00f3gicos locales montan mercadillo en el Raval. Aprovecha para hacerte con productos de temporada saludables y respetuosos con tu entorno<\/p>\n<p>Adquireix aliments ecol\u00f2gics i altres productes saludables produ\u00efts amb molt d&#8217;afecte i amor per nuestr@s productor@s locals. Fruites, hortalisses, pans i rebosteria, olives, olis, mels, dol\u00e7os i gelats, t\u00e9s i infusions, vins, menjar veg\u00e0 i m\u00e9s.<\/p>\n<p>Perqu\u00e8 comprant ecol\u00f2gic i local constru\u00efm sistemes alimentaris m\u00e9s justos i sostenibles. Tu tamb\u00e9 canvies el m\u00f3n!!!!!<\/p>\n<p><span class=\"_5mfr\"><span class=\"_6qdm\">&#x1f964;<\/span><\/span><span class=\"_5mfr\"><span class=\"_6qdm\">&#x1f368;<\/span><\/span><span class=\"_5mfr\"><span class=\"_6qdm\">&#x1f345;<\/span><\/span><span class=\"_5mfr\"><span class=\"_6qdm\">&#x1f346;<\/span><\/span><span class=\"_5mfr\"><span class=\"_6qdm\">&#x1f955;<\/span><\/span><span class=\"_5mfr\"><span class=\"_6qdm\">&#x1f954;<\/span><\/span><span class=\"_5mfr\"><span class=\"_6qdm\">&#x1f9c0;<\/span><\/span><span class=\"_5mfr\"><span class=\"_6qdm\">&#x1f354;<\/span><\/span><span class=\"_5mfr\"><span class=\"_6qdm\">&#x1f355;<\/span><\/span><span class=\"_5mfr\"><span class=\"_6qdm\">&#x1f35e;<\/span><\/span><span class=\"_5mfr\"><span class=\"_6qdm\">&#x1f36a;<\/span><\/span><span class=\"_5mfr\"><span class=\"_6qdm\">&#x1f36f;<\/span><\/span><\/p>\n<p>[\/et_pb_text][\/et_pb_column][\/et_pb_row][et_pb_row _builder_version=\u00bb4.18.0&#8243; _module_preset=\u00bbdefault\u00bb global_colors_info=\u00bb{}\u00bb][et_pb_column type=\u00bb4_4&#8243; _builder_version=\u00bb4.18.0&#8243; _module_preset=\u00bbdefault\u00bb global_colors_info=\u00bb{}\u00bb][et_pb_code _builder_version=\u00bb4.18.0&#8243; _module_preset=\u00bbdefault\u00bb hover_enabled=\u00bb0&#8243; global_colors_info=\u00bb{}\u00bb sticky_enabled=\u00bb0&#8243;]                    <style>\n                                            .flickr-img-responsive {\n                            width:100% !important;\n                            height:auto !important;\n                            display:block !important;\n                        }\n                        .LoadingImg img {\n                            max-width: 45px;\n                            max-height: 45px;\n                            box-shadow: none;\n                        }\n                        .wpfrank-flickr-div{\n                            padding:15px;\n                        }\n                        @media (max-width: 786px){\n                            .col-md-3 {\n                                width:49.9%;\n                                float:left;\n                            }\n                        }\n                        .play-pause {\n                            display: none !important;\n                        }\n                        .gallery1970 {\n                            overflow:hidden;\n                            clear: both;\n                        }\n                        .fnf{\n                            background-color: #a92929;\n                            border-radius: 5px;\n                            color: #fff;\n                            font-family: initial;\n                            text-align: center;\n                            padding:12px;\n                        }\n                    <\/style>\n                    <script type=\"text\/javascript\">\n                    jQuery(function() {\n                        jQuery('.gallery-1970').flickr({\n                            apiKey: '037c012784565c3b5691cc5a0aa912b7',\n                            photosetId: '72157692290382481'\n                        });\n                    });\n\n                    ;(function ($, window, document, undefined) {\n                        'use strict';\n                        var pluginName = \"flickr\",\n                            defaults = {\n                                apiKey: \"\",\n                                photosetId: \"\",\n                                errorText: \"<div class='fnf'><i class='far fa-times-circle'><\/i> Error generating gallery.<\/div>\",\n                                loadingSpeed: 38,\n                                photosLimit: 200\n                            },\n                            apiUrl = 'https:\/\/api.flickr.com\/services\/rest\/',\n                            photos = [];\n\n                        function Plugin(element, options) {\n                            this.element = $(element);\n                            this.settings = $.extend({}, defaults, options);\n                            this._defaults = defaults;\n                            this._name = pluginName;\n\n                            this._hideSpinner = function() {\n                                this.element.find('.spinner-wrapper').hide().find('*').hide();\n                            };\n\n                            this._printError = function() {\n                                this.element.find('.gallery-container').append($(\"<div><\/div>\", { \"class\": \"col-lg-12\" })\n                                    .append($(\"<div><\/div>\", { \"class\": \"error-wrapper\" })\n                                        .append($(\"<span><\/span>\", { \"class\": \"label label-danger error\" })\n                                            .html(this.settings.errorText))));\n                            };\n\n                            this._flickrAnimate = function() {\n                                this.element.find('.gallery-container img').each($.proxy(function(index, el) {\n                                    var image = el;\n                                    setTimeout(function() {\n                                        $(image).parent().fadeIn();\n                                    }, this.settings.loadingSpeed * index);\n                                }, this));\n                            };\n\n                            this._printGallery = function(photos) {\n                                var element = this.element.find('.gallery-container');\n                                if (!photos || photos.length === 0) {\n                                    this._hideSpinner();\n                                    this._printError();\n                                    return;\n                                }\n                                $.each(photos, function(key, photo) {\n                                    if (!photo || !photo.thumbnail) return; \/\/ Skip undefined or invalid photos\n                                    var img = $('<img>', { 'class': 'thumb img-thumbnail flickr-img-responsive', src: photo.thumbnail, 'alt': photo.title });\n                                    element.append($('<div><\/div>', { 'class': ' col-md-3 col-sm-4 col-center wpfrank-flickr-div' })\n                                        .append($('<a><\/a>', { 'class': '', href: photo.href, 'data-gallery': '', 'title': photo.title }).hide()\n                                            .append(img)));\n                                });\n\n                                element.imagesLoaded()\n                                    .done($.proxy(this._flickrAnimate, this))\n                                    .always($.proxy(this._hideSpinner, this));\n                            };\n\n                            this._flickrPhotoset = function(photoset) {\n                                var _this = this;\n                                photos[photoset.id] = [];\n                                $.each(photoset.photo, function(key, photo) {\n                                    if (photo.media !== \"photo\") {\n                                        return true; \/\/ Skip videos\n                                    }\n                                    if (key >= _this.settings.photosLimit) {\n                                        return false;\n                                    }\n                                    photos[photoset.id][key] = {\n                                        thumbnail: 'https:\/\/farm' + photo.farm + '.static.flickr.com\/' + photo.server + '\/' + photo.id + '_' + photo.secret + '_q.jpg',\n                                        href: 'https:\/\/farm' + photo.farm + '.static.flickr.com\/' + photo.server + '\/' + photo.id + '_' + photo.secret + '_b.jpg',\n                                        title: photo.title\n                                    };\n                                });\n\n                                console.log('Filtered photos:', photos[photoset.id]); \/\/ Debug log\n                                if (photos[photoset.id].length > 0) {\n                                    this._printGallery(photos[photoset.id]);\n                                } else {\n                                    this._hideSpinner();\n                                    this._printError();\n                                }\n                            };\n\n                            this._onFlickrResponse = function(response) {\n                                console.log('API Response:', response); \/\/ Debug log\n                                if (response.stat === \"ok\") {\n                                    this._flickrPhotoset(response.photoset);\n                                } else {\n                                    this._hideSpinner();\n                                    this._printError();\n                                }\n                            };\n\n                            this._flickrRequest = function(method, data) {\n                                var url = apiUrl + \"?format=json&jsoncallback=?&method=\" + method + \"&api_key=\" + this.settings.apiKey;\n                                $.each(data, function(key, value) {\n                                    url += \"&\" + key + \"=\" + value;\n                                });\n\n                                $.ajax({\n                                    dataType: \"json\",\n                                    url: url,\n                                    context: this,\n                                    success: this._onFlickrResponse\n                                });\n                            };\n\n                            this._flickrInit = function () {\n                                this._flickrRequest('flickr.photosets.getPhotos', {\n                                    photoset_id: this.settings.photosetId,\n                                    extras: 'media'\n                                });\n                            };\n\n                            this.init();\n                        }\n\n                        Plugin.prototype = {\n                            init: function () {\n                                this._flickrInit();\n                            }\n                        };\n\n                        $.fn[pluginName] = function (options) {\n                            this.each(function () {\n                                if (!$.data(this, \"plugin_\" + pluginName)) {\n                                    $.data(this, \"plugin_\" + pluginName, new Plugin(this, options));\n                                }\n                            });\n                            return this;\n                        };\n                    })(jQuery, window, document);\n                    <\/script>\n                    <div class=\"gallery-1970\">\n                                                    <h3>Mercat Ecol\u00f2gic i Local al Raval<\/h3>\n                                                <div class=\"row\">\n                            <div class=\"col-xs-12 spinner-wrapper\">\n                                <div class=\"LoadingImg\"><img decoding=\"async\" src=\"https:\/\/raval.es\/elx\/wp-content\/plugins\/flickr-album-gallery\/img\/loading.gif\" \/><\/div>\n                            <\/div>\n                            <div align=\"center\" class=\"gallery-container\"><\/div>\n                        <\/div>\n                    <\/div>\n                    \n            <!-- Blueimp gallery -->\n            <div id=\"blueimp-gallery-1970\" class=\"blueimp-gallery blueimp-gallery-controls\">\n                <div class=\"slides\"><\/div>\n                <h3 class=\"title\"><\/h3>\n                <a class=\"prev\">\u2039<\/a>\n                <a class=\"next\">\u203a<\/a>\n                <a class=\"close\">\u00d7<\/a>\n                <a class=\"play-pause\"><\/a>\n                <ol class=\"indicator\"><\/ol>\n                <div class=\"modal fade\">\n                    <div class=\"modal-dialog\">\n                        <div class=\"modal-content\">\n                            <div class=\"modal-header\">\n                                <button type=\"button\" class=\"close\" aria-hidden=\"true\">\u00d7<\/button>\n                                <h4 class=\"modal-title\"><\/h4>\n                            <\/div>\n                            <div class=\"modal-body next\"><\/div>\n                            <div class=\"modal-footer\">\n                                <button type=\"button\" class=\"btn btn-default pull-left prev\">\n                                    <i class=\"glyphicon glyphicon-chevron-left\"><\/i>\n                                    Previous                                <\/button>\n                                <button type=\"button\" class=\"btn btn-primary next\">\n                                    Next                                    <i class=\"glyphicon glyphicon-chevron-right\"><\/i>\n                                <\/button>\n                            <\/div>\n                        <\/div>\n                    <\/div>\n                <\/div>\n            <\/div>\n\n            <script type=\"text\/javascript\">\n            jQuery(function() {\n                jQuery.extend(blueimp.Gallery.prototype.options, {\n                    useBootstrapModal: false,\n                    hidePageScrollbars: false,\n                    container: \"#blueimp-gallery-1970\",\n                });\n            });\n            <\/script>\n\n            [\/et_pb_code][\/et_pb_column][\/et_pb_row][\/et_pb_section]<\/p>\n","protected":false},"excerpt":{"rendered":"<p>Comencem el nou any amb el mercat de productes ecol\u00f2gics i locals a la Pla\u00e7a Major del Raval. Este dissabte, 20 des de les 10 del mat\u00ed<\/p>\n","protected":false},"author":1,"featured_media":5247,"comment_status":"closed","ping_status":"closed","sticky":false,"template":"","format":"standard","meta":{"_et_pb_use_builder":"on","_et_pb_old_content":"<!-- wp:paragraph -->\n<p><\/p>\n<!-- \/wp:paragraph -->\n\n<!-- wp:image {\"id\":6147,\"sizeSlug\":\"large\",\"linkDestination\":\"custom\"} -->\n<figure class=\"wp-block-image size-large\"><img src=\"https:\/\/raval.es\/elx\/wp-content\/uploads\/2022\/11\/mercat3XII22-1024x1024.jpg\" alt=\"\" class=\"wp-image-6147\"\/><\/figure>\n<!-- \/wp:image -->\n\n<p><strong><span class=\"x193iq5w xeuugli x13faqbe x1vvkbs xlh3980 xvmahel x1n0sxbx x1lliihq x1s928wv xhkezso x1gmr53x x1cpjm7i x1fgarty x1943h6x xudqn12 x3x7a5m x6prxxf xvq8zen xo1l8bm xzsf02u x1yc453h\" dir=\"auto\">&nbsp;<\/span><\/strong><\/p>\n<p>El primer y tercer s\u00e1bado de cada mes los productores ecol\u00f3gicos locales montan mercadillo en el Raval. Aprovecha para hacerte con productos de temporada saludables y respetuosos con tu entorno<\/p>\n<p>Adquireix aliments ecol\u00f2gics i altres productes saludables produ\u00efts amb molt d'afecte i amor per nuestr@s productor@s locals. Fruites, hortalisses, pans i rebosteria, olives, olis, mels, dol\u00e7os i gelats, t\u00e9s i infusions, vins, menjar veg\u00e0 i m\u00e9s.<\/p>\n<p>Perqu\u00e8 comprant ecol\u00f2gic i local constru\u00efm sistemes alimentaris m\u00e9s justos i sostenibles. Tu tamb\u00e9 canvies el m\u00f3n!!!!!<\/p>\n<p><span class=\"_5mfr\"><span class=\"_6qdm\">&#x1f964;<\/span><\/span><span class=\"_5mfr\"><span class=\"_6qdm\">&#x1f368;<\/span><\/span><span class=\"_5mfr\"><span class=\"_6qdm\">&#x1f345;<\/span><\/span><span class=\"_5mfr\"><span class=\"_6qdm\">&#x1f346;<\/span><\/span><span class=\"_5mfr\"><span class=\"_6qdm\">&#x1f955;<\/span><\/span><span class=\"_5mfr\"><span class=\"_6qdm\">&#x1f954;<\/span><\/span><span class=\"_5mfr\"><span class=\"_6qdm\">&#x1f9c0;<\/span><\/span><span class=\"_5mfr\"><span class=\"_6qdm\">&#x1f354;<\/span><\/span><span class=\"_5mfr\"><span class=\"_6qdm\">&#x1f355;<\/span><\/span><span class=\"_5mfr\"><span class=\"_6qdm\">&#x1f35e;<\/span><\/span><span class=\"_5mfr\"><span class=\"_6qdm\">&#x1f36a;<\/span><\/span><span class=\"_5mfr\"><span class=\"_6qdm\">&#x1f36f;<\/span><\/span><\/p>","_et_gb_content_width":"","_joinchat":[],"footnotes":""},"categories":[51],"tags":[],"class_list":["post-6948","post","type-post","status-publish","format-standard","has-post-thumbnail","hentry","category-noticias"],"_links":{"self":[{"href":"https:\/\/raval.es\/elx\/wp-json\/wp\/v2\/posts\/6948","targetHints":{"allow":["GET"]}}],"collection":[{"href":"https:\/\/raval.es\/elx\/wp-json\/wp\/v2\/posts"}],"about":[{"href":"https:\/\/raval.es\/elx\/wp-json\/wp\/v2\/types\/post"}],"author":[{"embeddable":true,"href":"https:\/\/raval.es\/elx\/wp-json\/wp\/v2\/users\/1"}],"replies":[{"embeddable":true,"href":"https:\/\/raval.es\/elx\/wp-json\/wp\/v2\/comments?post=6948"}],"version-history":[{"count":7,"href":"https:\/\/raval.es\/elx\/wp-json\/wp\/v2\/posts\/6948\/revisions"}],"predecessor-version":[{"id":6965,"href":"https:\/\/raval.es\/elx\/wp-json\/wp\/v2\/posts\/6948\/revisions\/6965"}],"wp:featuredmedia":[{"embeddable":true,"href":"https:\/\/raval.es\/elx\/wp-json\/wp\/v2\/media\/5247"}],"wp:attachment":[{"href":"https:\/\/raval.es\/elx\/wp-json\/wp\/v2\/media?parent=6948"}],"wp:term":[{"taxonomy":"category","embeddable":true,"href":"https:\/\/raval.es\/elx\/wp-json\/wp\/v2\/categories?post=6948"},{"taxonomy":"post_tag","embeddable":true,"href":"https:\/\/raval.es\/elx\/wp-json\/wp\/v2\/tags?post=6948"}],"curies":[{"name":"wp","href":"https:\/\/api.w.org\/{rel}","templated":true}]}}