{"id":7253,"date":"2024-04-12T13:43:41","date_gmt":"2024-04-12T13:43:41","guid":{"rendered":"https:\/\/raval.es\/elx\/?p=7253"},"modified":"2024-04-21T11:33:55","modified_gmt":"2024-04-21T11:33:55","slug":"asignacions2024","status":"publish","type":"post","link":"https:\/\/raval.es\/elx\/asignacions2024\/","title":{"rendered":"ASSIGNACIONS DE MICRO PARCEL\u00b7LES"},"content":{"rendered":"<div id=\"fb-root\"><\/div>\n<p>[et_pb_section fb_built=\u00bb1&#8243; _builder_version=\u00bb4.16&#8243; _module_preset=\u00bbdefault\u00bb global_colors_info=\u00bb{}\u00bb][et_pb_row column_structure=\u00bb2_5,3_5&#8243; _builder_version=\u00bb4.16&#8243; _module_preset=\u00bbdefault\u00bb global_colors_info=\u00bb{}\u00bb][et_pb_column type=\u00bb2_5&#8243; _builder_version=\u00bb4.16&#8243; _module_preset=\u00bbdefault\u00bb background_color=\u00bb#88c4dd\u00bb global_colors_info=\u00bb{}\u00bb][et_pb_text _builder_version=\u00bb4.16&#8243; _module_preset=\u00bbdefault\u00bb min_height=\u00bb104px\u00bb inline_fonts=\u00bbUbuntu,Ubuntu Mono\u00bb global_colors_info=\u00bb{}\u00bb]<\/p>\n<h2 style=\"text-align: center;\"><span style=\"color: #ffffff; font-family: Ubuntu; font-weight: normal;\">M\u00e9s infomaci\u00f3 i contacte:<\/span><br \/><span style=\"color: #ffffff; font-family: Ubuntu; font-weight: normal;\"> <a href=\"mailto:horta@raval.es\" style=\"color: #ffffff;\"><strong><\/strong><\/a><strong><a style=\"color: #ffffff;\">horta@raval.es<\/a><\/strong><\/span><\/h2>\n<p style=\"text-align: center;\"><span style=\"font-size: large;\"><strong><img loading=\"lazy\" decoding=\"async\" src=\"https:\/\/raval.es\/elx\/wp-content\/uploads\/2018\/07\/WhatsApp-Logo-297x300.png\" alt=\"\" class=\"wp-image-2281 alignnone size-medium\" width=\"27\" height=\"30\" \/><img loading=\"lazy\" decoding=\"async\" src=\"https:\/\/raval.es\/elx\/wp-content\/uploads\/2021\/02\/telegramweb.png\" alt=\"\" class=\"wp-image-4552 alignnone size-full\" width=\"30\" height=\"30\" srcset=\"https:\/\/raval.es\/elx\/wp-content\/uploads\/2021\/02\/telegramweb.png 150w, https:\/\/raval.es\/elx\/wp-content\/uploads\/2021\/02\/telegramweb-21x21.png 21w, https:\/\/raval.es\/elx\/wp-content\/uploads\/2021\/02\/telegramweb-36x36.png 36w, https:\/\/raval.es\/elx\/wp-content\/uploads\/2021\/02\/telegramweb-48x48.png 48w\" sizes=\"auto, (max-width: 30px) 100vw, 30px\" \/><\/strong><span style=\"font-family: Ubuntu; font-weight: normal; font-size: x-large; color: #ffffff;\"><strong>747 48 62 35<br \/><\/strong><\/span><\/span><\/p>\n<h4><strong>\u00a0<\/strong><\/h4>\n<p>[\/et_pb_text][et_pb_text _builder_version=\u00bb4.18.0&#8243; _module_preset=\u00bbdefault\u00bb link_option_url=\u00bbhttps:\/\/raval.es\/dox\/Hort-de-Felip\/ASSIGNATARIS2024.pdf\u00bb link_option_url_new_window=\u00bbon\u00bb global_colors_info=\u00bb{}\u00bb]<\/p>\n<h3 style=\"text-align: center;\"><a href=\"https:\/\/raval.es\/dox\/Hort-de-Felip\/ASSIGNATARIS2024.pdf\">RELACI\u00d3N de ASIGNATARIOS\/AS<\/a><br \/><a href=\"https:\/\/raval.es\/dox\/Hort-de-Felip\/ASSIGNATARIS2024.pdf\"> MICROPARCELAS <\/a><br \/><a href=\"https:\/\/raval.es\/dox\/Hort-de-Felip\/ASSIGNATARIS2024.pdf\">HORT DE FELIP (pdf)<\/a><\/h3>\n<p><a href=\"https:\/\/raval.es\/dox\/Hort-de-Felip\/asignacion2021.pdf\"><\/a><img loading=\"lazy\" decoding=\"async\" src=\"https:\/\/raval.es\/elx\/wp-content\/uploads\/2024\/04\/assignatp2024-184x300.png\" width=\"184\" height=\"300\" alt=\"\" class=\"wp-image-7202 alignnone size-medium\" style=\"display: block; margin-left: auto; margin-right: auto;\" \/><\/p>\n<p>[\/et_pb_text][et_pb_text _builder_version=\u00bb4.18.0&#8243; _module_preset=\u00bbdefault\u00bb link_option_url=\u00bbhttps:\/\/raval.es\/dox\/Hort-de-Felip\/ASIGN-ENTITATS24.pdf\u00bb link_option_url_new_window=\u00bbon\u00bb hover_enabled=\u00bb0&#8243; global_colors_info=\u00bb{}\u00bb sticky_enabled=\u00bb0&#8243;]<\/p>\n<h3 style=\"text-align: center;\"><a href=\"https:\/\/raval.es\/dox\/Hort-de-Felip\/ASIGN-ENTITATS24.pdf\">RELACI\u00d3N de ENTIDADES ASIGNATARIAS<\/a><br \/><a href=\"https:\/\/raval.es\/dox\/Hort-de-Felip\/ASIGN-ENTITATS24.pdf\"> MICROPARCELAS <\/a><br \/><a href=\"https:\/\/raval.es\/dox\/Hort-de-Felip\/ASIGN-ENTITATS24.pdf\">HORT DE FELIP (pdf)<\/a><\/h3>\n<p><img loading=\"lazy\" decoding=\"async\" src=\"https:\/\/raval.es\/elx\/wp-content\/uploads\/2024\/04\/entitasHdF24-300x150.png\" width=\"300\" height=\"150\" alt=\"\" class=\"wp-image-7266 alignnone size-medium\" style=\"display: block; margin-left: auto; margin-right: auto;\" \/><\/p>\n<p>[\/et_pb_text][et_pb_text _builder_version=\u00bb4.18.0&#8243; _module_preset=\u00bbdefault\u00bb link_option_url=\u00bbhttps:\/\/raval.es\/dox\/Hort-de-Felip\/SORTEIG2024HdF.pdf\u00bb link_option_url_new_window=\u00bbon\u00bb global_colors_info=\u00bb{}\u00bb]<\/p>\n<h3 style=\"text-align: center;\"><a href=\"https:\/\/raval.es\/dox\/Hort-de-Felip\/SORTEIG2024HdF.pdf\">Sorteo de microparcelas<\/a><br \/><a href=\"https:\/\/raval.es\/dox\/Hort-de-Felip\/SORTEIG2024HdF.pdf\"> HORT DE FELIP (pdf)<span style=\"color: #ff0000;\"><strong><br \/><\/strong><\/span><\/a><\/h3>\n<h3 style=\"text-align: center;\"><img loading=\"lazy\" decoding=\"async\" src=\"https:\/\/raval.es\/elx\/wp-content\/uploads\/2024\/04\/sorteigasigna24-181x300.png\" width=\"181\" height=\"300\" alt=\"\" class=\"wp-image-7259 alignnone size-medium\" \/><\/h3>\n<p>[\/et_pb_text][et_pb_text _builder_version=\u00bb4.18.0&#8243; _module_preset=\u00bbdefault\u00bb link_option_url=\u00bbhttps:\/\/raval.es\/dox\/Hort-de-Felip\/ACTA-ASSIGN-2024HdF.pdf\u00bb link_option_url_new_window=\u00bbon\u00bb hover_enabled=\u00bb0&#8243; global_colors_info=\u00bb{}\u00bb sticky_enabled=\u00bb0&#8243;]<\/p>\n<h3 style=\"text-align: center;\"><a href=\"https:\/\/raval.es\/dox\/Hort-de-Felip\/ACTA-ASSIGN-2024HdF.pdf\">Acta de Asignaci\u00f3n de microparcelas<\/a><br \/><a href=\"https:\/\/raval.es\/dox\/Hort-de-Felip\/ACTA-ASSIGN-2024HdF.pdf\">HORT DE FELIP (pdf)<\/a><\/h3>\n<h3 style=\"text-align: center;\"><a href=\"https:\/\/raval.es\/dox\/Hort-de-Felip\/ACTA-ASSIGN-2024HdF.pdf\"><img loading=\"lazy\" decoding=\"async\" src=\"https:\/\/raval.es\/elx\/wp-content\/uploads\/2024\/04\/ActaAsigna2024-209x300.png\" width=\"209\" height=\"300\" alt=\"\" class=\"wp-image-7257 alignnone size-medium\" \/><\/a><\/h3>\n<p>[\/et_pb_text][\/et_pb_column][et_pb_column type=\u00bb3_5&#8243; _builder_version=\u00bb4.18.0&#8243; _module_preset=\u00bbdefault\u00bb global_colors_info=\u00bb{}\u00bb][et_pb_text _builder_version=\u00bb4.18.0&#8243; _module_preset=\u00bbdefault\u00bb global_colors_info=\u00bb{}\u00bb]<\/p>\n<h4 style=\"text-align: center;\"><strong>RELACI\u00d3N DEFINITIVA DE ASIGNATARIOS\/AS DE MICROPARCELAS <\/strong><strong>EN EL ECOHUERTO HORT DE FELIP<\/strong><strong><br \/><\/strong><\/h4>\n<p>En los documentos adjuntos (descargables en PDF) se relacionan las solicitudes presentadas a la asignaci\u00f3n de microparcelas en el Ecohuerto del Hort de Felip, las asignaciones por baremaci\u00f3n y sorteo, as\u00ed como el acta de resoluci\u00f3n.<\/p>\n<p>[\/et_pb_text][et_pb_code _builder_version=\u00bb4.18.0&#8243; _module_preset=\u00bbdefault\u00bb global_colors_info=\u00bb{}\u00bb]<a href=\"https:\/\/raval.es\/dox\/Hort-de-Felip\/ASSIGNATARIS2024.pdf\" class=\"pdfemb-viewer\" style=\"\" data-width=\"max\" data-height=\"max\" data-toolbar=\"bottom\" data-toolbar-fixed=\"off\">ASSIGNATARIS2024<\/a>[\/et_pb_code][et_pb_text _builder_version=\u00bb4.18.0&#8243; _module_preset=\u00bbdefault\u00bb link_option_url=\u00bbhttps:\/\/raval.es\/dox\/Hort-de-Felip\/SOLICITUD2024HdF.pdf\u00bb link_option_url_new_window=\u00bbon\u00bb global_colors_info=\u00bb{}\u00bb]<\/p>\n<h3 style=\"text-align: center;\"><strong>Sol\u00b7licituds presentades 2024<\/strong><\/h3>\n<h3 style=\"text-align: center;\"><a href=\"https:\/\/raval.es\/dox\/Hort-de-Felip\/ASSIGNATARIS2024-provisional.pdf\"><span style=\"color: #ff0000;\"><\/span><\/a><a href=\"https:\/\/raval.es\/dox\/Hort-de-Felip\/SOLICITUD2024HdF.pdf\"><img loading=\"lazy\" decoding=\"async\" src=\"https:\/\/raval.es\/elx\/wp-content\/uploads\/2024\/04\/solicituds24-183x300.png\" width=\"183\" height=\"300\" alt=\"\" class=\"wp-image-7261 alignnone size-medium\" \/><\/a><\/h3>\n<h3 style=\"text-align: center;\"><\/h3>\n<p>[\/et_pb_text][\/et_pb_column][\/et_pb_row][et_pb_row _builder_version=\u00bb4.16&#8243; _module_preset=\u00bbdefault\u00bb global_colors_info=\u00bb{}\u00bb][et_pb_column type=\u00bb4_4&#8243; _builder_version=\u00bb4.16&#8243; _module_preset=\u00bbdefault\u00bb global_colors_info=\u00bb{}\u00bb][et_pb_text _builder_version=\u00bb4.18.0&#8243; _module_preset=\u00bbdefault\u00bb global_colors_info=\u00bb{}\u00bb]<\/p>\n<p style=\"text-align: center;\"><img loading=\"lazy\" decoding=\"async\" src=\"https:\/\/raval.es\/elx\/wp-content\/uploads\/2018\/10\/RAVALlogo2108-300x150.png\" alt=\"\" class=\"wp-image-2394 alignnone size-medium\" width=\"150\" height=\"75\" srcset=\"https:\/\/raval.es\/elx\/wp-content\/uploads\/2018\/10\/RAVALlogo2108-300x150.png 300w, https:\/\/raval.es\/elx\/wp-content\/uploads\/2018\/10\/RAVALlogo2108-768x384.png 768w, https:\/\/raval.es\/elx\/wp-content\/uploads\/2018\/10\/RAVALlogo2108.png 898w\" sizes=\"auto, (max-width: 150px) 100vw, 150px\" \/> \u00a0\u00a0\u00a0 \u00a0\u00a0\u00a0<img loading=\"lazy\" decoding=\"async\" src=\"https:\/\/raval.es\/elx\/wp-content\/uploads\/2024\/04\/LOGO-HOR-VAL-AZUL-e1712433751823-300x150.jpg\" width=\"250\" height=\"100\" alt=\"\" class=\"wp-image-7209 alignnone size-medium\" \/><\/p>\n<p>[\/et_pb_text][\/et_pb_column][\/et_pb_row][\/et_pb_section]<\/p>\n","protected":false},"excerpt":{"rendered":"<p>Llistat d&#8217;assignataris\/es de micro parcel\u00b7les de l&#8217;Hort de Felip. Convocat\u00f2ria abril 2024<\/p>\n","protected":false},"author":1,"featured_media":4732,"comment_status":"closed","ping_status":"closed","sticky":false,"template":"","format":"standard","meta":{"_et_pb_use_builder":"on","_et_pb_old_content":"","_et_gb_content_width":"1080","_joinchat":[],"footnotes":""},"categories":[163,64,136,54],"tags":[],"class_list":["post-7253","post","type-post","status-publish","format-standard","has-post-thumbnail","hentry","category-163","category-actividades","category-hort-de-felip","category-hort-urba"],"_links":{"self":[{"href":"https:\/\/raval.es\/elx\/wp-json\/wp\/v2\/posts\/7253","targetHints":{"allow":["GET"]}}],"collection":[{"href":"https:\/\/raval.es\/elx\/wp-json\/wp\/v2\/posts"}],"about":[{"href":"https:\/\/raval.es\/elx\/wp-json\/wp\/v2\/types\/post"}],"author":[{"embeddable":true,"href":"https:\/\/raval.es\/elx\/wp-json\/wp\/v2\/users\/1"}],"replies":[{"embeddable":true,"href":"https:\/\/raval.es\/elx\/wp-json\/wp\/v2\/comments?post=7253"}],"version-history":[{"count":5,"href":"https:\/\/raval.es\/elx\/wp-json\/wp\/v2\/posts\/7253\/revisions"}],"predecessor-version":[{"id":7267,"href":"https:\/\/raval.es\/elx\/wp-json\/wp\/v2\/posts\/7253\/revisions\/7267"}],"wp:featuredmedia":[{"embeddable":true,"href":"https:\/\/raval.es\/elx\/wp-json\/wp\/v2\/media\/4732"}],"wp:attachment":[{"href":"https:\/\/raval.es\/elx\/wp-json\/wp\/v2\/media?parent=7253"}],"wp:term":[{"taxonomy":"category","embeddable":true,"href":"https:\/\/raval.es\/elx\/wp-json\/wp\/v2\/categories?post=7253"},{"taxonomy":"post_tag","embeddable":true,"href":"https:\/\/raval.es\/elx\/wp-json\/wp\/v2\/tags?post=7253"}],"curies":[{"name":"wp","href":"https:\/\/api.w.org\/{rel}","templated":true}]}}