{"id":7341,"date":"2024-05-21T17:59:18","date_gmt":"2024-05-21T17:59:18","guid":{"rendered":"https:\/\/raval.es\/elx\/?p=7341"},"modified":"2024-07-06T19:50:23","modified_gmt":"2024-07-06T19:50:23","slug":"balcons24","status":"publish","type":"post","link":"https:\/\/raval.es\/elx\/balcons24\/","title":{"rendered":"BALCONADES 2024 &#8211; Les obres"},"content":{"rendered":"<div id=\"fb-root\"><\/div>\n<p>[et_pb_section fb_built=\u00bb1&#8243; admin_label=\u00bbHero Section\u00bb _builder_version=\u00bb4.18.0&#8243; use_background_color_gradient=\u00bbon\u00bb background_color_gradient_direction=\u00bb131deg\u00bb background_color_gradient_stops=\u00bb#365382 0%|#8be8e6 100%\u00bb background_color_gradient_start=\u00bb#ff6a88&#8243; background_color_gradient_end=\u00bb#ff99ac\u00bb background_image=\u00bbhttps:\/\/raval.es\/elx\/wp-content\/uploads\/2024\/05\/balconades-obres24.jpg\u00bb custom_padding=\u00bb78px|0px|80px|0px||\u00bb animation_style=\u00bbslide\u00bb animation_direction=\u00bbtop\u00bb animation_intensity_slide=\u00bb2%\u00bb animation_starting_opacity=\u00bb100%\u00bb locked=\u00bboff\u00bb global_colors_info=\u00bb{}\u00bb][et_pb_row _builder_version=\u00bb4.18.0&#8243; use_background_color_gradient=\u00bbon\u00bb background_color_gradient_stops=\u00bbrgba(142,142,77,0.22) 0%|rgba(21,126,153,0.46) 100%\u00bb background_color_gradient_start=\u00bbrgba(142,142,77,0.22)\u00bb background_color_gradient_end=\u00bbrgba(224,43,32,0.46)\u00bb background_size=\u00bbinitial\u00bb background_position=\u00bbtop_left\u00bb background_repeat=\u00bbrepeat\u00bb custom_padding=\u00bb|||\u00bb custom_width_px=\u00bb1440px\u00bb global_colors_info=\u00bb{}\u00bb][et_pb_column type=\u00bb4_4&#8243; _builder_version=\u00bb4.16&#8243; custom_padding=\u00bb|||\u00bb global_colors_info=\u00bb{}\u00bb custom_padding__hover=\u00bb|||\u00bb][et_pb_text _builder_version=\u00bb4.16&#8243; text_font=\u00bb||||||||\u00bb header_font=\u00bbPlayfair Display|700|||||||\u00bb header_text_color=\u00bb#ffffff\u00bb header_font_size=\u00bb60px\u00bb header_line_height=\u00bb1.5em\u00bb header_2_font=\u00bb||||||||\u00bb header_3_font=\u00bb||||||||\u00bb header_4_font=\u00bb||||||||\u00bb header_5_font=\u00bb||||||||\u00bb header_6_font=\u00bb||||||||\u00bb background_size=\u00bbinitial\u00bb background_position=\u00bbtop_left\u00bb background_repeat=\u00bbrepeat\u00bb text_orientation=\u00bbcenter\u00bb module_alignment=\u00bbcenter\u00bb custom_margin=\u00bb||20px|\u00bb locked=\u00bboff\u00bb inline_fonts=\u00bbMontserrat\u00bb global_colors_info=\u00bb{}\u00bb]<\/p>\n<h1><strong><span style=\"font-family: Montserrat;\">BALCONADES AL RAVAL<\/span><\/strong><\/h1>\n<p>[\/et_pb_text][et_pb_divider color=\u00bb#f7d584&#8243; divider_weight=\u00bb3px\u00bb disabled_on=\u00bbon|on|off\u00bb _builder_version=\u00bb4.16&#8243; max_width=\u00bb80px\u00bb module_alignment=\u00bbcenter\u00bb height=\u00bb10px\u00bb custom_margin=\u00bb||20px|\u00bb animation_style=\u00bbslide\u00bb animation_direction=\u00bbbottom\u00bb saved_tabs=\u00bball\u00bb locked=\u00bboff\u00bb global_colors_info=\u00bb{}\u00bb][\/et_pb_divider][et_pb_text _builder_version=\u00bb4.18.0&#8243; text_font=\u00bbPoppins|700|||||||\u00bb text_text_color=\u00bb#FFFFFF\u00bb text_font_size=\u00bb18px\u00bb text_line_height=\u00bb1.8em\u00bb header_font=\u00bb||||||||\u00bb text_orientation=\u00bbcenter\u00bb max_width=\u00bb600px\u00bb module_alignment=\u00bbcenter\u00bb locked=\u00bboff\u00bb inline_fonts=\u00bbMontserrat,Montserrat Alternates\u00bb global_colors_info=\u00bb{}\u00bb]<\/p>\n<h2><span style=\"color: #edf000;\"><strong><span style=\"font-family: Montserrat;\">MAIG &#8211; JUNY 2024<\/span><\/strong><\/span><\/h2>\n<p>[\/et_pb_text][\/et_pb_column][\/et_pb_row][\/et_pb_section][et_pb_section fb_built=\u00bb1&#8243; _builder_version=\u00bb4.16&#8243; custom_padding=\u00bb|||\u00bb global_colors_info=\u00bb{}\u00bb width=\u00bb99.9%\u00bb][et_pb_row column_structure=\u00bb1_4,1_4,1_4,1_4&#8243; admin_label=\u00bbmenu\u00bb _builder_version=\u00bb4.16&#8243; _module_preset=\u00bbdefault\u00bb global_colors_info=\u00bb{}\u00bb][et_pb_column type=\u00bb1_4&#8243; _builder_version=\u00bb4.16&#8243; _module_preset=\u00bbdefault\u00bb global_colors_info=\u00bb{}\u00bb][et_pb_button button_url=\u00bb#premisbalcons\u00bb button_text=\u00bbOBRES PREMIADES\u00bb button_alignment=\u00bbcenter\u00bb admin_label=\u00bbobres\u00bb _builder_version=\u00bb4.16&#8243; _module_preset=\u00bbdefault\u00bb global_colors_info=\u00bb{}\u00bb][\/et_pb_button][\/et_pb_column][et_pb_column type=\u00bb1_4&#8243; _builder_version=\u00bb4.16&#8243; _module_preset=\u00bbdefault\u00bb global_colors_info=\u00bb{}\u00bb][et_pb_button button_url=\u00bb#patrobalcons\u00bb button_text=\u00bbPATROCINADORS\u00bb button_alignment=\u00bbcenter\u00bb admin_label=\u00bbpatrocinis\u00bb _builder_version=\u00bb4.16&#8243; _module_preset=\u00bbdefault\u00bb global_colors_info=\u00bb{}\u00bb][\/et_pb_button][\/et_pb_column][et_pb_column type=\u00bb1_4&#8243; _builder_version=\u00bb4.16&#8243; _module_preset=\u00bbdefault\u00bb global_colors_info=\u00bb{}\u00bb][et_pb_button button_url=\u00bbhttps:\/\/raval.es\/elx\/balcons24ruta\/\u00bb button_text=\u00bbRUTA DE BALCONS\u00bb button_alignment=\u00bbcenter\u00bb admin_label=\u00bbpatrocinis\u00bb _builder_version=\u00bb4.18.0&#8243; _module_preset=\u00bbdefault\u00bb global_colors_info=\u00bb{}\u00bb][\/et_pb_button][\/et_pb_column][et_pb_column type=\u00bb1_4&#8243; _builder_version=\u00bb4.16&#8243; _module_preset=\u00bbdefault\u00bb global_colors_info=\u00bb{}\u00bb][et_pb_button button_url=\u00bbhttp:\/\/raval.es\/dox\/balconades\/CatalogoBalconadasRaval2024.pdf\u00bb button_text=\u00bbCATALEG 2024&#8243; button_alignment=\u00bbcenter\u00bb admin_label=\u00bbcataleg\u00bb _builder_version=\u00bb4.18.0&#8243; _module_preset=\u00bbdefault\u00bb global_colors_info=\u00bb{}\u00bb][\/et_pb_button][\/et_pb_column][\/et_pb_row][et_pb_row use_custom_gutter=\u00bbon\u00bb gutter_width=\u00bb1&#8243; _builder_version=\u00bb4.16&#8243; max_width=\u00bb1280px\u00bb custom_margin=\u00bb|||\u00bb custom_padding=\u00bb|||\u00bb use_custom_width=\u00bbon\u00bb custom_width_px=\u00bb1280px\u00bb global_colors_info=\u00bb{}\u00bb][et_pb_column type=\u00bb4_4&#8243; _builder_version=\u00bb4.16&#8243; custom_padding=\u00bb|||\u00bb global_colors_info=\u00bb{}\u00bb custom_padding__hover=\u00bb|||\u00bb][et_pb_gallery gallery_ids=\u00bb7344,7345,7346,7347,7348,7349,7350,7351,7352,7353,7354,7355,7356,7357,7358,7359,7360,7361,7362,7363,7364,7365,7366,7367,7368,7369,7370,7371,7372,7373,7374,7375,7376,7377,7379,7380,7381,7382,7383,7384,7385,7386,7387,7388,7389,7390,7391,7392,7393,7394,7395,7396,7398,7399,7400,7401,7402,7403,7404,7405,7406,7407,7408,7409,7410,7411,7412,7414,7415,7416,7417,7418,7419,7420,7422,7423,7424,7425,7426,7427,7459&#8243; gallery_orderby=\u00bbrand\u00bb posts_number=\u00bb40&#8243; show_title_and_caption=\u00bboff\u00bb _builder_version=\u00bb4.18.0&#8243; _module_preset=\u00bbdefault\u00bb hover_enabled=\u00bb0&#8243; custom_css_gallery_item=\u00bbpadding: 3px;\u00bb global_colors_info=\u00bb{}\u00bb sticky_enabled=\u00bb0&#8243;][\/et_pb_gallery][\/et_pb_column][\/et_pb_row][\/et_pb_section][et_pb_section fb_built=\u00bb1&#8243; disabled_on=\u00bboff|off|off\u00bb admin_label=\u00bbFooter\u00bb _builder_version=\u00bb4.16&#8243; use_background_color_gradient=\u00bbon\u00bb background_color_gradient_direction=\u00bb131deg\u00bb background_color_gradient_stops=\u00bb#871240 0%|#ff99ac 100%\u00bb background_color_gradient_start=\u00bb#871240&#8243; background_color_gradient_end=\u00bb#ff99ac\u00bb max_width=\u00bb100%\u00bb max_width_tablet=\u00bb\u00bb max_width_phone=\u00bb\u00bb max_width_last_edited=\u00bbon|phone\u00bb module_alignment=\u00bbcenter\u00bb custom_padding=\u00bb10px|0px|10px|0px|false|false\u00bb animation_style=\u00bbslide\u00bb animation_direction=\u00bbbottom\u00bb animation_intensity_slide=\u00bb14%\u00bb animation_starting_opacity=\u00bb100%\u00bb saved_tabs=\u00bball\u00bb locked=\u00bboff\u00bb global_colors_info=\u00bb{}\u00bb][et_pb_row _builder_version=\u00bb4.16&#8243; _module_preset=\u00bbdefault\u00bb min_height=\u00bb70.5px\u00bb global_colors_info=\u00bb{}\u00bb][et_pb_column type=\u00bb4_4&#8243; _builder_version=\u00bb4.16&#8243; _module_preset=\u00bbdefault\u00bb global_colors_info=\u00bb{}\u00bb][et_pb_text module_id=\u00bbpremisbalcons\u00bb _builder_version=\u00bb4.16&#8243; _module_preset=\u00bbdefault\u00bb background_color=\u00bb#871240&#8243; inline_fonts=\u00bbMontserrat Alternates\u00bb global_colors_info=\u00bb{}\u00bb]<\/p>\n<p style=\"text-align: center;\"><span style=\"font-family: Montserrat Alternates; font-weight: normal; font-size: x-large; color: #edf000;\"><strong>OBRES PREMIADES<\/strong><\/span><\/p>\n<p>[\/et_pb_text][\/et_pb_column][\/et_pb_row][et_pb_row column_structure=\u00bb1_3,1_3,1_3&#8243; use_custom_gutter=\u00bbon\u00bb gutter_width=\u00bb2&#8243; _builder_version=\u00bb4.16&#8243; background_color_gradient_direction=\u00bb38deg\u00bb width=\u00bb100%\u00bb module_alignment=\u00bbcenter\u00bb locked=\u00bboff\u00bb global_colors_info=\u00bb{}\u00bb][et_pb_column type=\u00bb1_3&#8243; _builder_version=\u00bb4.16&#8243; custom_padding=\u00bb|||\u00bb global_colors_info=\u00bb{}\u00bb custom_padding__hover=\u00bb|||\u00bb][et_pb_image src=\u00bbhttps:\/\/raval.es\/elx\/wp-content\/uploads\/2024\/05\/443719950_7855862621132183_3382365749080116399_n.jpg\u00bb title_text=\u00bb443719950_7855862621132183_3382365749080116399_n\u00bb show_in_lightbox=\u00bbon\u00bb align=\u00bbcenter\u00bb _builder_version=\u00bb4.18.0&#8243; _module_preset=\u00bbdefault\u00bb global_colors_info=\u00bb{}\u00bb][\/et_pb_image][et_pb_text _builder_version=\u00bb4.18.0&#8243; _module_preset=\u00bbdefault\u00bb global_colors_info=\u00bb{}\u00bb]<\/p>\n<p style=\"text-align: center;\"><span style=\"color: #ffffff;\"><strong>\u00abEl ladr\u00f3n de corazones\u00bb<\/strong><\/span><br \/><span style=\"color: #ffffff;\">Rut P\u00e9rez<\/span><br \/><span style=\"color: #edf000;\"><em><strong>PRIMER PREMI<\/strong><br \/>Paco Borja<br \/><\/em><\/span><\/p>\n<p>[\/et_pb_text][\/et_pb_column][et_pb_column type=\u00bb1_3&#8243; _builder_version=\u00bb4.16&#8243; _module_preset=\u00bbdefault\u00bb global_colors_info=\u00bb{}\u00bb][et_pb_image src=\u00bbhttps:\/\/raval.es\/elx\/wp-content\/uploads\/2024\/05\/442491207_7855868837798228_1918493748500925428_n.jpg\u00bb title_text=\u00bb442491207_7855868837798228_1918493748500925428_n\u00bb show_in_lightbox=\u00bbon\u00bb align=\u00bbcenter\u00bb _builder_version=\u00bb4.18.0&#8243; _module_preset=\u00bbdefault\u00bb global_colors_info=\u00bb{}\u00bb][\/et_pb_image][et_pb_text _builder_version=\u00bb4.18.0&#8243; _module_preset=\u00bbdefault\u00bb global_colors_info=\u00bb{}\u00bb]<\/p>\n<p style=\"text-align: center;\"><span style=\"color: #ffffff;\"><strong>\u00abHugs and kisses\u00bb<\/strong><\/span><br \/><span style=\"color: #ffffff;\">Saray-Ney G\u00f3mez<\/span><br \/><span style=\"color: #edf000;\"><em><strong>PRIMER ACC\u00c8SSIT<\/strong><br \/>Talleres Bermar<br \/><\/em><\/span><\/p>\n<p>[\/et_pb_text][\/et_pb_column][et_pb_column type=\u00bb1_3&#8243; _builder_version=\u00bb4.16&#8243; custom_padding=\u00bb|||\u00bb global_colors_info=\u00bb{}\u00bb custom_padding__hover=\u00bb|||\u00bb][et_pb_image src=\u00bbhttps:\/\/raval.es\/elx\/wp-content\/uploads\/2024\/05\/444944837_7855867864464992_8272260348045137871_n.jpg\u00bb title_text=\u00bb444944837_7855867864464992_8272260348045137871_n\u00bb show_in_lightbox=\u00bbon\u00bb align=\u00bbcenter\u00bb _builder_version=\u00bb4.18.0&#8243; _module_preset=\u00bbdefault\u00bb global_colors_info=\u00bb{}\u00bb][\/et_pb_image][et_pb_text _builder_version=\u00bb4.18.0&#8243; _module_preset=\u00bbdefault\u00bb global_colors_info=\u00bb{}\u00bb]<\/p>\n<p style=\"text-align: center;\"><span style=\"color: #ffffff;\"><strong>\u00abParis\u00bb<\/strong><\/span><br \/><span style=\"color: #ffffff;\">Adri\u00e1n Mart\u00ednez<\/span><br \/><span style=\"color: #edf000;\"><em><strong>SEG\u00d3N ACC\u00c8SSIT<\/strong><br \/>Lloc d&#8217;Art<br \/><\/em><\/span><\/p>\n<p>[\/et_pb_text][\/et_pb_column][\/et_pb_row][et_pb_row column_structure=\u00bb1_5,1_5,1_5,1_5,1_5&#8243; use_custom_gutter=\u00bbon\u00bb gutter_width=\u00bb2&#8243; _builder_version=\u00bb4.16&#8243; _module_preset=\u00bbdefault\u00bb width=\u00bb100%\u00bb global_colors_info=\u00bb{}\u00bb][et_pb_column type=\u00bb1_5&#8243; _builder_version=\u00bb4.16&#8243; _module_preset=\u00bbdefault\u00bb global_colors_info=\u00bb{}\u00bb][et_pb_image src=\u00bbhttps:\/\/raval.es\/elx\/wp-content\/uploads\/2024\/05\/445104387_7855864087798703_4861157142604865295_n.jpg\u00bb title_text=\u00bb445104387_7855864087798703_4861157142604865295_n\u00bb show_in_lightbox=\u00bbon\u00bb align=\u00bbcenter\u00bb _builder_version=\u00bb4.18.0&#8243; _module_preset=\u00bbdefault\u00bb global_colors_info=\u00bb{}\u00bb][\/et_pb_image][et_pb_text _builder_version=\u00bb4.18.0&#8243; _module_preset=\u00bbdefault\u00bb global_colors_info=\u00bb{}\u00bb]<\/p>\n<p><span style=\"color: #ffffff;\"><strong>\u00abEntre peces y redes\u00bb<\/strong><\/span><br \/><span style=\"color: #ffffff;\">David Alonso<\/span><br \/><span style=\"color: #edf000;\"><em>Premi Restaurant El Perro Verde i Museu Paleontol\u00f2gic MUPE<\/em><\/span><\/p>\n<p>[\/et_pb_text][et_pb_image src=\u00bbhttps:\/\/raval.es\/elx\/wp-content\/uploads\/2024\/05\/444846574_7855861377798974_7510164137421783345_n.jpg\u00bb title_text=\u00bb444846574_7855861377798974_7510164137421783345_n\u00bb show_in_lightbox=\u00bbon\u00bb align=\u00bbcenter\u00bb _builder_version=\u00bb4.18.0&#8243; _module_preset=\u00bbdefault\u00bb global_colors_info=\u00bb{}\u00bb][\/et_pb_image][et_pb_text _builder_version=\u00bb4.18.0&#8243; _module_preset=\u00bbdefault\u00bb global_colors_info=\u00bb{}\u00bb]<\/p>\n<p><span style=\"color: #ffffff;\"><strong>\u00abCXXXIII\u00bb<\/strong><\/span><br \/><span style=\"color: #ffffff;\">Santiago Vilella<\/span><br \/><span style=\"color: #edf000;\"><em>Premi Icoedro Design i Noara Mediterranean Distillery<\/em><\/span><\/p>\n<p>[\/et_pb_text][\/et_pb_column][et_pb_column type=\u00bb1_5&#8243; _builder_version=\u00bb4.16&#8243; _module_preset=\u00bbdefault\u00bb global_colors_info=\u00bb{}\u00bb][et_pb_image src=\u00bbhttps:\/\/raval.es\/elx\/wp-content\/uploads\/2024\/05\/443840297_7855869181131527_2054939260150135667_n.jpg\u00bb title_text=\u00bb443840297_7855869181131527_2054939260150135667_n\u00bb show_in_lightbox=\u00bbon\u00bb align=\u00bbcenter\u00bb _builder_version=\u00bb4.18.0&#8243; _module_preset=\u00bbdefault\u00bb global_colors_info=\u00bb{}\u00bb][\/et_pb_image][et_pb_text _builder_version=\u00bb4.18.0&#8243; _module_preset=\u00bbdefault\u00bb global_colors_info=\u00bb{}\u00bb]<span style=\"color: #ffffff;\"><strong>\u00abLa Luna y Venus sobre palmeras\u00bb<\/strong><\/span><br \/>\n<span style=\"color: #ffffff;\">Carmen Ferr\u00e1ndez<\/span><br \/>\n<span style=\"color: #edf000;\"><em>Premi Restaurant El Raval<br \/>\n<\/em><\/span>[\/et_pb_text][et_pb_image src=\u00bbhttps:\/\/raval.es\/elx\/wp-content\/uploads\/2024\/05\/445573818_7855867157798396_6040874702637612553_n.jpg\u00bb title_text=\u00bb445573818_7855867157798396_6040874702637612553_n\u00bb show_in_lightbox=\u00bbon\u00bb align=\u00bbcenter\u00bb _builder_version=\u00bb4.18.0&#8243; _module_preset=\u00bbdefault\u00bb global_colors_info=\u00bb{}\u00bb][\/et_pb_image][et_pb_text _builder_version=\u00bb4.18.0&#8243; _module_preset=\u00bbdefault\u00bb global_colors_info=\u00bb{}\u00bb]<\/p>\n<p><span style=\"color: #ffffff;\"><strong>\u00abEl tiempo y la vida\u00bb<\/strong><\/span><br \/><span style=\"color: #ffffff;\">Lola Clement<\/span><br \/><span style=\"color: #edf000;\"><em>Premi Teter\u00eda Adarve i Cafeter\u00eda Los Arcos<\/em><\/span><\/p>\n<p>[\/et_pb_text][\/et_pb_column][et_pb_column type=\u00bb1_5&#8243; _builder_version=\u00bb4.16&#8243; _module_preset=\u00bbdefault\u00bb global_colors_info=\u00bb{}\u00bb][et_pb_image src=\u00bbhttps:\/\/raval.es\/elx\/wp-content\/uploads\/2024\/05\/442490085_7855875611130884_3779278996602317517_n.jpg\u00bb title_text=\u00bb442490085_7855875611130884_3779278996602317517_n\u00bb show_in_lightbox=\u00bbon\u00bb align=\u00bbcenter\u00bb _builder_version=\u00bb4.18.0&#8243; _module_preset=\u00bbdefault\u00bb global_colors_info=\u00bb{}\u00bb][\/et_pb_image][et_pb_text _builder_version=\u00bb4.18.0&#8243; _module_preset=\u00bbdefault\u00bb global_colors_info=\u00bb{}\u00bb]<\/p>\n<p><span style=\"color: #ffffff;\"><strong>\u00abGea\u00bb<\/strong><\/span><br \/><span style=\"color: #ffffff;\">Jos\u00e9 Abela<\/span><br \/><span style=\"color: #edf000;\"><em>Premi Caf\u00e9 Bar Bodega Paquito<br \/><\/em><\/span><\/p>\n<p>[\/et_pb_text][et_pb_image src=\u00bbhttps:\/\/raval.es\/elx\/wp-content\/uploads\/2024\/05\/445220736_7855865831131862_581139329027408367_n.jpg\u00bb title_text=\u00bb445220736_7855865831131862_581139329027408367_n\u00bb show_in_lightbox=\u00bbon\u00bb align=\u00bbcenter\u00bb _builder_version=\u00bb4.18.0&#8243; _module_preset=\u00bbdefault\u00bb global_colors_info=\u00bb{}\u00bb][\/et_pb_image][et_pb_text _builder_version=\u00bb4.18.0&#8243; _module_preset=\u00bbdefault\u00bb global_colors_info=\u00bb{}\u00bb]<\/p>\n<p><span style=\"color: #ffffff;\"><strong>\u00abLa verdadera historia de Medusa\u00bb<\/strong><\/span><br \/><span style=\"color: #ffffff;\">Sarai Guill<\/span><br \/><span style=\"color: #edf000;\"><em>Premi Binal\u00fcb i Aseismanos<\/em><\/span><\/p>\n<p>[\/et_pb_text][et_pb_image src=\u00bbhttps:\/\/raval.es\/elx\/wp-content\/uploads\/2024\/05\/442481744_7855866517798460_1850994088923537985_n.jpg\u00bb title_text=\u00bb442481744_7855866517798460_1850994088923537985_n\u00bb show_in_lightbox=\u00bbon\u00bb align=\u00bbcenter\u00bb _builder_version=\u00bb4.18.0&#8243; _module_preset=\u00bbdefault\u00bb global_colors_info=\u00bb{}\u00bb][\/et_pb_image][et_pb_text _builder_version=\u00bb4.18.0&#8243; _module_preset=\u00bbdefault\u00bb global_colors_info=\u00bb{}\u00bb]<\/p>\n<p><span style=\"color: #ffffff;\"><strong>\u00abEls Misteris d&#8217;Elx\u00bb<\/strong><\/span><br \/><span style=\"color: #ffffff;\">Isabel M\u00aa Zapata<\/span><br \/><span style=\"color: #edf000;\"><em>Premi Especial Real Orden de la Dama<\/em><\/span><\/p>\n<p>[\/et_pb_text][\/et_pb_column][et_pb_column type=\u00bb1_5&#8243; _builder_version=\u00bb4.16&#8243; _module_preset=\u00bbdefault\u00bb global_colors_info=\u00bb{}\u00bb][et_pb_image src=\u00bbhttps:\/\/raval.es\/elx\/wp-content\/uploads\/2024\/05\/444833438_7855867367798375_2619087860516396742_n.jpg\u00bb title_text=\u00bb444833438_7855867367798375_2619087860516396742_n\u00bb show_in_lightbox=\u00bbon\u00bb align=\u00bbcenter\u00bb _builder_version=\u00bb4.18.0&#8243; _module_preset=\u00bbdefault\u00bb global_colors_info=\u00bb{}\u00bb][\/et_pb_image][et_pb_text _builder_version=\u00bb4.18.0&#8243; _module_preset=\u00bbdefault\u00bb global_colors_info=\u00bb{}\u00bb]<\/p>\n<p><span style=\"color: #ffffff;\"><strong>\u00abEl esparto en el Raval\u00bb<\/strong><\/span><br \/><span style=\"color: #ffffff;\">Daci\u00e1n Lld\u00f3, Iv\u00e1n S\u00e1nchez, Manolo Candela<\/span><br \/><span style=\"color: #edf000;\"><em>Premi bar La Fina del Raval y bar La Gatera<br \/><\/em><\/span><\/p>\n<p>[\/et_pb_text][et_pb_image src=\u00bbhttps:\/\/raval.es\/elx\/wp-content\/uploads\/2024\/05\/443712263_7855862917798820_3152384227491485636_n.jpg\u00bb title_text=\u00bb443712263_7855862917798820_3152384227491485636_n\u00bb show_in_lightbox=\u00bbon\u00bb align=\u00bbcenter\u00bb _builder_version=\u00bb4.18.0&#8243; _module_preset=\u00bbdefault\u00bb global_colors_info=\u00bb{}\u00bb][\/et_pb_image][et_pb_text _builder_version=\u00bb4.18.0&#8243; _module_preset=\u00bbdefault\u00bb global_colors_info=\u00bb{}\u00bb]<\/p>\n<p><span style=\"color: #ffffff;\"><strong>\u00abDeformidades n\u00ba7\u00bb<\/strong><\/span><br \/><span style=\"color: #ffffff;\">Juli\u00e1n I\u00f1iguez i Gema Hern\u00e1ndez<\/span><br \/><span style=\"color: #edf000;\"><em>Premi Andr\u00e9s Guill\u00f3 y Spezia descanso y hogar<br \/><\/em><\/span><\/p>\n<p>[\/et_pb_text][\/et_pb_column][et_pb_column type=\u00bb1_5&#8243; _builder_version=\u00bb4.16&#8243; _module_preset=\u00bbdefault\u00bb global_colors_info=\u00bb{}\u00bb][et_pb_image src=\u00bbhttps:\/\/raval.es\/elx\/wp-content\/uploads\/2024\/05\/441404993_7855875191130926_571352117939895714_n.jpg\u00bb title_text=\u00bb441404993_7855875191130926_571352117939895714_n\u00bb show_in_lightbox=\u00bbon\u00bb align=\u00bbcenter\u00bb _builder_version=\u00bb4.18.0&#8243; _module_preset=\u00bbdefault\u00bb global_colors_info=\u00bb{}\u00bb][\/et_pb_image][et_pb_text _builder_version=\u00bb4.18.0&#8243; _module_preset=\u00bbdefault\u00bb global_colors_info=\u00bb{}\u00bb]<\/p>\n<p><span style=\"color: #ffffff;\"><strong>\u00abInmersion\u00bb<\/strong><\/span><br \/><span style=\"color: #ffffff;\">Ester Egio<\/span><br \/><span style=\"color: #edf000;\"><em>Premi pizzer\u00eda Cambra i llibreria Ali i Truc<br \/><\/em><\/span><\/p>\n<p>[\/et_pb_text][et_pb_image src=\u00bbhttps:\/\/raval.es\/elx\/wp-content\/uploads\/2024\/05\/445628989_7855865917798520_5057481161772653581_n.jpg\u00bb title_text=\u00bb445628989_7855865917798520_5057481161772653581_n\u00bb show_in_lightbox=\u00bbon\u00bb align=\u00bbcenter\u00bb _builder_version=\u00bb4.18.0&#8243; _module_preset=\u00bbdefault\u00bb global_colors_info=\u00bb{}\u00bb][\/et_pb_image][et_pb_text _builder_version=\u00bb4.18.0&#8243; _module_preset=\u00bbdefault\u00bb global_colors_info=\u00bb{}\u00bb]<\/p>\n<p><span style=\"color: #ffffff;\"><strong>\u00abCuidem la nostra natura\u00bb<\/strong><\/span><br \/><span style=\"color: #ffffff;\">Mari Gonz\u00e1lez<\/span><br \/><span style=\"color: #edf000;\"><em>Premi Horno natural EnclavedeSol i Ibei, arte y bienestar<\/em><\/span><\/p>\n<p>[\/et_pb_text][\/et_pb_column][\/et_pb_row][et_pb_row module_id=\u00bbpatrobalcons\u00bb _builder_version=\u00bb4.16&#8243; _module_preset=\u00bbdefault\u00bb min_height=\u00bb70.5px\u00bb global_colors_info=\u00bb{}\u00bb][et_pb_column type=\u00bb4_4&#8243; _builder_version=\u00bb4.16&#8243; _module_preset=\u00bbdefault\u00bb global_colors_info=\u00bb{}\u00bb][et_pb_text _builder_version=\u00bb4.16&#8243; _module_preset=\u00bbdefault\u00bb background_color=\u00bb#871240&#8243; inline_fonts=\u00bbMontserrat Alternates\u00bb global_colors_info=\u00bb{}\u00bb]<\/p>\n<p style=\"text-align: center;\"><span style=\"font-family: Montserrat Alternates; font-weight: normal; font-size: x-large; color: #edf000;\"><strong>PATROCINA-ORGANITZA<\/strong><\/span><\/p>\n<p>[\/et_pb_text][\/et_pb_column][\/et_pb_row][et_pb_row use_custom_gutter=\u00bbon\u00bb gutter_width=\u00bb1&#8243; _builder_version=\u00bb4.16&#8243; _module_preset=\u00bbdefault\u00bb global_colors_info=\u00bb{}\u00bb][et_pb_column type=\u00bb4_4&#8243; _builder_version=\u00bb4.16&#8243; _module_preset=\u00bbdefault\u00bb global_colors_info=\u00bb{}\u00bb][et_pb_image src=\u00bbhttps:\/\/raval.es\/elx\/wp-content\/uploads\/2024\/05\/patrocinis24.jpg\u00bb title_text=\u00bbpatrocinis24&#8243; _builder_version=\u00bb4.18.0&#8243; _module_preset=\u00bbdefault\u00bb global_colors_info=\u00bb{}\u00bb][\/et_pb_image][\/et_pb_column][\/et_pb_row][\/et_pb_section]<\/p>\n","protected":false},"excerpt":{"rendered":"<p>Fins al 25 de juny el Raval \u00e9s una gran galeria d&#8217;art. Passeja pels sues carrers i gaudeix de les creacions de nombrosos artistes<\/p>\n","protected":false},"author":1,"featured_media":7435,"comment_status":"closed","ping_status":"closed","sticky":false,"template":"","format":"standard","meta":{"_et_pb_use_builder":"on","_et_pb_old_content":"<!-- wp:photonic\/gallery \/-->\n\n<!-- wp:gallery {\"linkTo\":\"none\"} -->\n<figure class=\"wp-block-gallery has-nested-images columns-default is-cropped\"><\/figure>\n<!-- \/wp:gallery -->","_et_gb_content_width":"2880","_joinchat":[],"footnotes":""},"categories":[163,64],"tags":[],"class_list":["post-7341","post","type-post","status-publish","format-standard","has-post-thumbnail","hentry","category-163","category-actividades"],"_links":{"self":[{"href":"https:\/\/raval.es\/elx\/wp-json\/wp\/v2\/posts\/7341","targetHints":{"allow":["GET"]}}],"collection":[{"href":"https:\/\/raval.es\/elx\/wp-json\/wp\/v2\/posts"}],"about":[{"href":"https:\/\/raval.es\/elx\/wp-json\/wp\/v2\/types\/post"}],"author":[{"embeddable":true,"href":"https:\/\/raval.es\/elx\/wp-json\/wp\/v2\/users\/1"}],"replies":[{"embeddable":true,"href":"https:\/\/raval.es\/elx\/wp-json\/wp\/v2\/comments?post=7341"}],"version-history":[{"count":15,"href":"https:\/\/raval.es\/elx\/wp-json\/wp\/v2\/posts\/7341\/revisions"}],"predecessor-version":[{"id":7462,"href":"https:\/\/raval.es\/elx\/wp-json\/wp\/v2\/posts\/7341\/revisions\/7462"}],"wp:featuredmedia":[{"embeddable":true,"href":"https:\/\/raval.es\/elx\/wp-json\/wp\/v2\/media\/7435"}],"wp:attachment":[{"href":"https:\/\/raval.es\/elx\/wp-json\/wp\/v2\/media?parent=7341"}],"wp:term":[{"taxonomy":"category","embeddable":true,"href":"https:\/\/raval.es\/elx\/wp-json\/wp\/v2\/categories?post=7341"},{"taxonomy":"post_tag","embeddable":true,"href":"https:\/\/raval.es\/elx\/wp-json\/wp\/v2\/tags?post=7341"}],"curies":[{"name":"wp","href":"https:\/\/api.w.org\/{rel}","templated":true}]}}