{"id":7501,"date":"2024-06-13T12:04:11","date_gmt":"2024-06-13T12:04:11","guid":{"rendered":"https:\/\/raval.es\/elx\/?p=7501"},"modified":"2024-06-13T12:52:15","modified_gmt":"2024-06-13T12:52:15","slug":"recolza-5-llavors-de-la-terreta","status":"publish","type":"post","link":"https:\/\/raval.es\/elx\/recolza-5-llavors-de-la-terreta\/","title":{"rendered":"Recolza: 5 llavors de la terreta"},"content":{"rendered":"<div id=\"fb-root\"><\/div>\n<p>[et_pb_section fb_built=\u00bb1&#8243; _builder_version=\u00bb4.18.0&#8243; _module_preset=\u00bbdefault\u00bb global_colors_info=\u00bb{}\u00bb][et_pb_row column_structure=\u00bb1_2,1_2&#8243; _builder_version=\u00bb4.18.0&#8243; _module_preset=\u00bbdefault\u00bb global_colors_info=\u00bb{}\u00bb][et_pb_column type=\u00bb1_2&#8243; _builder_version=\u00bb4.18.0&#8243; _module_preset=\u00bbdefault\u00bb global_colors_info=\u00bb{}\u00bb][et_pb_text _builder_version=\u00bb4.18.0&#8243; _module_preset=\u00bbdefault\u00bb hover_enabled=\u00bb0&#8243; global_colors_info=\u00bb{}\u00bb sticky_enabled=\u00bb0&#8243;]<\/p>\n<h4><em><strong><a href=\"https:\/\/crowdfunding.fundaciontriodos.es\/salvemos-estos-tesoros-horticolas-de-la-millor-terreta-del-mon\/4742\">raval.es\/ball24<\/a><\/strong><\/em><\/h4>\n<p>A Alacant, volem preservar cinc varietats tradicionals de laprov\u00edncia.<br \/>Encisam Copet de Montnegre<br \/>Bleda de Penca Roja<br \/>Carlota Habitada<br \/>Nap Crevillent<br \/>Br\u00f2coli Blanco<\/p>\n<p>Per aix\u00f2 el Banc alacant\u00ed de Llavors (BALL), durant tot el mes de juny, t\u00e9 activa una campanya de captaci\u00f3 de fons a traves del micromecenatge de Tr\u00edodes per a salvaguardar aquestes cinc varietats hort\u00edcoles aut\u00f2ctones, cinc tresors de la nostra prov\u00edncia.<br \/>La teua participaci\u00f3 ajudar\u00e0 a la caracteritzaci\u00f3 i divulgaci\u00f3 de les llavors, conven\u00e7udes que contribuir\u00e0 al fet que m\u00e9s agricultors<br \/>les coneguen, reprodu\u00efsquen i finalment arriben a les nostrescases.<\/p>\n<p><em><strong>No et demores, la campanya finalitza el pr\u00f2xim 29 de <\/strong><strong>juny<\/strong><\/em><\/p>\n<h4><em><strong><a href=\"https:\/\/crowdfunding.fundaciontriodos.es\/salvemos-estos-tesoros-horticolas-de-la-millor-terreta-del-mon\/4742\">raval.es\/ball24<\/a><\/strong><\/em><\/h4>\n<h5><strong>UN POC D&#8217;HIST\u00d2RIA<\/strong><\/h5>\n<p>En el segle XX s&#8217;ha perdut el 75% de la Biodiversitat cultivada en tot el Planeta segons l&#8217;ONU.<\/p>\n<p>El monocultiu, els interessos comercials i la nostra separaci\u00f3 com a \u00e9ssers humans de la terra i dels cicles naturals ha fet que cada vegada es redu\u00efsca m\u00e9s la varietat en la nostra alimentaci\u00f3, coneixem menys tipus de verdures i hortalisses i, at\u00e9s que tenim menys tipus d&#8217;aliments, som m\u00e9s vulnerables enfront dels canvis de l&#8217;entorn.<\/p>\n<p>La labor de les nostres \u00e0vies de guardar les llavors dels fruits m\u00e9s saborosos ha sigut essencial per a la nostra superviv\u00e8ncia fins ara i es converteix en una eina imprescindible per al futur si volem frenar la p\u00e8rdua de biodiversitat.<\/p>\n<p>Les varietats tradicionals de cultiu (VTC) s\u00f3n el fruit d&#8217;un proc\u00e9s de selecci\u00f3 i millora, per part de generacions de llauradors i llauradores, d&#8217;aquelles varietats que s&#8217;adaptaven millor a les condicions ambientals i culturals de l&#8217;entorn. Aquest proc\u00e9s ha generat una gran riquesa i diversitat gen\u00e8tica. Conservar la diversitat gen\u00e8tica de les esp\u00e8cies cultivades \u00e9s mantindre la seguretat i estabilitat del sistema agroalimentari, especialment tenint en compte els futurs escenaris derivats del canvi clim\u00e0tic global.<\/p>\n<p>La recuperaci\u00f3 i revaloraci\u00f3 d&#8217;aquest patrimoni natural i cultural t\u00e9 una gran import\u00e0ncia per al desenvolupament sostenible de les comunitats rurals, contribuint al desenvolupament de noves activitats socioecon\u00f2miques que generen m\u00e9s oportunitats per a fer front a l&#8217;atur i la despoblaci\u00f3.<\/p>\n<p>Gr\u00e0cies al vostre suport podrem posar en marxa un primer projecte en el qual produirem cinc varietats tradicionals emblem\u00e0tiques d&#8217;Alacant \u201cla Millor Terreta del Mon\u201d, de les quals ja ens costa molt aconseguir llavors, que s\u00f3n: bleda penca roja, br\u00f2coli blanc, encisam copet de Montnegre, carlota habitada i nap de Crevillent.<\/p>\n<p>La caracteritzaci\u00f3 d&#8217;aquestes varietats seria de gran ajuda per a m\u00e9s endavant treballar en un fitomejoramiento participatiu en el qual aportaran tant agricultors, productors de llavors, comerciant, etc. construint col\u00b7lectivament una xarxa de persones i entitats que recuperen, conserven i promocionen les varietats tradicionals de cultiu (VTC) i els coneixements tradicionals associats (CTA).<\/p>\n<p>Conservar les llavors tradicionals \u00e9s sin\u00f2nim de ser amos de la nostra alimentaci\u00f3, molt vinculada a la nostra cultura i adaptada a les condicions del nostre territori.<\/p>\n<p>Aquesta important labor necessita del teu suport.<br \/>Ens ajudes a conservar aquestes llavors? Ens ajudes a protegir la sobirania aliment\u00e0ria?<\/p>\n<p>&nbsp;<\/p>\n<h4><em><strong><a href=\"https:\/\/crowdfunding.fundaciontriodos.es\/salvemos-estos-tesoros-horticolas-de-la-millor-terreta-del-mon\/4742\">raval.es\/ball24<\/a><\/strong><\/em><\/h4>\n<p>[\/et_pb_text][\/et_pb_column][et_pb_column type=\u00bb1_2&#8243; _builder_version=\u00bb4.18.0&#8243; _module_preset=\u00bbdefault\u00bb global_colors_info=\u00bb{}\u00bb][et_pb_image src=\u00bbhttps:\/\/raval.es\/elx\/wp-content\/uploads\/2024\/06\/BALL24-1.jpg\u00bb title_text=\u00bbBALL24-1&#8243; _builder_version=\u00bb4.18.0&#8243; _module_preset=\u00bbdefault\u00bb global_colors_info=\u00bb{}\u00bb][\/et_pb_image][et_pb_image src=\u00bbhttps:\/\/raval.es\/elx\/wp-content\/uploads\/2024\/06\/BALL24-2.jpg\u00bb title_text=\u00bbBALL24-2&#8243; _builder_version=\u00bb4.18.0&#8243; _module_preset=\u00bbdefault\u00bb global_colors_info=\u00bb{}\u00bb][\/et_pb_image][\/et_pb_column][\/et_pb_row][\/et_pb_section]<\/p>\n","protected":false},"excerpt":{"rendered":"<p>Fins el 29 de juny pots recolzar l&#8217;iniciativa del Banc Alacant\u00f1i de Llavors (BALL) per preservar 5 varietats hort\u00edcoles aut\u00f2ctones de la nostra terra<\/p>\n","protected":false},"author":1,"featured_media":7502,"comment_status":"closed","ping_status":"open","sticky":false,"template":"","format":"standard","meta":{"_et_pb_use_builder":"on","_et_pb_old_content":"","_et_gb_content_width":"","_joinchat":[],"footnotes":""},"categories":[51],"tags":[],"class_list":["post-7501","post","type-post","status-publish","format-standard","has-post-thumbnail","hentry","category-noticias"],"_links":{"self":[{"href":"https:\/\/raval.es\/elx\/wp-json\/wp\/v2\/posts\/7501","targetHints":{"allow":["GET"]}}],"collection":[{"href":"https:\/\/raval.es\/elx\/wp-json\/wp\/v2\/posts"}],"about":[{"href":"https:\/\/raval.es\/elx\/wp-json\/wp\/v2\/types\/post"}],"author":[{"embeddable":true,"href":"https:\/\/raval.es\/elx\/wp-json\/wp\/v2\/users\/1"}],"replies":[{"embeddable":true,"href":"https:\/\/raval.es\/elx\/wp-json\/wp\/v2\/comments?post=7501"}],"version-history":[{"count":6,"href":"https:\/\/raval.es\/elx\/wp-json\/wp\/v2\/posts\/7501\/revisions"}],"predecessor-version":[{"id":7512,"href":"https:\/\/raval.es\/elx\/wp-json\/wp\/v2\/posts\/7501\/revisions\/7512"}],"wp:featuredmedia":[{"embeddable":true,"href":"https:\/\/raval.es\/elx\/wp-json\/wp\/v2\/media\/7502"}],"wp:attachment":[{"href":"https:\/\/raval.es\/elx\/wp-json\/wp\/v2\/media?parent=7501"}],"wp:term":[{"taxonomy":"category","embeddable":true,"href":"https:\/\/raval.es\/elx\/wp-json\/wp\/v2\/categories?post=7501"},{"taxonomy":"post_tag","embeddable":true,"href":"https:\/\/raval.es\/elx\/wp-json\/wp\/v2\/tags?post=7501"}],"curies":[{"name":"wp","href":"https:\/\/api.w.org\/{rel}","templated":true}]}}