{"id":7531,"date":"2024-06-17T10:20:39","date_gmt":"2024-06-17T10:20:39","guid":{"rendered":"https:\/\/raval.es\/elx\/?p=7531"},"modified":"2024-09-22T19:57:44","modified_gmt":"2024-09-22T19:57:44","slug":"covasomnis","status":"publish","type":"post","link":"https:\/\/raval.es\/elx\/covasomnis\/","title":{"rendered":"EL JARD\u00cdN DE LOS SUE\u00d1OS"},"content":{"rendered":"<div id=\"fb-root\"><\/div>\n<p>[et_pb_section fb_built=\u00bb1&#8243; _builder_version=\u00bb4.18.0&#8243; _module_preset=\u00bbdefault\u00bb global_colors_info=\u00bb{}\u00bb][et_pb_row column_structure=\u00bb2_3,1_3&#8243; _builder_version=\u00bb4.18.0&#8243; _module_preset=\u00bbdefault\u00bb global_colors_info=\u00bb{}\u00bb][et_pb_column type=\u00bb2_3&#8243; _builder_version=\u00bb4.18.0&#8243; _module_preset=\u00bbdefault\u00bb global_colors_info=\u00bb{}\u00bb][et_pb_image src=\u00bbhttps:\/\/raval.es\/elx\/wp-content\/uploads\/2024\/06\/cuevasuenos.jpg\u00bb title_text=\u00bbcuevasuenos\u00bb show_in_lightbox=\u00bbon\u00bb _builder_version=\u00bb4.18.0&#8243; _module_preset=\u00bbdefault\u00bb global_colors_info=\u00bb{}\u00bb][\/et_pb_image][et_pb_text _builder_version=\u00bb4.18.0&#8243; _module_preset=\u00bbdefault\u00bb inline_fonts=\u00bbCalligraffitti\u00bb global_colors_info=\u00bb{}\u00bb]<\/p>\n<h2 style=\"text-align: center;\"><span style=\"font-family: Calligraffitti; font-weight: normal;\">\u00bfY t\u00fa? \u00bfdejar\u00e1s tu sue\u00f1o en la <strong>Cueva del Jard\u00edn de los Sue\u00f1os<\/strong>? &#8230;en el Filet de Dins del Raval<\/span><\/h2>\n<p>[\/et_pb_text][\/et_pb_column][et_pb_column type=\u00bb1_3&#8243; _builder_version=\u00bb4.18.0&#8243; _module_preset=\u00bbdefault\u00bb global_colors_info=\u00bb{}\u00bb][et_pb_image src=\u00bbhttps:\/\/raval.es\/elx\/wp-content\/uploads\/2024\/06\/guiasuenos.jpg\u00bb title_text=\u00bbguiasuenos\u00bb show_in_lightbox=\u00bbon\u00bb _builder_version=\u00bb4.18.0&#8243; _module_preset=\u00bbdefault\u00bb global_colors_info=\u00bb{}\u00bb][\/et_pb_image][\/et_pb_column][\/et_pb_row][et_pb_row _builder_version=\u00bb4.18.0&#8243; _module_preset=\u00bbdefault\u00bb global_colors_info=\u00bb{}\u00bb][et_pb_column type=\u00bb4_4&#8243; _builder_version=\u00bb4.18.0&#8243; _module_preset=\u00bbdefault\u00bb global_colors_info=\u00bb{}\u00bb][et_pb_gallery gallery_ids=\u00bb7534,7545,7544,7543,7542,7541,7540,7539,7538,7537,7536,7535,7586,7587,7588,7589,7590,7591,7592,7607,7608,7609,7610,7611,7612,7613,7614,7615,7616,7617,7618,7619,7620,7621,7622,7623,7624,7625,7626&#8243; gallery_orderby=\u00bbrand\u00bb fullwidth=\u00bbon\u00bb _builder_version=\u00bb4.18.0&#8243; _module_preset=\u00bbdefault\u00bb title_font_size=\u00bb1px\u00bb hover_enabled=\u00bb0&#8243; global_colors_info=\u00bb{}\u00bb sticky_enabled=\u00bb0&#8243;][\/et_pb_gallery][\/et_pb_column][\/et_pb_row][\/et_pb_section]<\/p>\n","protected":false},"excerpt":{"rendered":"<p>En el Filet de Dins pots deixar els teus desitjos a la fada dels somnis. Amb el foc de Sant Joan s&#8217;elevaran cap al cel.<\/p>\n","protected":false},"author":1,"featured_media":7547,"comment_status":"closed","ping_status":"open","sticky":false,"template":"","format":"standard","meta":{"_et_pb_use_builder":"on","_et_pb_old_content":"","_et_gb_content_width":"","_joinchat":[],"footnotes":""},"categories":[163,64,59],"tags":[],"class_list":["post-7531","post","type-post","status-publish","format-standard","has-post-thumbnail","hentry","category-163","category-actividades","category-sant-joan"],"_links":{"self":[{"href":"https:\/\/raval.es\/elx\/wp-json\/wp\/v2\/posts\/7531","targetHints":{"allow":["GET"]}}],"collection":[{"href":"https:\/\/raval.es\/elx\/wp-json\/wp\/v2\/posts"}],"about":[{"href":"https:\/\/raval.es\/elx\/wp-json\/wp\/v2\/types\/post"}],"author":[{"embeddable":true,"href":"https:\/\/raval.es\/elx\/wp-json\/wp\/v2\/users\/1"}],"replies":[{"embeddable":true,"href":"https:\/\/raval.es\/elx\/wp-json\/wp\/v2\/comments?post=7531"}],"version-history":[{"count":12,"href":"https:\/\/raval.es\/elx\/wp-json\/wp\/v2\/posts\/7531\/revisions"}],"predecessor-version":[{"id":7629,"href":"https:\/\/raval.es\/elx\/wp-json\/wp\/v2\/posts\/7531\/revisions\/7629"}],"wp:featuredmedia":[{"embeddable":true,"href":"https:\/\/raval.es\/elx\/wp-json\/wp\/v2\/media\/7547"}],"wp:attachment":[{"href":"https:\/\/raval.es\/elx\/wp-json\/wp\/v2\/media?parent=7531"}],"wp:term":[{"taxonomy":"category","embeddable":true,"href":"https:\/\/raval.es\/elx\/wp-json\/wp\/v2\/categories?post=7531"},{"taxonomy":"post_tag","embeddable":true,"href":"https:\/\/raval.es\/elx\/wp-json\/wp\/v2\/tags?post=7531"}],"curies":[{"name":"wp","href":"https:\/\/api.w.org\/{rel}","templated":true}]}}