{"id":7676,"date":"2024-07-20T19:32:21","date_gmt":"2024-07-20T19:32:21","guid":{"rendered":"https:\/\/raval.es\/elx\/?p=7676"},"modified":"2024-07-20T19:50:13","modified_gmt":"2024-07-20T19:50:13","slug":"receptari-adr24","status":"publish","type":"post","link":"https:\/\/raval.es\/elx\/receptari-adr24\/","title":{"rendered":"Del camp d&#8217;Elx a la taula"},"content":{"rendered":"<div id=\"fb-root\"><\/div>\n<p>[et_pb_section fb_built=\u00bb1&#8243; _builder_version=\u00bb4.18.0&#8243; _module_preset=\u00bbdefault\u00bb global_colors_info=\u00bb{}\u00bb][et_pb_row column_structure=\u00bb1_2,1_2&#8243; _builder_version=\u00bb4.18.0&#8243; _module_preset=\u00bbdefault\u00bb global_colors_info=\u00bb{}\u00bb][et_pb_column type=\u00bb1_2&#8243; _builder_version=\u00bb4.18.0&#8243; _module_preset=\u00bbdefault\u00bb global_colors_info=\u00bb{}\u00bb][et_pb_text _builder_version=\u00bb4.18.0&#8243; _module_preset=\u00bbdefault\u00bb hover_enabled=\u00bb0&#8243; global_colors_info=\u00bb{}\u00bb sticky_enabled=\u00bb0&#8243;]<\/p>\n<p>L&#8217;<a href=\"https:\/\/turismoruralelche.es\">Associaci\u00f3 pel Desenvolupament Rural del Camp d\u2019Elx (ADR)<\/a> amb la col\u00b7laboraci\u00f3 de l&#8217;Ajuntament d&#8217;Elx, ha llan\u00e7at un nou llibre de receptes titulat \u2018Del Camp d\u2019Elx a la taula\u2019. Aquesta obra, disponible tant en format f\u00edsic com digital, presenta una \u00e0mplia selecci\u00f3 de receptes tradicionals que es poden preparar f\u00e0cilment utilitzant productes de temporada caracter\u00edstics de la regi\u00f3 il\u00b7licitana, com els d\u00e0tils, la magrana mollar i les carxofes.<\/p>\n<p>El llibre inclou una varietat de receptes emblem\u00e0tiques del municipi, com ara Pipes i Carasses, Faves amb Carxofes, Olla Podrida i diferents tipus d&#8217;arrossos, entre altres plats t\u00edpics. Amb aquesta iniciativa, es busca ressaltar els valors culturals i paisatg\u00edstics del Camp d\u2019Elx a trav\u00e9s de la gastronomia, al mateix temps que es fomenta la import\u00e0ncia d&#8217;una alimentaci\u00f3 saludable i equilibrada.<\/p>\n<p>\u2018Del Camp d\u2019Elx a la taula\u2019 ja est\u00e0 disponible per a la seua desc\u00e0rrega a trav\u00e9s de la p\u00e0gina web de l&#8217;associaci\u00f3, <a href=\"https:\/\/drive.google.com\/file\/d\/1EvABW1uJ0xfLInxi6DbI9-ogNZ__ZbDo\/view?usp=sharing\">turismoruralelche.es<\/a>. Marga Guill\u00f3 explica \u201caquest \u00e9s nom\u00e9s el primer llibre, i moltes de les receptes incloses estan acompanyades de v\u00eddeos tutorials que expliquen pas a pas el proc\u00e9s de preparaci\u00f3. <a href=\"https:\/\/www.youtube.com\/playlist?list=PLgXwTAdZHo4NU6dimuVTPsRLVzwYxFQKm\"><strong>Aquests v\u00eddeos es poden accedir escanejant el codi QR associat a cada recepta o directament a trav\u00e9s de YouTube.\u201d<\/strong><\/a><\/p>\n<p>[\/et_pb_text][\/et_pb_column][et_pb_column type=\u00bb1_2&#8243; _builder_version=\u00bb4.18.0&#8243; _module_preset=\u00bbdefault\u00bb global_colors_info=\u00bb{}\u00bb][et_pb_image src=\u00bbhttps:\/\/raval.es\/elx\/wp-content\/uploads\/2024\/07\/delcampalataulagran.png\u00bb title_text=\u00bbdelcampalataulagran\u00bb _builder_version=\u00bb4.18.0&#8243; _module_preset=\u00bbdefault\u00bb hover_enabled=\u00bb0&#8243; global_colors_info=\u00bb{}\u00bb sticky_enabled=\u00bb0&#8243; url=\u00bbhttps:\/\/drive.google.com\/file\/d\/1EvABW1uJ0xfLInxi6DbI9-ogNZ__ZbDo\/view?usp=sharing\u00bb][\/et_pb_image][\/et_pb_column][\/et_pb_row][\/et_pb_section]<\/p>\n","protected":false},"excerpt":{"rendered":"<p>l&#8217;Associaci\u00f3 pel Desenvolupament Rural del Camp d&#8217;Elx ens vol fer gaudir de la cu\u00efna tradicional il\u00b7licitana amb aquest sabr\u00f3s recetari<\/p>\n","protected":false},"author":1,"featured_media":7678,"comment_status":"closed","ping_status":"open","sticky":false,"template":"","format":"standard","meta":{"_et_pb_use_builder":"on","_et_pb_old_content":"","_et_gb_content_width":"","_joinchat":[],"footnotes":""},"categories":[51],"tags":[],"class_list":["post-7676","post","type-post","status-publish","format-standard","has-post-thumbnail","hentry","category-noticias"],"_links":{"self":[{"href":"https:\/\/raval.es\/elx\/wp-json\/wp\/v2\/posts\/7676","targetHints":{"allow":["GET"]}}],"collection":[{"href":"https:\/\/raval.es\/elx\/wp-json\/wp\/v2\/posts"}],"about":[{"href":"https:\/\/raval.es\/elx\/wp-json\/wp\/v2\/types\/post"}],"author":[{"embeddable":true,"href":"https:\/\/raval.es\/elx\/wp-json\/wp\/v2\/users\/1"}],"replies":[{"embeddable":true,"href":"https:\/\/raval.es\/elx\/wp-json\/wp\/v2\/comments?post=7676"}],"version-history":[{"count":6,"href":"https:\/\/raval.es\/elx\/wp-json\/wp\/v2\/posts\/7676\/revisions"}],"predecessor-version":[{"id":7689,"href":"https:\/\/raval.es\/elx\/wp-json\/wp\/v2\/posts\/7676\/revisions\/7689"}],"wp:featuredmedia":[{"embeddable":true,"href":"https:\/\/raval.es\/elx\/wp-json\/wp\/v2\/media\/7678"}],"wp:attachment":[{"href":"https:\/\/raval.es\/elx\/wp-json\/wp\/v2\/media?parent=7676"}],"wp:term":[{"taxonomy":"category","embeddable":true,"href":"https:\/\/raval.es\/elx\/wp-json\/wp\/v2\/categories?post=7676"},{"taxonomy":"post_tag","embeddable":true,"href":"https:\/\/raval.es\/elx\/wp-json\/wp\/v2\/tags?post=7676"}],"curies":[{"name":"wp","href":"https:\/\/api.w.org\/{rel}","templated":true}]}}