{"id":7774,"date":"2024-09-30T18:37:39","date_gmt":"2024-09-30T18:37:39","guid":{"rendered":"https:\/\/raval.es\/elx\/?p=7774"},"modified":"2024-09-30T18:41:22","modified_gmt":"2024-09-30T18:41:22","slug":"lucesysombras3","status":"publish","type":"post","link":"https:\/\/raval.es\/elx\/lucesysombras3\/","title":{"rendered":"Luces y sombras. Concurs fotogr\u00e0fic"},"content":{"rendered":"<div id=\"fb-root\"><\/div>\n\n[et_pb_section fb_built=\u00bb1&#8243; _builder_version=\u00bb4.18.0&#8243; _module_preset=\u00bbdefault\u00bb global_colors_info=\u00bb{}\u00bb][et_pb_row column_structure=\u00bb1_2,1_2&#8243; _builder_version=\u00bb4.18.0&#8243; _module_preset=\u00bbdefault\u00bb global_colors_info=\u00bb{}\u00bb][et_pb_column type=\u00bb1_2&#8243; _builder_version=\u00bb4.18.0&#8243; _module_preset=\u00bbdefault\u00bb global_colors_info=\u00bb{}\u00bb][et_pb_text _builder_version=\u00bb4.18.0&#8243; _module_preset=\u00bbdefault\u00bb hover_enabled=\u00bb0&#8243; global_colors_info=\u00bb{}\u00bb sticky_enabled=\u00bb0&#8243;]<p>Amb motiu de la III Festa del Palmerar, Volem Palmerar, amb el patrocini de Cambra convoca el concurs fotogr\u00e0fic per mostrar el millor i pitjor del nostre patrimoni<\/p>\n<p><em>\u00ab(&#8230;)La convocat\u00f2ria pret\u00e9n arreplegar les dos cares del Palmerar d&#8217;Elx, tant del palmerar urb\u00e0 com del palmerar rural, mostrant all\u00f2 que m\u00e9s ens agrada del Palmerar i all\u00f2 que m\u00e9s ens disgusta(&#8230;)<\/em><\/p>\n<p>Podeu consultar les bases i participar en:<\/p>\n<h5><em><strong><a href=\"http:\/\/www.volempalmerar.es\/lucesysombras3\/\">volempalmerar.es\/luces y sombras3<\/a><\/strong><\/em><\/h5>[\/et_pb_text][\/et_pb_column][et_pb_column type=\u00bb1_2&#8243; _builder_version=\u00bb4.18.0&#8243; _module_preset=\u00bbdefault\u00bb global_colors_info=\u00bb{}\u00bb][et_pb_image src=\u00bbhttps:\/\/raval.es\/elx\/wp-content\/uploads\/2024\/09\/Imagen-de-WhatsApp-2024-09-30-a-las-19.18.29_248ebc73.jpg\u00bb title_text=\u00bbImagen de WhatsApp 2024-09-30 a las 19.18.29_248ebc73&#8243; _builder_version=\u00bb4.18.0&#8243; _module_preset=\u00bbdefault\u00bb hover_enabled=\u00bb0&#8243; global_colors_info=\u00bb{}\u00bb sticky_enabled=\u00bb0&#8243; url=\u00bbhttp:\/\/www.volempalmerar.es\/lucesysombras3\/\u00bb][\/et_pb_image][\/et_pb_column][\/et_pb_row][\/et_pb_section]\n","protected":false},"excerpt":{"rendered":"<p>Amb motiu de la III Festa del Palmerar, Volem Palmerar convoca un concurs fotogr\u00e0fic<\/p>\n","protected":false},"author":1,"featured_media":7780,"comment_status":"closed","ping_status":"open","sticky":false,"template":"","format":"standard","meta":{"_et_pb_use_builder":"on","_et_pb_old_content":"","_et_gb_content_width":"","_joinchat":[],"footnotes":""},"categories":[51],"tags":[],"class_list":["post-7774","post","type-post","status-publish","format-standard","has-post-thumbnail","hentry","category-noticias"],"_links":{"self":[{"href":"https:\/\/raval.es\/elx\/wp-json\/wp\/v2\/posts\/7774","targetHints":{"allow":["GET"]}}],"collection":[{"href":"https:\/\/raval.es\/elx\/wp-json\/wp\/v2\/posts"}],"about":[{"href":"https:\/\/raval.es\/elx\/wp-json\/wp\/v2\/types\/post"}],"author":[{"embeddable":true,"href":"https:\/\/raval.es\/elx\/wp-json\/wp\/v2\/users\/1"}],"replies":[{"embeddable":true,"href":"https:\/\/raval.es\/elx\/wp-json\/wp\/v2\/comments?post=7774"}],"version-history":[{"count":5,"href":"https:\/\/raval.es\/elx\/wp-json\/wp\/v2\/posts\/7774\/revisions"}],"predecessor-version":[{"id":7783,"href":"https:\/\/raval.es\/elx\/wp-json\/wp\/v2\/posts\/7774\/revisions\/7783"}],"wp:featuredmedia":[{"embeddable":true,"href":"https:\/\/raval.es\/elx\/wp-json\/wp\/v2\/media\/7780"}],"wp:attachment":[{"href":"https:\/\/raval.es\/elx\/wp-json\/wp\/v2\/media?parent=7774"}],"wp:term":[{"taxonomy":"category","embeddable":true,"href":"https:\/\/raval.es\/elx\/wp-json\/wp\/v2\/categories?post=7774"},{"taxonomy":"post_tag","embeddable":true,"href":"https:\/\/raval.es\/elx\/wp-json\/wp\/v2\/tags?post=7774"}],"curies":[{"name":"wp","href":"https:\/\/api.w.org\/{rel}","templated":true}]}}