{"id":7975,"date":"2025-04-02T12:56:18","date_gmt":"2025-04-02T12:56:18","guid":{"rendered":"https:\/\/raval.es\/elx\/?p=7975"},"modified":"2025-04-16T17:53:24","modified_gmt":"2025-04-16T17:53:24","slug":"taulabril25","status":"publish","type":"post","link":"https:\/\/raval.es\/elx\/taulabril25\/","title":{"rendered":"Taula Informativa al Mercat Ecol\u00f2gic &#8211; 5 d&#8217;abril"},"content":{"rendered":"<div id=\"fb-root\"><\/div>\n<p>[et_pb_section fb_built=\u00bb1&#8243; _builder_version=\u00bb4.16&#8243; global_colors_info=\u00bb{}\u00bb][et_pb_row column_structure=\u00bb1_2,1_2&#8243; _builder_version=\u00bb4.16&#8243; background_size=\u00bbinitial\u00bb background_position=\u00bbtop_left\u00bb background_repeat=\u00bbrepeat\u00bb global_colors_info=\u00bb{}\u00bb][et_pb_column type=\u00bb1_2&#8243; _builder_version=\u00bb4.16&#8243; custom_padding=\u00bb|||\u00bb global_colors_info=\u00bb{}\u00bb custom_padding__hover=\u00bb|||\u00bb][et_pb_image src=\u00bbhttps:\/\/raval.es\/elx\/wp-content\/uploads\/2022\/09\/IMG-20180901-WA0010.jpg\u00bb title_text=\u00bbIMG-20180901-WA0010&#8243; _builder_version=\u00bb4.16&#8243; global_colors_info=\u00bb{}\u00bb][\/et_pb_image][et_pb_image src=\u00bbhttps:\/\/raval.es\/elx\/wp-content\/uploads\/2025\/04\/elchedibujado25.jpg\u00bb title_text=\u00bbelchedibujado25&#8243; show_in_lightbox=\u00bbon\u00bb _builder_version=\u00bb4.27.2&#8243; hover_enabled=\u00bb0&#8243; global_colors_info=\u00bb{}\u00bb sticky_enabled=\u00bb0&#8243;][\/et_pb_image][et_pb_image src=\u00bbhttps:\/\/raval.es\/elx\/wp-content\/uploads\/2025\/04\/cartellalejandra.jpg\u00bb title_text=\u00bbcartellalejandra\u00bb show_in_lightbox=\u00bbon\u00bb _builder_version=\u00bb4.27.2&#8243; hover_enabled=\u00bb0&#8243; global_colors_info=\u00bb{}\u00bb sticky_enabled=\u00bb0&#8243;][\/et_pb_image][\/et_pb_column][et_pb_column type=\u00bb1_2&#8243; _builder_version=\u00bb4.16&#8243; custom_padding=\u00bb|||\u00bb global_colors_info=\u00bb{}\u00bb custom_padding__hover=\u00bb|||\u00bb][et_pb_text _builder_version=\u00bb4.27.2&#8243; hover_enabled=\u00bb0&#8243; global_colors_info=\u00bb{}\u00bb sticky_enabled=\u00bb0&#8243;]<\/p>\n<div dir=\"auto\" class=\"html-div xe8uvvx xdj266r x11i5rnm xat24cr x1mh8g0r xexx8yu x4uap5 x18d9i69 xkhd6sd\">\n<div class=\"x1iorvi4 x1pi30zi x1l90r2v x1swvt13\" data-ad-comet-preview=\"message\" data-ad-preview=\"message\" id=\":rvg:\">\n<div class=\"x78zum5 xdt5ytf xz62fqu x16ldp7u\">\n<div class=\"xu06os2 x1ok221b\">\n<div class=\"xdj266r x11i5rnm xat24cr x1mh8g0r x1vvkbs x126k92a\">\n<div dir=\"auto\" style=\"text-align: start;\">Despr\u00e9s d&#8217;haver de suspendre el Mercat de mar\u00e7 per la sempre volguda per\u00f2 inoportuna puja tornem a la Pla\u00e7a Major del Raval. Des de les 10 del mat\u00ed fins l&#8217;hora de dinar.<\/div>\n<div dir=\"auto\" style=\"text-align: start;\"><\/div>\n<div dir=\"auto\" style=\"text-align: start;\">No sols comptarem, com sempre, amb els saborosos i sostenibles productes del Mercat Ecol\u00f2gic i la sempre disposada \u00abparadeta\u00bb de la AV, amb musica \u00aben llanda\u00bb, Pepe Ros ens presantar\u00e0 i signar` exemplars del seu llibre: Elche Dibujado, una perspectiva molt colorida i art\u00edstica dels nostres carrers i entorns emblem\u00e0tics.<br \/>I Alexandra Zaragoza i el Margall\u00f3 ens conviden tamb\u00e9 a fer el canvi d&#8217;armari (recordes que estem en primavera? reciclant o intercanviant els nostres prendes<\/div>\n<div dir=\"auto\" style=\"text-align: start;\"><\/div>\n<div dir=\"auto\" style=\"text-align: start;\">I, per descomptat, <span class=\"html-span xdj266r x11i5rnm xat24cr x1mh8g0r xexx8yu x4uap5 x18d9i69 xkhd6sd x1hl2dhg x16tdsg8 x1vvkbs\"><a tabindex=\"-1\"><\/a><\/span>no faltar\u00e0 el \u00abpunt\u00bb de Tejer en P\u00fablico i altres amics.<\/div>\n<div dir=\"auto\" style=\"text-align: start;\"><\/div>\n<div dir=\"auto\" style=\"text-align: start;\">T&#8217;oblidar\u00e0s? Vinga, posa l&#8217;alarma el m\u00f2bil que com se&#8217;t passe&#8230;<\/div>\n<\/div>\n<\/div>\n<\/div>\n<\/div>\n<\/div>\n<p>[\/et_pb_text][\/et_pb_column][\/et_pb_row][\/et_pb_section]<\/p>\n","protected":false},"excerpt":{"rendered":"<p>Obrim la paradeta. El proper dissabte 5 d&#8217;abril. Amb Pepe Ros i Alejandra Zaragoza<\/p>\n","protected":false},"author":1,"featured_media":7976,"comment_status":"closed","ping_status":"open","sticky":false,"template":"","format":"standard","meta":{"_et_pb_use_builder":"on","_et_pb_old_content":"<p><img class=\"size-medium wp-image-1953 alignleft\" src=\"http:\/\/raval.es\/elx\/wp-content\/uploads\/2018\/03\/mercatfeb-1-225x300.jpg\" alt=\"\" width=\"225\" height=\"300\" \/>El proper dissabte tamb\u00e9 tindrem una \"paradeta\" dins el Mercat Ecol\u00f2gic i Local que es fa a la Pla\u00e7a Major del Raval, on podeu informar-vos de les activitats de l'Associaci\u00f3 i, si voleu, fer-vos socis\/es... a m\u00e9s, clar, de gaudir de totes les propostes d'alimentaci\u00f3 i ambientals sanes i saludables que ens proposen els productors del nostre entorn... i de les activitats per xiquets i m\u00fasica en viu per ballar i pasar una bona estona.<\/p><p><em><strong>Us esperem!<\/strong><\/em><\/p><p>[FAG id=1970]<\/p>","_et_gb_content_width":"","_joinchat":[],"footnotes":""},"categories":[164,64],"tags":[],"class_list":["post-7975","post","type-post","status-publish","format-standard","has-post-thumbnail","hentry","category-164","category-actividades"],"_links":{"self":[{"href":"https:\/\/raval.es\/elx\/wp-json\/wp\/v2\/posts\/7975","targetHints":{"allow":["GET"]}}],"collection":[{"href":"https:\/\/raval.es\/elx\/wp-json\/wp\/v2\/posts"}],"about":[{"href":"https:\/\/raval.es\/elx\/wp-json\/wp\/v2\/types\/post"}],"author":[{"embeddable":true,"href":"https:\/\/raval.es\/elx\/wp-json\/wp\/v2\/users\/1"}],"replies":[{"embeddable":true,"href":"https:\/\/raval.es\/elx\/wp-json\/wp\/v2\/comments?post=7975"}],"version-history":[{"count":3,"href":"https:\/\/raval.es\/elx\/wp-json\/wp\/v2\/posts\/7975\/revisions"}],"predecessor-version":[{"id":7983,"href":"https:\/\/raval.es\/elx\/wp-json\/wp\/v2\/posts\/7975\/revisions\/7983"}],"wp:featuredmedia":[{"embeddable":true,"href":"https:\/\/raval.es\/elx\/wp-json\/wp\/v2\/media\/7976"}],"wp:attachment":[{"href":"https:\/\/raval.es\/elx\/wp-json\/wp\/v2\/media?parent=7975"}],"wp:term":[{"taxonomy":"category","embeddable":true,"href":"https:\/\/raval.es\/elx\/wp-json\/wp\/v2\/categories?post=7975"},{"taxonomy":"post_tag","embeddable":true,"href":"https:\/\/raval.es\/elx\/wp-json\/wp\/v2\/tags?post=7975"}],"curies":[{"name":"wp","href":"https:\/\/api.w.org\/{rel}","templated":true}]}}