{"id":8275,"date":"2025-07-08T18:52:17","date_gmt":"2025-07-08T18:52:17","guid":{"rendered":"https:\/\/raval.es\/elx\/?p=8275"},"modified":"2025-09-03T19:00:31","modified_gmt":"2025-09-03T19:00:31","slug":"campanya-pel-comerc-local-2-2","status":"publish","type":"post","link":"https:\/\/raval.es\/elx\/campanya-pel-comerc-local-2-2\/","title":{"rendered":"Luces y Sombras 2025. Concurs Fotogr\u00e0fic"},"content":{"rendered":"<div id=\"fb-root\"><\/div>\n\n[et_pb_section fb_built=\u00bb1&#8243; _builder_version=\u00bb4.27.2&#8243; _module_preset=\u00bbdefault\u00bb global_colors_info=\u00bb{}\u00bb][et_pb_row _builder_version=\u00bb4.27.2&#8243; _module_preset=\u00bbdefault\u00bb global_colors_info=\u00bb{}\u00bb][et_pb_column type=\u00bb4_4&#8243; _builder_version=\u00bb4.27.2&#8243; _module_preset=\u00bbdefault\u00bb global_colors_info=\u00bb{}\u00bb][et_pb_image src=\u00bbhttps:\/\/raval.es\/elx\/wp-content\/uploads\/2025\/09\/lucesysombras1.jpg\u00bb title_text=\u00bblucesysombras1&#8243; _builder_version=\u00bb4.27.2&#8243; _module_preset=\u00bbdefault\u00bb hover_enabled=\u00bb0&#8243; global_colors_info=\u00bb{}\u00bb sticky_enabled=\u00bb0&#8243; url=\u00bbhttps:\/\/www.volempalmerar.es\/lucesysombras4\/\u00bb][\/et_pb_image][et_pb_text _builder_version=\u00bb4.27.2&#8243; _module_preset=\u00bbdefault\u00bb hover_enabled=\u00bb0&#8243; global_colors_info=\u00bb{}\u00bb sticky_enabled=\u00bb0&#8243;]<h4 style=\"text-align: center;\"><a href=\"https:\/\/www.volempalmerar.es\/lucesysombras4\/\"><strong>IV Concurs de Fotografia Festa del Palmerar d\u00b4Elx<\/strong><\/a><br \/><a href=\"https:\/\/www.volempalmerar.es\/lucesysombras4\/\"><strong>\u201cLlums i ombres del palmerar d&#8217;Elx\u201d<\/strong><\/a><\/h4>\n<h4 style=\"text-align: center;\">EXPOSICI\u00d3 DE FOTOGRAFIES GUANYADORES I SELECCIONADES EN L&#8217;\u00c0MBIT<br \/>CULTURAL DEL CORTE INGL\u00c9S D&#8217;ELX<\/h4>\n<h4 style=\"text-align: center;\"><strong>XXV Aniversari Patrimoni Mundial<\/strong><br \/><strong>IV Festa del Palmerar d\u2019Elx<\/strong><\/h4>\n<p>Aquesta convocat\u00f2ria, que s&#8217;inclou dins de les activitats organitzades per <a href=\"https:\/\/volempalmerar.es\"><strong>VOLEM PALMERAR<\/strong><\/a> amb motiu del XXV Aniversari com a Patrimoni Mundial del Palmerar d&#8217;Elx, anima a els\/as artistes a presentar fotografies d&#8217;aquest meravell\u00f3s paisatge cultural agr\u00edcola, dels seus components vegetals, de les seues estructures de reg, s\u00e9quies, molins, casa tradicionals i torres, aix\u00ed com de les persones que ho cuiden, tant del palmerar urb\u00e0 com del palmerar rural, mostrant aquells aspectes o imatges que m\u00e9s ens impacten o motiven d&#8217;aquest Palmerar com els que m\u00e9s ens disgusten.<\/p>[\/et_pb_text][\/et_pb_column][\/et_pb_row][\/et_pb_section]\n","protected":false},"excerpt":{"rendered":"<p>Una nova convocat\u00f2ria per recollir les dues cares del Palmerar d&#8217;Elx, tant del palmerar urb\u00e0 com del palmerar rural, mostrant all\u00f2 que m\u00e9s ens agrada del Palmerar i all\u00f2 que m\u00e9s ens disgusta.<\/p>\n","protected":false},"author":1,"featured_media":8276,"comment_status":"closed","ping_status":"open","sticky":false,"template":"","format":"standard","meta":{"_et_pb_use_builder":"on","_et_pb_old_content":"","_et_gb_content_width":"","_joinchat":[],"footnotes":""},"categories":[51],"tags":[],"class_list":["post-8275","post","type-post","status-publish","format-standard","has-post-thumbnail","hentry","category-noticias"],"_links":{"self":[{"href":"https:\/\/raval.es\/elx\/wp-json\/wp\/v2\/posts\/8275","targetHints":{"allow":["GET"]}}],"collection":[{"href":"https:\/\/raval.es\/elx\/wp-json\/wp\/v2\/posts"}],"about":[{"href":"https:\/\/raval.es\/elx\/wp-json\/wp\/v2\/types\/post"}],"author":[{"embeddable":true,"href":"https:\/\/raval.es\/elx\/wp-json\/wp\/v2\/users\/1"}],"replies":[{"embeddable":true,"href":"https:\/\/raval.es\/elx\/wp-json\/wp\/v2\/comments?post=8275"}],"version-history":[{"count":3,"href":"https:\/\/raval.es\/elx\/wp-json\/wp\/v2\/posts\/8275\/revisions"}],"predecessor-version":[{"id":8280,"href":"https:\/\/raval.es\/elx\/wp-json\/wp\/v2\/posts\/8275\/revisions\/8280"}],"wp:featuredmedia":[{"embeddable":true,"href":"https:\/\/raval.es\/elx\/wp-json\/wp\/v2\/media\/8276"}],"wp:attachment":[{"href":"https:\/\/raval.es\/elx\/wp-json\/wp\/v2\/media?parent=8275"}],"wp:term":[{"taxonomy":"category","embeddable":true,"href":"https:\/\/raval.es\/elx\/wp-json\/wp\/v2\/categories?post=8275"},{"taxonomy":"post_tag","embeddable":true,"href":"https:\/\/raval.es\/elx\/wp-json\/wp\/v2\/tags?post=8275"}],"curies":[{"name":"wp","href":"https:\/\/api.w.org\/{rel}","templated":true}]}}