{"id":8281,"date":"2025-09-03T19:07:08","date_gmt":"2025-09-03T19:07:08","guid":{"rendered":"https:\/\/raval.es\/elx\/?p=8281"},"modified":"2025-09-03T19:30:05","modified_gmt":"2025-09-03T19:30:05","slug":"elx-al-carrer17","status":"publish","type":"post","link":"https:\/\/raval.es\/elx\/elx-al-carrer17\/","title":{"rendered":"Elx al carrer 17e"},"content":{"rendered":"<div id=\"fb-root\"><\/div>\n<p>[et_pb_section fb_built=\u00bb1&#8243; _builder_version=\u00bb4.27.2&#8243; _module_preset=\u00bbdefault\u00bb global_colors_info=\u00bb{}\u00bb][et_pb_row _builder_version=\u00bb4.27.2&#8243; _module_preset=\u00bbdefault\u00bb global_colors_info=\u00bb{}\u00bb][et_pb_column type=\u00bb4_4&#8243; _builder_version=\u00bb4.27.2&#8243; _module_preset=\u00bbdefault\u00bb global_colors_info=\u00bb{}\u00bb][et_pb_image src=\u00bbhttps:\/\/raval.es\/elx\/wp-content\/uploads\/2025\/09\/elxalcarrer17.jpeg\u00bb title_text=\u00bbelxalcarrer17&#8243; _builder_version=\u00bb4.27.2&#8243; _module_preset=\u00bbdefault\u00bb hover_enabled=\u00bb0&#8243; global_colors_info=\u00bb{}\u00bb sticky_enabled=\u00bb0&#8243; url=\u00bbhttps:\/\/elxalcarrer.com\/wp-content\/uploads\/2025\/08\/programacion-17-edicion-elx-al-carrer-val.pdf\u00bb][\/et_pb_image][et_pb_text _builder_version=\u00bb4.27.2&#8243; _module_preset=\u00bbdefault\u00bb global_colors_info=\u00bb{}\u00bb]<\/p>\n<p>\u00c9s un festival d&#8217;arts de carrer que es realitza en la via urbana d&#8217;Elx, utilitzant les places de la ciutat com a punts esc\u00e8nics. Sorgeix en el 2006 i s&#8217;ha realitzat durant 15 anys de manera ininterrompuda.<\/p>\n<p>\u00c9s una expressi\u00f3 cultural que utilitza el carrer com a espai esc\u00e8nic, adaptant la mateixa a l&#8217;obra art\u00edstica. Hi ha diverses disciplines art\u00edstiques que utilitzen el carrer com a context per a #expressar, com ara: m\u00fasica, teatre, performance, circ, titelles, malabars, funambulistes, clown, pintura, dansa\u2026<\/p>\n<p>[\/et_pb_text][et_pb_image src=\u00bbhttps:\/\/raval.es\/elx\/wp-content\/uploads\/2025\/09\/ELXAC17.jpg\u00bb _builder_version=\u00bb4.27.2&#8243; _module_preset=\u00bbdefault\u00bb title_text=\u00bbA3 programacio\u0301n copia\u00bb hover_enabled=\u00bb0&#8243; sticky_enabled=\u00bb0&#8243; show_in_lightbox=\u00bbon\u00bb][\/et_pb_image][\/et_pb_column][\/et_pb_row][\/et_pb_section]<\/p>\n","protected":false},"excerpt":{"rendered":"<p>Del 12 al 19 de setembre torna el festival d&#8217;arts de carrer que es realitza en la via urbana d&#8217;Elx, utilitzant les places de la ciutat com a punts esc\u00e8nics.<\/p>\n","protected":false},"author":1,"featured_media":8282,"comment_status":"closed","ping_status":"open","sticky":false,"template":"","format":"standard","meta":{"_et_pb_use_builder":"on","_et_pb_old_content":"","_et_gb_content_width":"","_joinchat":[],"footnotes":""},"categories":[51],"tags":[],"class_list":["post-8281","post","type-post","status-publish","format-standard","has-post-thumbnail","hentry","category-noticias"],"_links":{"self":[{"href":"https:\/\/raval.es\/elx\/wp-json\/wp\/v2\/posts\/8281","targetHints":{"allow":["GET"]}}],"collection":[{"href":"https:\/\/raval.es\/elx\/wp-json\/wp\/v2\/posts"}],"about":[{"href":"https:\/\/raval.es\/elx\/wp-json\/wp\/v2\/types\/post"}],"author":[{"embeddable":true,"href":"https:\/\/raval.es\/elx\/wp-json\/wp\/v2\/users\/1"}],"replies":[{"embeddable":true,"href":"https:\/\/raval.es\/elx\/wp-json\/wp\/v2\/comments?post=8281"}],"version-history":[{"count":4,"href":"https:\/\/raval.es\/elx\/wp-json\/wp\/v2\/posts\/8281\/revisions"}],"predecessor-version":[{"id":8289,"href":"https:\/\/raval.es\/elx\/wp-json\/wp\/v2\/posts\/8281\/revisions\/8289"}],"wp:featuredmedia":[{"embeddable":true,"href":"https:\/\/raval.es\/elx\/wp-json\/wp\/v2\/media\/8282"}],"wp:attachment":[{"href":"https:\/\/raval.es\/elx\/wp-json\/wp\/v2\/media?parent=8281"}],"wp:term":[{"taxonomy":"category","embeddable":true,"href":"https:\/\/raval.es\/elx\/wp-json\/wp\/v2\/categories?post=8281"},{"taxonomy":"post_tag","embeddable":true,"href":"https:\/\/raval.es\/elx\/wp-json\/wp\/v2\/tags?post=8281"}],"curies":[{"name":"wp","href":"https:\/\/api.w.org\/{rel}","templated":true}]}}