{"id":906,"date":"2016-04-02T22:36:36","date_gmt":"2016-04-02T22:36:36","guid":{"rendered":"http:\/\/raval.es\/elx\/?p=906"},"modified":"2017-01-25T01:07:11","modified_gmt":"2017-01-25T01:07:11","slug":"hort-de-la-cuerna-funcionament","status":"publish","type":"post","link":"https:\/\/raval.es\/elx\/hort-de-la-cuerna-funcionament\/","title":{"rendered":"Hort Urb\u00e0 al Raval"},"content":{"rendered":"<div id=\"fb-root\"><\/div>\n<p>[et_pb_section admin_label=\u00bbsection\u00bb][et_pb_row admin_label=\u00bbrow\u00bb][et_pb_column type=\u00bb4_4&#8243;][et_pb_text admin_label=\u00bbTexto\u00bb background_layout=\u00bblight\u00bb text_orientation=\u00bbjustified\u00bb use_border_color=\u00bboff\u00bb border_color=\u00bb#ffffff\u00bb border_style=\u00bbsolid\u00bb]<\/p>\n<p><img loading=\"lazy\" decoding=\"async\" class=\" wp-image-1036 alignleft\" src=\"http:\/\/raval.es\/elx\/wp-content\/uploads\/2016\/04\/mapahort-292x300.jpg\" alt=\"mapahort\" width=\"213\" height=\"204\" \/>El Proyecto de Huerto Urbano en la zona del Raval fue aprobado en los Presupuestos Participativos de 2011 pero qued\u00f3 paralizado con el cambio de gobierno municipal.<\/p>\n<p>El pasado 2015 el actual Consistorio accedi\u00f3 a la solicitud de los colectivos promotores del proyecto retomandolo parara su valoraci\u00f3n y ejecuci\u00f3n que deber\u00eda acometerse el presente a\u00f1o, 2017.<\/p>\n<p>Desde hace alrededor de un a\u00f1o un grupo de voluntarios practican en el Huerto de la Cuerna (el \u00fanico habilitado hasta el momento en Elx) para conocer, comprender y practicar su funcionamiento y uso de cara a poder servir de apoyo a los usuarios del Huierto Urbano que se ubicar\u00e1 en el Hort de Felip, junto al C.P. Reyes Cat\u00f3licos.<\/p>\n<p>A lo largo de este a\u00f1o se han realizado algunas reuniones para informar a los interesados del curso de desarrollo del proyecto y para coordinar con los t\u00e9cnicos miunicipales su puesta en marcha.<\/p>\n<p>Si est\u00e1s interesado\/a en participar en este proyecto contacta con la Asociaci\u00f3n de Vecinos\/as del Raval para mantenerte informado\/a. El m\u00e9todo m\u00e1s r\u00e1pido y seguro es el email: <a href=\"mailto:info@raval.es\">info@raval.es<\/a> para poder convocarte a las pr\u00f3ximas reuniones informativas.<\/p>\n<p>En cualquier caso tambi\u00e9n podr\u00e1s informarte a trav\u00e9s de esta web o estar atento\/a a los medios de comunicaci\u00f3n que, a buen seguro, dar\u00e1n cumplida cuenta del comienzo de las actividades en el Huerto.<\/p>\n<p>Anexo tienes documentaci\u00f3n referida tanto al proyecto del Huerto del Raval, como sobre el funcionamiento del de Altabix<\/p>\n<p><a href=\"http:\/\/raval.es\/elx\/wp-content\/uploads\/2016\/04\/Proyecto-agricultura-en-Palmeral.pdf\">PROYECTO AGRICULTURA EN EL PALMERAL<\/a><\/p>\n<p><a href=\"http:\/\/raval.es\/elx\/wp-content\/uploads\/2017\/01\/Cultivar-hortalizas-en-plena-ciudad-.pdf\">CULTIVAR HORTALIZAS EN PLENA CIUDAD<\/a><\/p>\n<p><a href=\"http:\/\/raval.es\/elx\/wp-content\/uploads\/2017\/01\/huerto_de_la_cuerna-1.pdf\">EL HUERTO DE LA CUERNA<\/a><\/p>\n<p>&nbsp;<\/p>\n<p>&nbsp;<\/p>\n<p>[\/et_pb_text][\/et_pb_column][\/et_pb_row][\/et_pb_section]<\/p>\n","protected":false},"excerpt":{"rendered":"<p>El Proyecto de Huerto Urbano en la zona del Raval fue aprobado en los Presupuestos Participativos de 2011 pero qued\u00f3 paralizado con el cambio de gobierno municipal. El pasado 2015 el actual Consistorio accedi\u00f3 a la solicitud de los colectivos promotores del proyecto retomandolo parara su valoraci\u00f3n y ejecuci\u00f3n que deber\u00eda acometerse el presente a\u00f1o, [&hellip;]<\/p>\n","protected":false},"author":1,"featured_media":1035,"comment_status":"open","ping_status":"open","sticky":false,"template":"","format":"standard","meta":{"_et_pb_use_builder":"on","_et_pb_old_content":"","_et_gb_content_width":"","_joinchat":[],"footnotes":""},"categories":[54,53],"tags":[],"class_list":["post-906","post","type-post","status-publish","format-standard","has-post-thumbnail","hentry","category-hort-urba","category-projectes"],"_links":{"self":[{"href":"https:\/\/raval.es\/elx\/wp-json\/wp\/v2\/posts\/906","targetHints":{"allow":["GET"]}}],"collection":[{"href":"https:\/\/raval.es\/elx\/wp-json\/wp\/v2\/posts"}],"about":[{"href":"https:\/\/raval.es\/elx\/wp-json\/wp\/v2\/types\/post"}],"author":[{"embeddable":true,"href":"https:\/\/raval.es\/elx\/wp-json\/wp\/v2\/users\/1"}],"replies":[{"embeddable":true,"href":"https:\/\/raval.es\/elx\/wp-json\/wp\/v2\/comments?post=906"}],"version-history":[{"count":4,"href":"https:\/\/raval.es\/elx\/wp-json\/wp\/v2\/posts\/906\/revisions"}],"predecessor-version":[{"id":1039,"href":"https:\/\/raval.es\/elx\/wp-json\/wp\/v2\/posts\/906\/revisions\/1039"}],"wp:featuredmedia":[{"embeddable":true,"href":"https:\/\/raval.es\/elx\/wp-json\/wp\/v2\/media\/1035"}],"wp:attachment":[{"href":"https:\/\/raval.es\/elx\/wp-json\/wp\/v2\/media?parent=906"}],"wp:term":[{"taxonomy":"category","embeddable":true,"href":"https:\/\/raval.es\/elx\/wp-json\/wp\/v2\/categories?post=906"},{"taxonomy":"post_tag","embeddable":true,"href":"https:\/\/raval.es\/elx\/wp-json\/wp\/v2\/tags?post=906"}],"curies":[{"name":"wp","href":"https:\/\/api.w.org\/{rel}","templated":true}]}}