{"id":946,"date":"2017-05-16T16:43:47","date_gmt":"2017-05-16T16:43:47","guid":{"rendered":"http:\/\/raval.es\/elx\/?p=946"},"modified":"2020-04-21T12:20:41","modified_gmt":"2020-04-21T12:20:41","slug":"carrers2017","status":"publish","type":"post","link":"https:\/\/raval.es\/elx\/carrers2017\/","title":{"rendered":"carrers2017"},"content":{"rendered":"<div id=\"fb-root\"><\/div>\n<p>[et_pb_section admin_label=\u00bbsection\u00bb fullwidth=\u00bboff\u00bb][et_pb_row admin_label=\u00bbrow\u00bb][et_pb_column type=\u00bb2_3&#8243;][et_pb_contact_form admin_label=\u00bbcarrers2017&#8243; captcha=\u00bbon\u00bb title=\u00bbProposta d&#8217;engalament a les Festes de Sant Joan. Raval 2017&#8243; saved_tabs=\u00bball\u00bb email=\u00bbinfo@raval.es\u00bb use_redirect=\u00bbon\u00bb redirect_url=\u00bbhttp:\/\/www.raval.es\u00bb success_message=\u00bbTu mensaje ha sido enviado. Procuraremos responderet lo antes posible.\u00bb input_border_radius=\u00bb0&#8243; use_border_color=\u00bboff\u00bb border_color=\u00bb#ffffff\u00bb border_style=\u00bbsolid\u00bb custom_button=\u00bboff\u00bb button_letter_spacing=\u00bb0&#8243; button_use_icon=\u00bbdefault\u00bb button_icon_placement=\u00bbright\u00bb button_on_hover=\u00bbon\u00bb button_letter_spacing_hover=\u00bb0&#8243;] [et_pb_contact_field field_title=\u00bbNom del coordinador\/a o responsable\u00bb field_type=\u00bbinput\u00bb field_id=\u00bbNom\u00bb required_mark=\u00bbon\u00bb fullwidth_field=\u00bboff\u00bb form_field_font_select=\u00bbdefault\u00bb form_field_font=\u00bb||||\u00bb use_border_color=\u00bboff\u00bb border_style=\u00bbsolid\u00bb] [\/et_pb_contact_field][et_pb_contact_field field_id=\u00bbTelf\u00bb field_title=\u00bbTel\u00e8fon\/Whatsapp\u00bb field_type=\u00bbinput\u00bb required_mark=\u00bbon\u00bb fullwidth_field=\u00bboff\u00bb form_field_font_select=\u00bbdefault\u00bb form_field_font=\u00bb||||\u00bb use_border_color=\u00bboff\u00bb border_style=\u00bbsolid\u00bb] [\/et_pb_contact_field][et_pb_contact_field field_title=\u00bbDirecci\u00f3n de correo electr\u00f3nico\u00bb field_type=\u00bbemail\u00bb field_id=\u00bbEmail\u00bb required_mark=\u00bbon\u00bb fullwidth_field=\u00bbon\u00bb form_field_font_select=\u00bbdefault\u00bb form_field_font=\u00bb||||\u00bb use_border_color=\u00bboff\u00bb border_style=\u00bbsolid\u00bb] [\/et_pb_contact_field][et_pb_contact_field field_id=\u00bbcarrer\u00bb field_title=\u00bbCarrer, pla\u00e7a, edifici&#8230;:\u00bb field_type=\u00bbinput\u00bb required_mark=\u00bbon\u00bb fullwidth_field=\u00bbon\u00bb form_field_font_select=\u00bbdefault\u00bb form_field_font=\u00bb||||\u00bb use_border_color=\u00bboff\u00bb border_style=\u00bbsolid\u00bb \/][et_pb_contact_field field_title=\u00bbProposta o comentaris\u00bb field_type=\u00bbtext\u00bb field_id=\u00bbProposta\u00bb required_mark=\u00bbon\u00bb fullwidth_field=\u00bbon\u00bb form_field_font_select=\u00bbdefault\u00bb form_field_font=\u00bb||||\u00bb use_border_color=\u00bboff\u00bb border_style=\u00bbsolid\u00bb] [\/et_pb_contact_field] [\/et_pb_contact_form][\/et_pb_column][et_pb_column type=\u00bb1_3&#8243;][et_pb_text admin_label=\u00bbInfo\u00bb background_layout=\u00bblight\u00bb text_orientation=\u00bbleft\u00bb use_border_color=\u00bboff\u00bb border_color=\u00bb#ffffff\u00bb border_style=\u00bbsolid\u00bb]<\/p>\n<p>L\u2019<strong>Associaci\u00f3 de Ve\u00efns del Raval Nou i carrers adjacents<\/strong> anima els ve\u00efns del barri a sumar-se a la celebraci\u00f3 de les festes en honor a Sant Joan posant el barri ben engalanat, per donar color, vistossitat i alegria a la festa del nostre barri.<br \/>\nAmb aquest motiu, l\u2019Associaci\u00f3 convoca el V<strong>I\u00e9 Concurs d\u2019Engalanament de Carrers,<\/strong>.<\/p>\n<p><a href=\"http:\/\/raval.es\/elx\/2016\/05\/19\/bases\/\"><strong>Consulteu les BASES<\/strong> <\/a><\/p>\n<p><strong>Direcci\u00f3n:<\/strong> Boix y Rosario #2<br \/>\n03203 Elx (Alacant)<\/p>\n<p><strong>Tel\u00e9fono:<\/strong> 633 971 670<br \/>\n<strong>eMail:<\/strong> <a href=\"mailto:info@raval.es\">info@raval.es<\/a><br \/>\n<strong>Facebook:<\/strong> associaci\u00f3 de ve\u00efns del Raval Elx<\/p>\n<p><strong>Horario regular de reuniones:<\/strong> Dimecres alternos, de 19 a 21h.<\/p>\n<div style=\"position: absolute; display: none; z-index: 1000; border-left: solid 0.5px #266C6F; border-top: solid 1px #266C6F; border-right: solid 2.5px #266C6F; border-bottom: solid 2px #266C6F; background-color: #ece7c5; padding-left: 5px; padding: 1pt 3pt 1pt 3pt; font-size: 10pt; font-family: sans-serif; color: #010122;\"><\/div>\n<div style=\"position: absolute; display: none; z-index: 1000; border-left: solid 0.5px #266C6F; border-top: solid 1px #266C6F; border-right: solid 2.5px #266C6F; border-bottom: solid 2px #266C6F; background-color: #ece7c5; padding-left: 5px; padding: 1pt 3pt 1pt 3pt; font-size: 10pt; font-family: sans-serif; color: #010122;\"><\/div>\n<p>[\/et_pb_text][\/et_pb_column][\/et_pb_row][\/et_pb_section]<\/p>\n","protected":false},"excerpt":{"rendered":"<p>L\u2019Associaci\u00f3 de Ve\u00efns del Raval Nou i carrers adjacents anima els ve\u00efns del barri a sumar-se a la celebraci\u00f3 de les festes en honor a Sant Joan posant el barri ben engalanat, per donar color, vistossitat i alegria a la festa del nostre barri. Amb aquest motiu, l\u2019Associaci\u00f3 convoca el VI\u00e9 Concurs d\u2019Engalanament de Carrers,. [&hellip;]<\/p>\n","protected":false},"author":1,"featured_media":1394,"comment_status":"open","ping_status":"open","sticky":false,"template":"","format":"standard","meta":{"_et_pb_use_builder":"on","_et_pb_old_content":"","_et_gb_content_width":"","_joinchat":[],"footnotes":""},"categories":[1],"tags":[],"class_list":["post-946","post","type-post","status-publish","format-standard","has-post-thumbnail","hentry","category-uncategorized"],"_links":{"self":[{"href":"https:\/\/raval.es\/elx\/wp-json\/wp\/v2\/posts\/946","targetHints":{"allow":["GET"]}}],"collection":[{"href":"https:\/\/raval.es\/elx\/wp-json\/wp\/v2\/posts"}],"about":[{"href":"https:\/\/raval.es\/elx\/wp-json\/wp\/v2\/types\/post"}],"author":[{"embeddable":true,"href":"https:\/\/raval.es\/elx\/wp-json\/wp\/v2\/users\/1"}],"replies":[{"embeddable":true,"href":"https:\/\/raval.es\/elx\/wp-json\/wp\/v2\/comments?post=946"}],"version-history":[{"count":7,"href":"https:\/\/raval.es\/elx\/wp-json\/wp\/v2\/posts\/946\/revisions"}],"predecessor-version":[{"id":1502,"href":"https:\/\/raval.es\/elx\/wp-json\/wp\/v2\/posts\/946\/revisions\/1502"}],"wp:featuredmedia":[{"embeddable":true,"href":"https:\/\/raval.es\/elx\/wp-json\/wp\/v2\/media\/1394"}],"wp:attachment":[{"href":"https:\/\/raval.es\/elx\/wp-json\/wp\/v2\/media?parent=946"}],"wp:term":[{"taxonomy":"category","embeddable":true,"href":"https:\/\/raval.es\/elx\/wp-json\/wp\/v2\/categories?post=946"},{"taxonomy":"post_tag","embeddable":true,"href":"https:\/\/raval.es\/elx\/wp-json\/wp\/v2\/tags?post=946"}],"curies":[{"name":"wp","href":"https:\/\/api.w.org\/{rel}","templated":true}]}}