{"id":950,"date":"2017-05-15T22:30:50","date_gmt":"2017-05-15T22:30:50","guid":{"rendered":"http:\/\/raval.es\/elx\/?p=950"},"modified":"2017-05-16T21:02:25","modified_gmt":"2017-05-16T21:02:25","slug":"bases","status":"publish","type":"post","link":"https:\/\/raval.es\/elx\/bases\/","title":{"rendered":"Concurs Engalanament de Carrers"},"content":{"rendered":"<div id=\"fb-root\"><\/div>\n<p>[et_pb_section admin_label=\u00bbsection\u00bb][et_pb_row admin_label=\u00bbrow\u00bb][et_pb_column type=\u00bb1_3&#8243;][et_pb_image admin_label=\u00bbImagen\u00bb src=\u00bbhttp:\/\/raval.es\/elx\/wp-content\/uploads\/2016\/05\/carrer1.jpg\u00bb show_in_lightbox=\u00bboff\u00bb url_new_window=\u00bboff\u00bb use_overlay=\u00bboff\u00bb animation=\u00bbleft\u00bb sticky=\u00bboff\u00bb align=\u00bbleft\u00bb force_fullwidth=\u00bboff\u00bb always_center_on_mobile=\u00bbon\u00bb use_border_color=\u00bboff\u00bb border_color=\u00bb#ffffff\u00bb border_style=\u00bbsolid\u00bb] [\/et_pb_image][\/et_pb_column][et_pb_column type=\u00bb1_3&#8243;][et_pb_text admin_label=\u00bbTexto\u00bb background_layout=\u00bblight\u00bb text_orientation=\u00bbleft\u00bb use_border_color=\u00bboff\u00bb border_color=\u00bb#ffffff\u00bb border_style=\u00bbsolid\u00bb]<\/p>\n<p>L\u2019<strong>Associaci\u00f3 de Ve\u00efns del Raval Nou i carrers adjacents<\/strong> anima els ve\u00efns del barri a sumar-se a la celebraci\u00f3 de les festes en honor a Sant Joan posant el barri ben engalanat, per donar color, vistossitat i alegria a la festa del nostre barri.<br \/>\nAmb aquest motiu, l\u2019Associaci\u00f3 convoca el <strong>VI\u00e9 Concurs d\u2019Engalanament de Carrers<\/strong>, amb les seg\u00fcents.<\/p>\n<p style=\"text-align: center;\"><div class='et-box et-shadow'>\n\t\t\t\t\t<div class='et-box-content'><strong>BASES<\/strong><\/div><\/div><br \/>\n1.- Podran participar en el concurs tot el ve\u00efnat del barri.<br \/>\n2.- L\u2019engalanament podr\u00e0 ser de tot un carrer, pla\u00e7a o nom\u00e9s un tram d\u2019aquests.<br \/>\n3.- El tema de decoraci\u00f3 \u00e9s lliure i la inscripci\u00f3, gratu\u00efta.<br \/>\n4.- La inscripci\u00f3 podr\u00e0 realitzar-se:<br \/>\n&#8211; emplenant la fitxa en l\u00ednia:<br \/>\nhttp:\/\/raval.es\/carrers2017<br \/>\n&#8211; mitjan\u00e7ant l\u2019impr\u00e9s que es podr\u00e0 trobar en diversos establiments del barri<br \/>\n&#8211; o descarregant el formulari:<br \/>\nhttp:\/\/raval.es\/carrers2017.pdf<br \/>\nEls formularis impresos caldr\u00e0 deixar-los a la b\u00fastia de l\u2019Associaci\u00f3 en el Centre Social o enviar-los per email a info@raval.es fins al 16 de juny<br \/>\n5.- La decoraci\u00f3 no podr\u00e0 ser molesta per a la resta de ve\u00efns. En aquest sentit els elements no podran suposar un obstacle per la circulaci\u00f3 de cotxes i vianants i els que pengen entre els carrers on hi haja circulaci\u00f3 de vehicles no podran estar a una dist\u00e0ncia menor de 4,5 metres de terra.<br \/>\n6.- Els ve\u00efns poden usar qualsevol material per a la decoraci\u00f3, com m\u00e9s original millor!.<br \/>\n7.- Entre els criteris a valorar es tindr\u00e0 en compte:<br \/>\n&#8211; l\u2019originalitat,<br \/>\n&#8211; la qualitat art\u00edstica,<br \/>\n&#8211; el disseny i<br \/>\n&#8211; la utilitzaci\u00f3 de material reciclat.<br \/>\n8.- La decoraci\u00f3 haur\u00e0 d\u2019estar visible, almenys, entre el dissabte 17 i el dissabte 24 de juny, ambd\u00f3s inclosos.<br \/>\n9.- Els muntatges que necessiten talls de tr\u00e0nsit hauran de comunicar-se pr\u00e8viament a l\u2019Ajuntament, a trav\u00e9s de l\u2019OMAC o de l\u2019Associaci\u00f3 de Ve\u00efns, per a acordar l\u2019horari menys problem\u00e0tic per a fer-ho.<br \/>\n10.- El Jurat visitar\u00e0 els carrers el dissabte 17<br \/>\n11.- Les deliberacions del jurat seran secretes i inapel\u00b7lables.<br \/>\n12.- El veredicte del jurat i\u00a0 el lliurament de premis es realitzaran el dissabte 17 de juny a la pla\u00e7a Major del Raval<br \/>\n13.- Es premiaran les tres millors decoracions segons el parer del Jurat<\/p>\n<p>[\/et_pb_text][\/et_pb_column][et_pb_column type=\u00bb1_3&#8243;][et_pb_text admin_label=\u00bbTexto\u00bb background_layout=\u00bblight\u00bb text_orientation=\u00bbleft\u00bb use_border_color=\u00bboff\u00bb border_color=\u00bb#ffffff\u00bb border_style=\u00bbsolid\u00bb]<\/p>\n<p><strong>La Asociaci\u00f3n de Vecinos del Raval Nou y calles adyacentes<\/strong> anima a los vecinos del barrio a sumarse a\u00a0 la celebraci\u00f3n de las fiestas en honor a San Juan adornando calles, plazas, casa y balcones, aprovechando la ocasi\u00f3n para estrechar los v\u00ednculos entre vecinos y vecinas y fomentar la alegr\u00eda de esta fiesta tan se\u00f1alada.<br \/>\nCon tal motivo convoca el <strong>VI\u00ba Concurso de decoraci\u00f3n y engalanado de calles<\/strong>, para premiar el esfuerzo, la creatividad de los vecinos en dar color, vistosidad y alegr\u00eda a nuestras calles<\/p>\n<p style=\"text-align: center;\"><div class='et-box et-shadow'>\n\t\t\t\t\t<div class='et-box-content'><strong>BASES<\/strong><\/div><\/div><br \/>\n1.- Podr\u00e1n tomar parte en el concurso todos los vecinos del barrio.<br \/>\n2.- El engalanamiento podr\u00e1 ser de toda la calle o un tramo de \u00e9sta.<br \/>\n3.- El tema de decoraci\u00f3n es libre y la inscripci\u00f3n gratuita.<br \/>\n4.- La inscripci\u00f3n podr\u00e1 realizarse:<br \/>\n&#8211; rellenando la ficha online <a href=\"http:\/\/raval.es\/carrers2016\" target=\"_blank\" rel=\"noopener noreferrer\">http:\/\/raval.es\/carrers2016<\/a><br \/>\n&#8211; mediante el impreso que se podr\u00e1 encontrar en diversos establecimientos del barrio<br \/>\n&#8211; o descargando el fomulario <a href=\"http:\/\/raval.es\/carrers2016.pdf\" target=\"_blank\" rel=\"noopener noreferrer\">http:\/\/raval.es\/carrers2016.pdf<\/a><br \/>\nLos formularios impresos deber\u00e1n dejarse en el Centro Social o enviarse por email a info@raval.es hasta el 16 de junio<br \/>\n5.- La decoraci\u00f3n no podr\u00e1 ser molesta para el resto de vecinos\/as. En este sentido, por ejemplo, los motivos colgantes que atraviesen las calles donde haya circulaci\u00f3n de veh\u00edculos no podr\u00e1n tener una distancia menor de 4,5 metros del suelo.<br \/>\n6.- Los vecinos pueden usar cualquier material para la decoraci\u00f3n aunque se valorar\u00e1 el uso de material reciclado.<br \/>\n7.- Entre los criterios a valorar se tendr\u00e1 en cuenta la vistosidad, originalidad y esfuerzo en su realizaci\u00f3n.<br \/>\n8.- La decoraci\u00f3n deber\u00e1 permanecer visible, al menos, entre el s\u00e1bado18 y el 26 de junio, ambos inclusive.<br \/>\n9.- Los montajes que precisen algun corte de tr\u00e1fico deber\u00e1n comunicarse previamente al Ayuntamiento, a trav\u00e9s de la OMAC o de la Asociaci\u00f3n de Vecinos, para acordar el horario menos problem\u00e1tico.<br \/>\n10.- El Jurado visitar\u00e1 las calles el s\u00e1bado 18.<br \/>\n11.- La entrega de premios se realizar\u00e1 el mismo d\u00eda 18, a las 21:00h. en la Plaza del Raval<br \/>\n12.- Se premiar\u00e1 las tres mejores decoraciones a juicio del jurado con obsequios gentileza de los patrocinadores: \u201cCarnicer\u00eda Charcuter\u00eda <strong>La Bona Carn<\/strong>\u201d y \u201cSuministros de Oficina <strong>Amor\u00f3s, S.L.<\/strong>\u201d<\/p>\n<p>[\/et_pb_text][\/et_pb_column][\/et_pb_row][et_pb_row admin_label=\u00bbFila\u00bb][et_pb_column type=\u00bb1_4&#8243;][et_pb_blurb admin_label=\u00bbAnuncio\u00bb url=\u00bbhttps:\/\/www.facebook.com\/Carnicer%C3%ADas-La-Bona-Carn-854432384642771\/\u00bb url_new_window=\u00bbon\u00bb use_icon=\u00bboff\u00bb icon_color=\u00bb#7EBEC5&#8243; use_circle=\u00bboff\u00bb circle_color=\u00bb#7EBEC5&#8243; use_circle_border=\u00bboff\u00bb circle_border_color=\u00bb#7EBEC5&#8243; icon_placement=\u00bbtop\u00bb animation=\u00bbtop\u00bb background_layout=\u00bblight\u00bb text_orientation=\u00bbcenter\u00bb use_icon_font_size=\u00bboff\u00bb use_border_color=\u00bboff\u00bb border_color=\u00bb#ffffff\u00bb border_style=\u00bbsolid\u00bb]<\/p>\n<p>ORGANITZA<\/p>\n<p>Associaci\u00f3 de Ve\u00efns i Ve\u00efnes<\/p>\n<p><img loading=\"lazy\" decoding=\"async\" class=\"alignnone size-medium wp-image-959\" src=\"http:\/\/raval.es\/elx\/wp-content\/uploads\/2016\/05\/ravalnou-300x237.jpg\" alt=\"ravalnou\" width=\"300\" height=\"237\" srcset=\"https:\/\/raval.es\/elx\/wp-content\/uploads\/2016\/05\/ravalnou-300x237.jpg 300w, https:\/\/raval.es\/elx\/wp-content\/uploads\/2016\/05\/ravalnou.jpg 450w\" sizes=\"auto, (max-width: 300px) 100vw, 300px\" \/><\/p>\n<p>&nbsp;<\/p>\n<p>&nbsp;<\/p>\n<p>&nbsp;<\/p>\n<p>&nbsp;<\/p>\n<p>[\/et_pb_blurb][\/et_pb_column][et_pb_column type=\u00bb1_4&#8243;][et_pb_blurb admin_label=\u00bbAnuncio\u00bb url_new_window=\u00bboff\u00bb use_icon=\u00bboff\u00bb icon_color=\u00bb#7EBEC5&#8243; use_circle=\u00bboff\u00bb circle_color=\u00bb#7EBEC5&#8243; use_circle_border=\u00bboff\u00bb circle_border_color=\u00bb#7EBEC5&#8243; icon_placement=\u00bbtop\u00bb animation=\u00bbtop\u00bb background_layout=\u00bblight\u00bb text_orientation=\u00bbleft\u00bb use_icon_font_size=\u00bboff\u00bb use_border_color=\u00bboff\u00bb border_color=\u00bb#ffffff\u00bb border_style=\u00bbsolid\u00bb]<\/p>\n<p>PATROCINEN<\/p>\n<p><a href=\"https:\/\/www.facebook.com\/Carnicer%C3%ADas-La-Bona-Carn-854432384642771\/\" target=\"_blank\" rel=\"noopener noreferrer\"><img loading=\"lazy\" decoding=\"async\" class=\"alignnone size-medium wp-image-957\" src=\"http:\/\/raval.es\/elx\/wp-content\/uploads\/2016\/05\/bonacarn-300x211.jpg\" alt=\"bonacarn\" width=\"300\" height=\"211\" srcset=\"https:\/\/raval.es\/elx\/wp-content\/uploads\/2016\/05\/bonacarn-300x211.jpg 300w, https:\/\/raval.es\/elx\/wp-content\/uploads\/2016\/05\/bonacarn.jpg 600w\" sizes=\"auto, (max-width: 300px) 100vw, 300px\" \/>\u00a0\u00a0 <\/a><\/p>\n<p>[\/et_pb_blurb][et_pb_blurb admin_label=\u00bbAnuncio\u00bb url_new_window=\u00bboff\u00bb use_icon=\u00bboff\u00bb icon_color=\u00bb#7EBEC5&#8243; use_circle=\u00bboff\u00bb circle_color=\u00bb#7EBEC5&#8243; use_circle_border=\u00bboff\u00bb circle_border_color=\u00bb#7EBEC5&#8243; icon_placement=\u00bbtop\u00bb animation=\u00bbtop\u00bb background_layout=\u00bblight\u00bb text_orientation=\u00bbleft\u00bb use_icon_font_size=\u00bboff\u00bb use_border_color=\u00bboff\u00bb border_color=\u00bb#ffffff\u00bb border_style=\u00bbsolid\u00bb]<\/p>\n<p><a href=\"https:\/\/www.facebook.com\/Carnicer%C3%ADas-La-Bona-Carn-854432384642771\/\" target=\"_blank\" rel=\"noopener noreferrer\"><img loading=\"lazy\" decoding=\"async\" class=\"size-medium wp-image-1387 alignleft\" src=\"http:\/\/raval.es\/elx\/wp-content\/uploads\/2017\/05\/martino-300x211.jpg\" alt=\"\" width=\"300\" height=\"211\" srcset=\"https:\/\/raval.es\/elx\/wp-content\/uploads\/2017\/05\/martino-300x211.jpg 300w, https:\/\/raval.es\/elx\/wp-content\/uploads\/2017\/05\/martino.jpg 354w\" sizes=\"auto, (max-width: 300px) 100vw, 300px\" \/><\/a><\/p>\n<p>[\/et_pb_blurb][\/et_pb_column][et_pb_column type=\u00bb1_4&#8243;][et_pb_blurb admin_label=\u00bbAnuncio\u00bb url_new_window=\u00bboff\u00bb use_icon=\u00bboff\u00bb icon_color=\u00bb#7EBEC5&#8243; use_circle=\u00bboff\u00bb circle_color=\u00bb#7EBEC5&#8243; use_circle_border=\u00bboff\u00bb circle_border_color=\u00bb#7EBEC5&#8243; icon_placement=\u00bbtop\u00bb animation=\u00bbtop\u00bb background_layout=\u00bblight\u00bb text_orientation=\u00bbleft\u00bb use_icon_font_size=\u00bboff\u00bb use_border_color=\u00bboff\u00bb border_color=\u00bb#ffffff\u00bb border_style=\u00bbsolid\u00bb]<\/p>\n<p><a href=\"https:\/\/www.facebook.com\/Carnicer%C3%ADas-La-Bona-Carn-854432384642771\/\" target=\"_blank\" rel=\"noopener noreferrer\"><img loading=\"lazy\" decoding=\"async\" class=\"alignnone size-medium wp-image-1384\" src=\"http:\/\/raval.es\/elx\/wp-content\/uploads\/2017\/05\/ADR-300x211.jpg\" alt=\"\" width=\"300\" height=\"211\" srcset=\"https:\/\/raval.es\/elx\/wp-content\/uploads\/2017\/05\/ADR-300x211.jpg 300w, https:\/\/raval.es\/elx\/wp-content\/uploads\/2017\/05\/ADR.jpg 354w\" sizes=\"auto, (max-width: 300px) 100vw, 300px\" \/>\u00a0\u00a0 <\/a><\/p>\n<p>[\/et_pb_blurb][et_pb_blurb admin_label=\u00bbAnuncio\u00bb url_new_window=\u00bboff\u00bb use_icon=\u00bboff\u00bb icon_color=\u00bb#7EBEC5&#8243; use_circle=\u00bboff\u00bb circle_color=\u00bb#7EBEC5&#8243; use_circle_border=\u00bboff\u00bb circle_border_color=\u00bb#7EBEC5&#8243; icon_placement=\u00bbtop\u00bb animation=\u00bbtop\u00bb background_layout=\u00bblight\u00bb text_orientation=\u00bbleft\u00bb use_icon_font_size=\u00bboff\u00bb use_border_color=\u00bboff\u00bb border_color=\u00bb#ffffff\u00bb border_style=\u00bbsolid\u00bb]<\/p>\n<p><img loading=\"lazy\" decoding=\"async\" class=\"alignnone size-medium wp-image-1385\" src=\"http:\/\/raval.es\/elx\/wp-content\/uploads\/2017\/05\/paca-300x211.jpg\" alt=\"\" width=\"300\" height=\"211\" srcset=\"https:\/\/raval.es\/elx\/wp-content\/uploads\/2017\/05\/paca-300x211.jpg 300w, https:\/\/raval.es\/elx\/wp-content\/uploads\/2017\/05\/paca.jpg 354w\" sizes=\"auto, (max-width: 300px) 100vw, 300px\" \/><\/p>\n<p>[\/et_pb_blurb][\/et_pb_column][et_pb_column type=\u00bb1_4&#8243;][et_pb_blurb admin_label=\u00bbAnuncio\u00bb url_new_window=\u00bboff\u00bb use_icon=\u00bboff\u00bb icon_color=\u00bb#7EBEC5&#8243; use_circle=\u00bboff\u00bb circle_color=\u00bb#7EBEC5&#8243; use_circle_border=\u00bboff\u00bb circle_border_color=\u00bb#7EBEC5&#8243; icon_placement=\u00bbtop\u00bb animation=\u00bbtop\u00bb background_layout=\u00bblight\u00bb text_orientation=\u00bbleft\u00bb use_icon_font_size=\u00bboff\u00bb use_border_color=\u00bboff\u00bb border_color=\u00bb#ffffff\u00bb border_style=\u00bbsolid\u00bb]<\/p>\n<p><a href=\"https:\/\/www.facebook.com\/Carnicer%C3%ADas-La-Bona-Carn-854432384642771\/\" target=\"_blank\" rel=\"noopener noreferrer\">\u00a0 <img loading=\"lazy\" decoding=\"async\" class=\"alignnone size-medium wp-image-1386\" src=\"http:\/\/raval.es\/elx\/wp-content\/uploads\/2017\/05\/tendre-300x211.jpg\" alt=\"\" width=\"300\" height=\"211\" srcset=\"https:\/\/raval.es\/elx\/wp-content\/uploads\/2017\/05\/tendre-300x211.jpg 300w, https:\/\/raval.es\/elx\/wp-content\/uploads\/2017\/05\/tendre.jpg 354w\" sizes=\"auto, (max-width: 300px) 100vw, 300px\" \/> <\/a><\/p>\n<p>[\/et_pb_blurb][\/et_pb_column][\/et_pb_row][\/et_pb_section]<\/p>\n","protected":false},"excerpt":{"rendered":"<p>L\u2019Associaci\u00f3 de Ve\u00efns del Raval Nou i carrers adjacents anima els ve\u00efns del barri a sumar-se a la celebraci\u00f3 de les festes en honor a Sant Joan posant el barri ben engalanat, per donar color, vistossitat i alegria a la festa del nostre barri. Amb aquest motiu, l\u2019Associaci\u00f3 convoca el VI\u00e9 Concurs d\u2019Engalanament de Carrers, [&hellip;]<\/p>\n","protected":false},"author":1,"featured_media":1378,"comment_status":"open","ping_status":"open","sticky":false,"template":"","format":"standard","meta":{"_et_pb_use_builder":"on","_et_pb_old_content":"","_et_gb_content_width":"","_joinchat":[],"footnotes":""},"categories":[75,64,59],"tags":[],"class_list":["post-950","post","type-post","status-publish","format-standard","has-post-thumbnail","hentry","category-75","category-actividades","category-sant-joan"],"_links":{"self":[{"href":"https:\/\/raval.es\/elx\/wp-json\/wp\/v2\/posts\/950","targetHints":{"allow":["GET"]}}],"collection":[{"href":"https:\/\/raval.es\/elx\/wp-json\/wp\/v2\/posts"}],"about":[{"href":"https:\/\/raval.es\/elx\/wp-json\/wp\/v2\/types\/post"}],"author":[{"embeddable":true,"href":"https:\/\/raval.es\/elx\/wp-json\/wp\/v2\/users\/1"}],"replies":[{"embeddable":true,"href":"https:\/\/raval.es\/elx\/wp-json\/wp\/v2\/comments?post=950"}],"version-history":[{"count":17,"href":"https:\/\/raval.es\/elx\/wp-json\/wp\/v2\/posts\/950\/revisions"}],"predecessor-version":[{"id":1392,"href":"https:\/\/raval.es\/elx\/wp-json\/wp\/v2\/posts\/950\/revisions\/1392"}],"wp:featuredmedia":[{"embeddable":true,"href":"https:\/\/raval.es\/elx\/wp-json\/wp\/v2\/media\/1378"}],"wp:attachment":[{"href":"https:\/\/raval.es\/elx\/wp-json\/wp\/v2\/media?parent=950"}],"wp:term":[{"taxonomy":"category","embeddable":true,"href":"https:\/\/raval.es\/elx\/wp-json\/wp\/v2\/categories?post=950"},{"taxonomy":"post_tag","embeddable":true,"href":"https:\/\/raval.es\/elx\/wp-json\/wp\/v2\/tags?post=950"}],"curies":[{"name":"wp","href":"https:\/\/api.w.org\/{rel}","templated":true}]}}