{"id":990,"date":"2016-12-18T18:35:35","date_gmt":"2016-12-18T18:35:35","guid":{"rendered":"http:\/\/raval.es\/elx\/?page_id=990"},"modified":"2021-09-19T13:31:36","modified_gmt":"2021-09-19T13:31:36","slug":"certamen-literari","status":"publish","type":"post","link":"https:\/\/raval.es\/elx\/certamen-literari\/","title":{"rendered":"Certamen Literari"},"content":{"rendered":"<div id=\"fb-root\"><\/div>\n<p>[et_pb_section admin_label=\u00bbSecci\u00f3n\u00bb fullwidth=\u00bboff\u00bb specialty=\u00bboff\u00bb][et_pb_row admin_label=\u00bbFila\u00bb][et_pb_column type=\u00bb4_4&#8243;][et_pb_text admin_label=\u00bbTexto\u00bb background_layout=\u00bblight\u00bb text_orientation=\u00bbleft\u00bb use_border_color=\u00bboff\u00bb border_color=\u00bb#ffffff\u00bb border_style=\u00bbsolid\u00bb]<\/p>\n<h5 class=\"entry-title\" style=\"text-align: center;\"><span style=\"color: #0000ff;\"><strong><a style=\"color: #0000ff;\" href=\"http:\/\/raval.es\/elx\/ganadorescertamenliterario\/\">Jos\u00e9 Adsuar y Elena Mart\u00ednez ganadores del I Certamen literario \u201cRaval d\u2019Elx\u201d<\/a><\/strong><\/span><\/h5>\n<p>[\/et_pb_text][\/et_pb_column][\/et_pb_row][\/et_pb_section][et_pb_section admin_label=\u00bbsection\u00bb][et_pb_row admin_label=\u00bbrow\u00bb][et_pb_column type=\u00bb1_2&#8243;][et_pb_text admin_label=\u00bbTexto\u00bb background_layout=\u00bblight\u00bb text_orientation=\u00bbleft\u00bb use_border_color=\u00bboff\u00bb border_color=\u00bb#ffffff\u00bb border_style=\u00bbsolid\u00bb]<\/p>\n<p>L\u2019Associaci\u00f3 de ve\u00efns Raval Nou d\u2019Elx convoca un concurs de relat curt amb l\u2019objectiu de promoure les activitats culturals en la nostra ciutat, concretament les activitats liter\u00e0ries entre xiquets i adults, que es regiran per les seguents<br \/>\nBASES:<br \/>\nI.\u00a0 Podran participar en el \u201cI Certamen Literari de Relat Curt \u201cRaval d\u2019Elx\u201d totes les persones que ho desitgen, sempre que siguen residents en la prov\u00edncia d\u2019Alacant, i dins de les modalitats seg\u00fcents:<br \/>\nInfantil\/juvenil: de 10 a 16 anys \/ Adults: a partir de 17 anys<br \/>\nII. Els relats seran de tema lliure, per\u00f2 hauran de contenir obligat\u00f2riament alguna refer\u00e8ncia al barri del Raval d\u2019Elx, b\u00e9 perqu\u00e8 es basen en personatges reals o ficticis d\u2019aquest emblem\u00e0tic barri, en fets hist\u00f2rics que esdevingueren en el mateix, o b\u00e9 perqu\u00e8 s\u2019hi esmenten llocs, carrers o places caracter\u00edstics del Raval.<br \/>\nIII. Els relats, que hauran de ser originals i in\u00e8dits i no premiats en anteriors concursos, podran estar escrits en castell\u00e0 o valenci\u00e0, tindran una extensi\u00f3 m\u00e0xima de dos folis per a la modalitat \u201cInfantil\/Juvenil\u201d; i un m\u00e0xim de quatre folis per a la modalitat \u201cAdults\u201d. El format en qu\u00e8 s\u2019han de presentar els escrits \u00e9s amb processador de textos per una sola cara, a doble espai, amb lletra Arial, grand\u00e0ria 12. Cada participant podr\u00e0 presentar un m\u00e0xim de dos relats.<br \/>\nIV. La recepci\u00f3 de treballs comen\u00e7a el 2 de gener de 2017 i finalitza el 15 de mar\u00e7 de 2017. Els textos s\u2019enviaran per correu electr\u00f2nic a l\u2019adre\u00e7a certamenliterari@raval.es en l\u2019assumpte es far\u00e0 constar el t\u00edtol del relat i la modalitat en la qual es participa. S\u2019hi adjuntaran dos arxius en texte simple (word o similar): el primer, amb el relat participant signat amb pseud\u00f2nim; en el segon s\u2019inclouran les dades personals de l\u2019autor o autora (nom complet, adre\u00e7a, edat, tel\u00e8fon i e-mail).<br \/>\nLes obres tamb\u00e9 podran presentar-se en la seu de l\u2019Associaci\u00f3 de ve\u00efns del Raval, situada en Centre Social del Raval, carrer Boix i Rosario n\u00fam. 2 baix, 03202 Elx (Alacant). En aquest cas, juntament amb l\u2019obra signada amb pseud\u00f2nim, s\u2019acompanyar\u00e0 un sobre tancat amb les dades de l\u2019autor o l\u2019autora abans esmentats.<br \/>\nV. La decisi\u00f3 del jurat del concurs ser\u00e0 inapel\u00b7lable i es realitar\u00e0 el mes d\u2019abril de 2017. El lliurament de premis tindr\u00e0 lloc el dia 23 d\u2019abril de 2017, en un acte p\u00fablic en la pla\u00e7a Major del Raval, amb la lectura dels relats premiats. Per a cada modalitat es triar\u00e0 un \u00fanic guanyador i els premis consistiran en lots de llibres cedits per la Llibreria Ali i Truc d\u2019Elx i un sopar per a dos en la Taperia Raval per a la modalitat d\u2019adults. L\u2019associaci\u00f3 es reserva el dret de publicar un llibre amb una selecci\u00f3 dels millors relats presentats.<br \/>\nVI. El jurat estar\u00e0 compost per escriptors, professors i membres de l\u2019Associaci\u00f3, i es donar\u00e0 a con\u00e8ixer quan es fa\u00e7a p\u00fablic la fallada del concurs.<br \/>\nLa participaci\u00f3 en aquest certamen implica l\u2019acceptaci\u00f3 \u00edntegra d\u2019aquestes bases i dels drets i les obligacions que se\u2019n deriven.<br \/>\nElx, 12 de desembre de 2016<\/p>\n<p>[\/et_pb_text][\/et_pb_column][et_pb_column type=\u00bb1_2&#8243;][et_pb_text admin_label=\u00bbTexto\u00bb background_layout=\u00bblight\u00bb text_orientation=\u00bbleft\u00bb use_border_color=\u00bboff\u00bb border_color=\u00bb#ffffff\u00bb border_style=\u00bbsolid\u00bb]<\/p>\n<p>Con el fin de promover las actividades culturales en nuestra ciudad, y concretamente las actividades literarias entre ni\u00f1os y adultos, la \u201cAsociaci\u00f3n de vecinos Raval Nou de Elche\u201d convoca un concurso de relato corto que se regir\u00e1 por las siguientes:<br \/>\nBASES:<br \/>\nI.- Podr\u00e1n participar en el \u201cI Certamen Literario de Relato Corto \u201cRaval d\u2019Elx\u201d todas las personas que lo deseen, siempre que sean residentes en la provincia de Alicante, y dentro de las siguientes modalidades:<br \/>\nInfantil\/juvenil: De 10 a 16 a\u00f1os. &#8211; Adultos: A partir de 17 a\u00f1os.<br \/>\nII.- Los relatos ser\u00e1n de tema libre, pero deber\u00e1n contener obligatoriamente alguna referencia al barrio del Raval de Elche, bien porque se basen en personajes reales o ficticios de este emblem\u00e1tico barrio, en hechos hist\u00f3ricos que acontecieran en el mismo, o porque se mencionen lugares, calles o plazas caracter\u00edsticos del Raval.<br \/>\nIII.- Los relatos, que deber\u00e1n ser originales e in\u00e9ditos y no premiados en anteriores concursos, podr\u00e1n estar escritos en castellano o valenciano, tendr\u00e1n una extensi\u00f3n m\u00e1xima de dos folios para la modalidad Infantil\/Juvenil; y un m\u00e1ximo de cuatro folios para la modalidad Adultos. En todo caso se presentar\u00e1n escritos con procesador de textos por una sola cara, a doble espacio, con letra Arial, tama\u00f1o 12. Cada participante podr\u00e1 presentar un m\u00e1ximo de dos relatos.<br \/>\nIV.- La recepci\u00f3n de trabajos comienza el 2 de enero de 2017 y finaliza el 15 de marzo de 2017. Los textos se enviar\u00e1n por correo electr\u00f3nico a la direcci\u00f3n certamenliterari@raval.es en el asunto se har\u00e1 constar el t\u00edtulo del relato y la modalidad en la que se participa.<br \/>\nSe acompa\u00f1ar\u00e1n dos archivos en texto simple (word o similar), uno de ellos con el relato participante firmado con seud\u00f3nimo; en el otro se incluir\u00e1n los datos personales del autor o autora: nombre completo, direcci\u00f3n, edad, tel\u00e9fono y e-mail.<br \/>\nLas obras tambi\u00e9n podr\u00e1n presentarse en la sede de la Asociaci\u00f3n de vecinos del Raval, sita en Centro Social del Raval, calle Boix i Rosario n\u00ba 2, bajo, C.P. 03202, Elche (Alicante). En este caso, junto con la obra firmada con seud\u00f3nimo, se acompa\u00f1ar\u00e1 un sobre cerrado con los datos del autor o autora antes mencionados.<br \/>\nV.- El fallo del concurso ser\u00e1 inapelable y se realizar\u00e1 en el mes de abril de 2017. La entrega de premios tendr\u00e1 lugar el d\u00eda 23 de abril de 2017, en un acto p\u00fablico en la plaza Mayor del Raval, con la lectura de los relatos premiados. Para cada modalidad se elegir\u00e1 un \u00fanico ganador y los premios consistir\u00e1n en lotes de libros cedidos por Llibrer\u00eda Ali i Truc y una cena para dos en la Taper\u00eda Raval para la modalidad de adultos.<br \/>\nLa asociaci\u00f3n se reserva el derecho de publicar un libro con una selecci\u00f3n de los mejores relatos presentados.<br \/>\nVI.- El jurado estar\u00e1 compuesto por escritores, profesores y miembros de la Asociaci\u00f3n, y se dar\u00e1 a conocer cuando se haga p\u00fablico el fallo del concurso.<br \/>\nLa participaci\u00f3n en este certamen implica la aceptaci\u00f3n de las presentes bases y de los derechos y las obligaciones que de ellas se derivan.<br \/>\nEn Elx, a 12 de diciembre de 2016<\/p>\n<p>[\/et_pb_text][\/et_pb_column][\/et_pb_row][\/et_pb_section][et_pb_section admin_label=\u00bbSecci\u00f3n\u00bb fullwidth=\u00bboff\u00bb specialty=\u00bboff\u00bb][et_pb_row admin_label=\u00bbFila\u00bb][et_pb_column type=\u00bb4_4&#8243;][et_pb_image admin_label=\u00bbImagen\u00bb src=\u00bbhttp:\/\/raval.es\/elx\/wp-content\/uploads\/2016\/12\/peu.jpg\u00bb show_in_lightbox=\u00bboff\u00bb url_new_window=\u00bboff\u00bb use_overlay=\u00bboff\u00bb animation=\u00bbleft\u00bb sticky=\u00bboff\u00bb align=\u00bbleft\u00bb force_fullwidth=\u00bboff\u00bb always_center_on_mobile=\u00bbon\u00bb use_border_color=\u00bboff\u00bb border_color=\u00bb#ffffff\u00bb border_style=\u00bbsolid\u00bb] [\/et_pb_image][\/et_pb_column][et_pb_column type=\u00bb4_4&#8243;][\/et_pb_column][et_pb_column type=\u00bb4_4&#8243;][\/et_pb_column][et_pb_column type=\u00bb4_4&#8243;][\/et_pb_column][\/et_pb_row][\/et_pb_section]<\/p>\n","protected":false},"excerpt":{"rendered":"<p>Jos\u00e9 Adsuar y Elena Mart\u00ednez ganadores del I Certamen literario \u201cRaval d\u2019Elx\u201d L\u2019Associaci\u00f3 de ve\u00efns Raval Nou d\u2019Elx convoca un concurs de relat curt amb l\u2019objectiu de promoure les activitats culturals en la nostra ciutat, concretament les activitats liter\u00e0ries entre xiquets i adults, que es regiran per les seguents BASES: I.\u00a0 Podran participar en el [&hellip;]<\/p>\n","protected":false},"author":1,"featured_media":991,"comment_status":"closed","ping_status":"closed","sticky":false,"template":"","format":"standard","meta":{"_et_pb_use_builder":"on","_et_pb_old_content":"","_et_gb_content_width":"","_joinchat":[],"footnotes":""},"categories":[75,64,133],"tags":[],"class_list":["post-990","post","type-post","status-publish","format-standard","has-post-thumbnail","hentry","category-75","category-actividades","category-certamen-relats"],"_links":{"self":[{"href":"https:\/\/raval.es\/elx\/wp-json\/wp\/v2\/posts\/990","targetHints":{"allow":["GET"]}}],"collection":[{"href":"https:\/\/raval.es\/elx\/wp-json\/wp\/v2\/posts"}],"about":[{"href":"https:\/\/raval.es\/elx\/wp-json\/wp\/v2\/types\/post"}],"author":[{"embeddable":true,"href":"https:\/\/raval.es\/elx\/wp-json\/wp\/v2\/users\/1"}],"replies":[{"embeddable":true,"href":"https:\/\/raval.es\/elx\/wp-json\/wp\/v2\/comments?post=990"}],"version-history":[{"count":5,"href":"https:\/\/raval.es\/elx\/wp-json\/wp\/v2\/posts\/990\/revisions"}],"predecessor-version":[{"id":1375,"href":"https:\/\/raval.es\/elx\/wp-json\/wp\/v2\/posts\/990\/revisions\/1375"}],"wp:featuredmedia":[{"embeddable":true,"href":"https:\/\/raval.es\/elx\/wp-json\/wp\/v2\/media\/991"}],"wp:attachment":[{"href":"https:\/\/raval.es\/elx\/wp-json\/wp\/v2\/media?parent=990"}],"wp:term":[{"taxonomy":"category","embeddable":true,"href":"https:\/\/raval.es\/elx\/wp-json\/wp\/v2\/categories?post=990"},{"taxonomy":"post_tag","embeddable":true,"href":"https:\/\/raval.es\/elx\/wp-json\/wp\/v2\/tags?post=990"}],"curies":[{"name":"wp","href":"https:\/\/api.w.org\/{rel}","templated":true}]}}