{"id":1021,"date":"2024-10-18T14:57:01","date_gmt":"2024-10-18T14:57:01","guid":{"rendered":"https:\/\/raval.es\/historia\/?p=1021"},"modified":"2025-03-07T16:53:21","modified_gmt":"2025-03-07T16:53:21","slug":"la-teulera-lultim-del-raval","status":"publish","type":"post","link":"https:\/\/raval.es\/historia\/la-teulera-lultim-del-raval\/","title":{"rendered":"LA TEULERA \u00abL&#8217;ULTIM DEL RAVAL\u00bb"},"content":{"rendered":"<p><b>Jaume Pascual<\/b><\/p>\n<hr>\n<hr>\n<p>Dice una canci\u00f3n popular ilicitana que <b>La Teulera<\/b> es <i>\u00ab\u2026 lo \u00faltim del Raval\u00bb<\/i> y asi es. Situado en el extremo sur del barrio, en la rambla de la ladera y junto al rio, motivo por el cual ha sufrido inundaciones cuando el r\u00edo se ha desbordado. <b>La Teulera<\/b> era la zona mas pobre del barrio del <b>Raval.<\/b><\/p>\n<p>El <b>Raval<\/b> es un barrio que tras la expulsi\u00f3n de los moriscos en 1609 se repobl\u00f3 con la gente pobre de la <b>Vila Murada<\/b> que se trasladaron a vivir a el. Tradicionalmente el <b>Raval<\/b> ha sido un barrio humile y trabajador de <b>Elche<\/b>. Zapateros, cordeleros, curtidores, palmereros, carreteros, alba\u00f1iles, agricultores\u2026 y sus familias han sido sus tradicionales pobladores.<\/p>\n<p><b>La Teulera<\/b> se hizo como todo barrio marginal. Poco a poco, en silencio, autoconstruyendose a si mismo piedra a piedra y chabola a chabola. La zona toma su nombre de una f\u00e1brica de cer\u00e1mica cercana. Estuvo poblado hasta el a\u00f1o 1968 en que se procedi\u00f3 al realojo de sus gentes y al derribo de las casas.<br \/>\n<center><\/p>\n<blockquote class=\"wp-embedded-content\" data-secret=\"oMTBPu1Gs1\"><p><a href=\"https:\/\/raval.es\/historia\/fotografias-la-teulera\/\">FOTOGRAF\u00cdAS LA TEULERA<\/a><\/p><\/blockquote>\n<p><iframe loading=\"lazy\" class=\"wp-embedded-content\" sandbox=\"allow-scripts\" security=\"restricted\" style=\"position: absolute; visibility: hidden;\" title=\"\u00abFOTOGRAF\u00cdAS LA TEULERA\u00bb \u2014 RAVAL HIST\u00d2RIC\" src=\"https:\/\/raval.es\/historia\/fotografias-la-teulera\/embed\/#?secret=OlNunD9kLA#?secret=oMTBPu1Gs1\" data-secret=\"oMTBPu1Gs1\" width=\"500\" height=\"282\" frameborder=\"0\" marginwidth=\"0\" marginheight=\"0\" scrolling=\"no\"><\/iframe><\/p>\n","protected":false},"excerpt":{"rendered":"<p>Jaume Pascual Dice una canci\u00f3n popular ilicitana que La Teulera es \u00ab\u2026 lo \u00faltim del Raval\u00bb&hellip;<\/p>\n","protected":false},"author":1,"featured_media":1024,"comment_status":"closed","ping_status":"closed","sticky":false,"template":"","format":"standard","meta":{"footnotes":""},"categories":[56],"tags":[25,38],"class_list":["post-1021","post","type-post","status-publish","format-standard","has-post-thumbnail","hentry","category-historia","tag-historia","tag-la-teulera"],"yoast_head":"<!-- This site is optimized with the Yoast SEO plugin v25.7 - https:\/\/yoast.com\/wordpress\/plugins\/seo\/ -->\n<title>LA TEULERA &quot;L&#039;ULTIM DEL RAVAL&quot; - Raval Hist\u00f2ric<\/title>\n<meta name=\"robots\" content=\"index, follow, max-snippet:-1, max-image-preview:large, max-video-preview:-1\" \/>\n<link rel=\"canonical\" href=\"https:\/\/raval.es\/historia\/la-teulera-lultim-del-raval\/\" \/>\n<meta property=\"og:locale\" content=\"es_ES\" \/>\n<meta property=\"og:type\" content=\"article\" \/>\n<meta property=\"og:title\" content=\"LA TEULERA &quot;L&#039;ULTIM DEL RAVAL&quot; - Raval Hist\u00f2ric\" \/>\n<meta property=\"og:description\" content=\"Jaume Pascual Dice una canci\u00f3n popular ilicitana que La Teulera es \u00ab\u2026 lo \u00faltim del Raval\u00bb&hellip;\" \/>\n<meta property=\"og:url\" content=\"https:\/\/raval.es\/historia\/la-teulera-lultim-del-raval\/\" \/>\n<meta property=\"og:site_name\" content=\"Raval Hist\u00f2ric\" \/>\n<meta property=\"article:publisher\" content=\"https:\/\/www.facebook.com\/ravaldelx\/\" \/>\n<meta property=\"article:published_time\" content=\"2024-10-18T14:57:01+00:00\" \/>\n<meta property=\"article:modified_time\" content=\"2025-03-07T16:53:21+00:00\" \/>\n<meta property=\"og:image\" content=\"https:\/\/raval.es\/historia\/wp-content\/uploads\/2024\/10\/IMG_20190813_104606.png\" \/>\n\t<meta property=\"og:image:width\" content=\"720\" \/>\n\t<meta property=\"og:image:height\" content=\"483\" \/>\n\t<meta property=\"og:image:type\" content=\"image\/png\" \/>\n<meta name=\"author\" content=\"jaume\" \/>\n<meta name=\"twitter:card\" content=\"summary_large_image\" \/>\n<meta name=\"twitter:label1\" content=\"Escrito por\" \/>\n\t<meta name=\"twitter:data1\" content=\"jaume\" \/>\n\t<meta name=\"twitter:label2\" content=\"Tiempo de lectura\" \/>\n\t<meta name=\"twitter:data2\" content=\"1 minuto\" \/>\n<script type=\"application\/ld+json\" class=\"yoast-schema-graph\">{\"@context\":\"https:\/\/schema.org\",\"@graph\":[{\"@type\":\"Article\",\"@id\":\"https:\/\/raval.es\/historia\/la-teulera-lultim-del-raval\/#article\",\"isPartOf\":{\"@id\":\"https:\/\/raval.es\/historia\/la-teulera-lultim-del-raval\/\"},\"author\":{\"name\":\"jaume\",\"@id\":\"https:\/\/raval.es\/historia\/#\/schema\/person\/40fb5d78383acffa8376684168f0b184\"},\"headline\":\"LA TEULERA \u00abL&#8217;ULTIM DEL RAVAL\u00bb\",\"datePublished\":\"2024-10-18T14:57:01+00:00\",\"dateModified\":\"2025-03-07T16:53:21+00:00\",\"mainEntityOfPage\":{\"@id\":\"https:\/\/raval.es\/historia\/la-teulera-lultim-del-raval\/\"},\"wordCount\":189,\"publisher\":{\"@id\":\"https:\/\/raval.es\/historia\/#organization\"},\"image\":{\"@id\":\"https:\/\/raval.es\/historia\/la-teulera-lultim-del-raval\/#primaryimage\"},\"thumbnailUrl\":\"https:\/\/raval.es\/historia\/wp-content\/uploads\/2024\/10\/IMG_20190813_104606.png\",\"keywords\":[\"historia\",\"La Teulera\"],\"articleSection\":[\"HISTORIA\"],\"inLanguage\":\"es\"},{\"@type\":\"WebPage\",\"@id\":\"https:\/\/raval.es\/historia\/la-teulera-lultim-del-raval\/\",\"url\":\"https:\/\/raval.es\/historia\/la-teulera-lultim-del-raval\/\",\"name\":\"LA TEULERA \\\"L'ULTIM DEL RAVAL\\\" - Raval Hist\u00f2ric\",\"isPartOf\":{\"@id\":\"https:\/\/raval.es\/historia\/#website\"},\"primaryImageOfPage\":{\"@id\":\"https:\/\/raval.es\/historia\/la-teulera-lultim-del-raval\/#primaryimage\"},\"image\":{\"@id\":\"https:\/\/raval.es\/historia\/la-teulera-lultim-del-raval\/#primaryimage\"},\"thumbnailUrl\":\"https:\/\/raval.es\/historia\/wp-content\/uploads\/2024\/10\/IMG_20190813_104606.png\",\"datePublished\":\"2024-10-18T14:57:01+00:00\",\"dateModified\":\"2025-03-07T16:53:21+00:00\",\"breadcrumb\":{\"@id\":\"https:\/\/raval.es\/historia\/la-teulera-lultim-del-raval\/#breadcrumb\"},\"inLanguage\":\"es\",\"potentialAction\":[{\"@type\":\"ReadAction\",\"target\":[\"https:\/\/raval.es\/historia\/la-teulera-lultim-del-raval\/\"]}]},{\"@type\":\"ImageObject\",\"inLanguage\":\"es\",\"@id\":\"https:\/\/raval.es\/historia\/la-teulera-lultim-del-raval\/#primaryimage\",\"url\":\"https:\/\/raval.es\/historia\/wp-content\/uploads\/2024\/10\/IMG_20190813_104606.png\",\"contentUrl\":\"https:\/\/raval.es\/historia\/wp-content\/uploads\/2024\/10\/IMG_20190813_104606.png\",\"width\":720,\"height\":483},{\"@type\":\"BreadcrumbList\",\"@id\":\"https:\/\/raval.es\/historia\/la-teulera-lultim-del-raval\/#breadcrumb\",\"itemListElement\":[{\"@type\":\"ListItem\",\"position\":1,\"name\":\"Portada\",\"item\":\"https:\/\/raval.es\/historia\/\"},{\"@type\":\"ListItem\",\"position\":2,\"name\":\"LA TEULERA \u00abL&#8217;ULTIM DEL RAVAL\u00bb\"}]},{\"@type\":\"WebSite\",\"@id\":\"https:\/\/raval.es\/historia\/#website\",\"url\":\"https:\/\/raval.es\/historia\/\",\"name\":\"Raval Hist\u00f2ric\",\"description\":\"Un poble dins un poble\",\"publisher\":{\"@id\":\"https:\/\/raval.es\/historia\/#organization\"},\"potentialAction\":[{\"@type\":\"SearchAction\",\"target\":{\"@type\":\"EntryPoint\",\"urlTemplate\":\"https:\/\/raval.es\/historia\/?s={search_term_string}\"},\"query-input\":{\"@type\":\"PropertyValueSpecification\",\"valueRequired\":true,\"valueName\":\"search_term_string\"}}],\"inLanguage\":\"es\"},{\"@type\":\"Organization\",\"@id\":\"https:\/\/raval.es\/historia\/#organization\",\"name\":\"AV Raval\",\"alternateName\":\"Raval Hist\u00f2ric\",\"url\":\"https:\/\/raval.es\/historia\/\",\"logo\":{\"@type\":\"ImageObject\",\"inLanguage\":\"es\",\"@id\":\"https:\/\/raval.es\/historia\/#\/schema\/logo\/image\/\",\"url\":\"https:\/\/raval.es\/historia\/wp-content\/uploads\/2024\/12\/IMG_20241220_122838.jpg\",\"contentUrl\":\"https:\/\/raval.es\/historia\/wp-content\/uploads\/2024\/12\/IMG_20241220_122838.jpg\",\"width\":650,\"height\":318,\"caption\":\"AV Raval\"},\"image\":{\"@id\":\"https:\/\/raval.es\/historia\/#\/schema\/logo\/image\/\"},\"sameAs\":[\"https:\/\/www.facebook.com\/ravaldelx\/\",\"https:\/\/www.instagram.com\/avvraval.elx\/\"]},{\"@type\":\"Person\",\"@id\":\"https:\/\/raval.es\/historia\/#\/schema\/person\/40fb5d78383acffa8376684168f0b184\",\"name\":\"jaume\",\"sameAs\":[\"https:\/\/raval.es\/historia\"],\"url\":\"https:\/\/raval.es\/historia\/author\/olmo\/\"}]}<\/script>\n<!-- \/ Yoast SEO plugin. -->","yoast_head_json":{"title":"LA TEULERA \"L'ULTIM DEL RAVAL\" - Raval Hist\u00f2ric","robots":{"index":"index","follow":"follow","max-snippet":"max-snippet:-1","max-image-preview":"max-image-preview:large","max-video-preview":"max-video-preview:-1"},"canonical":"https:\/\/raval.es\/historia\/la-teulera-lultim-del-raval\/","og_locale":"es_ES","og_type":"article","og_title":"LA TEULERA \"L'ULTIM DEL RAVAL\" - Raval Hist\u00f2ric","og_description":"Jaume Pascual Dice una canci\u00f3n popular ilicitana que La Teulera es \u00ab\u2026 lo \u00faltim del Raval\u00bb&hellip;","og_url":"https:\/\/raval.es\/historia\/la-teulera-lultim-del-raval\/","og_site_name":"Raval Hist\u00f2ric","article_publisher":"https:\/\/www.facebook.com\/ravaldelx\/","article_published_time":"2024-10-18T14:57:01+00:00","article_modified_time":"2025-03-07T16:53:21+00:00","og_image":[{"width":720,"height":483,"url":"https:\/\/raval.es\/historia\/wp-content\/uploads\/2024\/10\/IMG_20190813_104606.png","type":"image\/png"}],"author":"jaume","twitter_card":"summary_large_image","twitter_misc":{"Escrito por":"jaume","Tiempo de lectura":"1 minuto"},"schema":{"@context":"https:\/\/schema.org","@graph":[{"@type":"Article","@id":"https:\/\/raval.es\/historia\/la-teulera-lultim-del-raval\/#article","isPartOf":{"@id":"https:\/\/raval.es\/historia\/la-teulera-lultim-del-raval\/"},"author":{"name":"jaume","@id":"https:\/\/raval.es\/historia\/#\/schema\/person\/40fb5d78383acffa8376684168f0b184"},"headline":"LA TEULERA \u00abL&#8217;ULTIM DEL RAVAL\u00bb","datePublished":"2024-10-18T14:57:01+00:00","dateModified":"2025-03-07T16:53:21+00:00","mainEntityOfPage":{"@id":"https:\/\/raval.es\/historia\/la-teulera-lultim-del-raval\/"},"wordCount":189,"publisher":{"@id":"https:\/\/raval.es\/historia\/#organization"},"image":{"@id":"https:\/\/raval.es\/historia\/la-teulera-lultim-del-raval\/#primaryimage"},"thumbnailUrl":"https:\/\/raval.es\/historia\/wp-content\/uploads\/2024\/10\/IMG_20190813_104606.png","keywords":["historia","La Teulera"],"articleSection":["HISTORIA"],"inLanguage":"es"},{"@type":"WebPage","@id":"https:\/\/raval.es\/historia\/la-teulera-lultim-del-raval\/","url":"https:\/\/raval.es\/historia\/la-teulera-lultim-del-raval\/","name":"LA TEULERA \"L'ULTIM DEL RAVAL\" - Raval Hist\u00f2ric","isPartOf":{"@id":"https:\/\/raval.es\/historia\/#website"},"primaryImageOfPage":{"@id":"https:\/\/raval.es\/historia\/la-teulera-lultim-del-raval\/#primaryimage"},"image":{"@id":"https:\/\/raval.es\/historia\/la-teulera-lultim-del-raval\/#primaryimage"},"thumbnailUrl":"https:\/\/raval.es\/historia\/wp-content\/uploads\/2024\/10\/IMG_20190813_104606.png","datePublished":"2024-10-18T14:57:01+00:00","dateModified":"2025-03-07T16:53:21+00:00","breadcrumb":{"@id":"https:\/\/raval.es\/historia\/la-teulera-lultim-del-raval\/#breadcrumb"},"inLanguage":"es","potentialAction":[{"@type":"ReadAction","target":["https:\/\/raval.es\/historia\/la-teulera-lultim-del-raval\/"]}]},{"@type":"ImageObject","inLanguage":"es","@id":"https:\/\/raval.es\/historia\/la-teulera-lultim-del-raval\/#primaryimage","url":"https:\/\/raval.es\/historia\/wp-content\/uploads\/2024\/10\/IMG_20190813_104606.png","contentUrl":"https:\/\/raval.es\/historia\/wp-content\/uploads\/2024\/10\/IMG_20190813_104606.png","width":720,"height":483},{"@type":"BreadcrumbList","@id":"https:\/\/raval.es\/historia\/la-teulera-lultim-del-raval\/#breadcrumb","itemListElement":[{"@type":"ListItem","position":1,"name":"Portada","item":"https:\/\/raval.es\/historia\/"},{"@type":"ListItem","position":2,"name":"LA TEULERA \u00abL&#8217;ULTIM DEL RAVAL\u00bb"}]},{"@type":"WebSite","@id":"https:\/\/raval.es\/historia\/#website","url":"https:\/\/raval.es\/historia\/","name":"Raval Hist\u00f2ric","description":"Un poble dins un poble","publisher":{"@id":"https:\/\/raval.es\/historia\/#organization"},"potentialAction":[{"@type":"SearchAction","target":{"@type":"EntryPoint","urlTemplate":"https:\/\/raval.es\/historia\/?s={search_term_string}"},"query-input":{"@type":"PropertyValueSpecification","valueRequired":true,"valueName":"search_term_string"}}],"inLanguage":"es"},{"@type":"Organization","@id":"https:\/\/raval.es\/historia\/#organization","name":"AV Raval","alternateName":"Raval Hist\u00f2ric","url":"https:\/\/raval.es\/historia\/","logo":{"@type":"ImageObject","inLanguage":"es","@id":"https:\/\/raval.es\/historia\/#\/schema\/logo\/image\/","url":"https:\/\/raval.es\/historia\/wp-content\/uploads\/2024\/12\/IMG_20241220_122838.jpg","contentUrl":"https:\/\/raval.es\/historia\/wp-content\/uploads\/2024\/12\/IMG_20241220_122838.jpg","width":650,"height":318,"caption":"AV Raval"},"image":{"@id":"https:\/\/raval.es\/historia\/#\/schema\/logo\/image\/"},"sameAs":["https:\/\/www.facebook.com\/ravaldelx\/","https:\/\/www.instagram.com\/avvraval.elx\/"]},{"@type":"Person","@id":"https:\/\/raval.es\/historia\/#\/schema\/person\/40fb5d78383acffa8376684168f0b184","name":"jaume","sameAs":["https:\/\/raval.es\/historia"],"url":"https:\/\/raval.es\/historia\/author\/olmo\/"}]}},"_links":{"self":[{"href":"https:\/\/raval.es\/historia\/wp-json\/wp\/v2\/posts\/1021","targetHints":{"allow":["GET"]}}],"collection":[{"href":"https:\/\/raval.es\/historia\/wp-json\/wp\/v2\/posts"}],"about":[{"href":"https:\/\/raval.es\/historia\/wp-json\/wp\/v2\/types\/post"}],"author":[{"embeddable":true,"href":"https:\/\/raval.es\/historia\/wp-json\/wp\/v2\/users\/1"}],"replies":[{"embeddable":true,"href":"https:\/\/raval.es\/historia\/wp-json\/wp\/v2\/comments?post=1021"}],"version-history":[{"count":17,"href":"https:\/\/raval.es\/historia\/wp-json\/wp\/v2\/posts\/1021\/revisions"}],"predecessor-version":[{"id":1176,"href":"https:\/\/raval.es\/historia\/wp-json\/wp\/v2\/posts\/1021\/revisions\/1176"}],"wp:featuredmedia":[{"embeddable":true,"href":"https:\/\/raval.es\/historia\/wp-json\/wp\/v2\/media\/1024"}],"wp:attachment":[{"href":"https:\/\/raval.es\/historia\/wp-json\/wp\/v2\/media?parent=1021"}],"wp:term":[{"taxonomy":"category","embeddable":true,"href":"https:\/\/raval.es\/historia\/wp-json\/wp\/v2\/categories?post=1021"},{"taxonomy":"post_tag","embeddable":true,"href":"https:\/\/raval.es\/historia\/wp-json\/wp\/v2\/tags?post=1021"}],"curies":[{"name":"wp","href":"https:\/\/api.w.org\/{rel}","templated":true}]}}