{"id":1114,"date":"2025-01-10T14:00:31","date_gmt":"2025-01-10T14:00:31","guid":{"rendered":"https:\/\/raval.es\/historia\/?p=1114"},"modified":"2025-01-10T14:02:12","modified_gmt":"2025-01-10T14:02:12","slug":"reconstruccion-iglesia-de-san-juan","status":"publish","type":"post","link":"https:\/\/raval.es\/historia\/reconstruccion-iglesia-de-san-juan\/","title":{"rendered":"RECONSTRUCCI\u00d3N IGLESIA DE SAN JUAN"},"content":{"rendered":"<b>Jaume Pascual<\/b><hr><hr>\n<p>La iglesia de <b>San Juan<\/b> ocupa el lugar donde estuvo la antigua iglesia construida entre 1526 y 1601 sobre la mezquita del\u00a0\u00abarrabal de los moros\u00bb, que se mantuvo desde el siglo XIII hasta que la comunidad musulmana fue obligada a la conversi\u00f3n al cristianismo. Esta iglesia qued\u00f3 totalmente destruida cuando fue  quemada en Febrero de 1936. La reconstrucci\u00f3n de realiz\u00f3 a principios de los a\u00f1os 50 y fue obra del arquitecto\u00a0<b>Antonio Serrano Peral.<\/b><\/p>\n\n<b>ENTRADA RELACIONADA<\/b> \n<blockquote class=\"wp-embedded-content\" data-secret=\"Pwj4FG7lGf\"><a href=\"https:\/\/raval.es\/historia\/iglesia-de-san-juan-quemada\/\">IGLESIA DE SAN JUAN QUEMADA<\/a><\/blockquote><iframe loading=\"lazy\" class=\"wp-embedded-content\" sandbox=\"allow-scripts\" security=\"restricted\" style=\"position: absolute; visibility: hidden;\" title=\"\u00abIGLESIA DE SAN JUAN QUEMADA\u00bb \u2014 RAVAL HIST\u00d2RIC\" src=\"https:\/\/raval.es\/historia\/iglesia-de-san-juan-quemada\/embed\/#?secret=z4NjtWppYV#?secret=Pwj4FG7lGf\" data-secret=\"Pwj4FG7lGf\" width=\"500\" height=\"282\" frameborder=\"0\" marginwidth=\"0\" marginheight=\"0\" scrolling=\"no\"><\/iframe>\n\n\n<figure class=\"wp-block-image size-full\"><img decoding=\"async\" src=\"https:\/\/raval.es\/historia\/wp-content\/uploads\/2025\/01\/IMG_20250110_122136.jpg\" alt=\"\" class=\"wp-image-1065\"\/><\/figure>\n\n\n\n<figure class=\"wp-block-image size-full\"><img decoding=\"async\" src=\"https:\/\/raval.es\/historia\/wp-content\/uploads\/2025\/01\/IMG_20250110_134213.jpg\" alt=\"\" class=\"wp-image-1065\"\/><\/figure>\n","protected":false},"excerpt":{"rendered":"<p>Jaume Pascual La iglesia de San Juan ocupa el lugar donde estuvo la antigua iglesia construida&hellip;<\/p>\n","protected":false},"author":1,"featured_media":1119,"comment_status":"closed","ping_status":"closed","sticky":false,"template":"","format":"standard","meta":{"footnotes":""},"categories":[56],"tags":[25,30],"class_list":["post-1114","post","type-post","status-publish","format-standard","has-post-thumbnail","hentry","category-historia","tag-historia","tag-san-juan"],"yoast_head":"<!-- This site is optimized with the Yoast SEO plugin v25.7 - https:\/\/yoast.com\/wordpress\/plugins\/seo\/ -->\n<title>RECONSTRUCCI\u00d3N IGLESIA DE SAN JUAN - Raval Hist\u00f2ric<\/title>\n<meta name=\"robots\" content=\"index, follow, max-snippet:-1, max-image-preview:large, max-video-preview:-1\" \/>\n<link rel=\"canonical\" href=\"https:\/\/raval.es\/historia\/reconstruccion-iglesia-de-san-juan\/\" \/>\n<meta property=\"og:locale\" content=\"es_ES\" \/>\n<meta property=\"og:type\" content=\"article\" \/>\n<meta property=\"og:title\" content=\"RECONSTRUCCI\u00d3N IGLESIA DE SAN JUAN - Raval Hist\u00f2ric\" \/>\n<meta property=\"og:description\" content=\"Jaume Pascual La iglesia de San Juan ocupa el lugar donde estuvo la antigua iglesia construida&hellip;\" \/>\n<meta property=\"og:url\" content=\"https:\/\/raval.es\/historia\/reconstruccion-iglesia-de-san-juan\/\" \/>\n<meta property=\"og:site_name\" content=\"Raval Hist\u00f2ric\" \/>\n<meta property=\"article:publisher\" content=\"https:\/\/www.facebook.com\/ravaldelx\/\" \/>\n<meta property=\"article:published_time\" content=\"2025-01-10T14:00:31+00:00\" \/>\n<meta property=\"article:modified_time\" content=\"2025-01-10T14:02:12+00:00\" \/>\n<meta property=\"og:image\" content=\"https:\/\/raval.es\/historia\/wp-content\/uploads\/2025\/01\/IMG_20250110_134325.jpg\" \/>\n\t<meta property=\"og:image:width\" content=\"507\" \/>\n\t<meta property=\"og:image:height\" content=\"367\" \/>\n\t<meta property=\"og:image:type\" content=\"image\/jpeg\" \/>\n<meta name=\"author\" content=\"jaume\" \/>\n<meta name=\"twitter:card\" content=\"summary_large_image\" \/>\n<meta name=\"twitter:label1\" content=\"Escrito por\" \/>\n\t<meta name=\"twitter:data1\" content=\"jaume\" \/>\n<script type=\"application\/ld+json\" class=\"yoast-schema-graph\">{\"@context\":\"https:\/\/schema.org\",\"@graph\":[{\"@type\":\"Article\",\"@id\":\"https:\/\/raval.es\/historia\/reconstruccion-iglesia-de-san-juan\/#article\",\"isPartOf\":{\"@id\":\"https:\/\/raval.es\/historia\/reconstruccion-iglesia-de-san-juan\/\"},\"author\":{\"name\":\"jaume\",\"@id\":\"https:\/\/raval.es\/historia\/#\/schema\/person\/40fb5d78383acffa8376684168f0b184\"},\"headline\":\"RECONSTRUCCI\u00d3N IGLESIA DE SAN JUAN\",\"datePublished\":\"2025-01-10T14:00:31+00:00\",\"dateModified\":\"2025-01-10T14:02:12+00:00\",\"mainEntityOfPage\":{\"@id\":\"https:\/\/raval.es\/historia\/reconstruccion-iglesia-de-san-juan\/\"},\"wordCount\":89,\"publisher\":{\"@id\":\"https:\/\/raval.es\/historia\/#organization\"},\"image\":{\"@id\":\"https:\/\/raval.es\/historia\/reconstruccion-iglesia-de-san-juan\/#primaryimage\"},\"thumbnailUrl\":\"https:\/\/raval.es\/historia\/wp-content\/uploads\/2025\/01\/IMG_20250110_134325.jpg\",\"keywords\":[\"historia\",\"San Juan\"],\"articleSection\":[\"HISTORIA\"],\"inLanguage\":\"es\"},{\"@type\":\"WebPage\",\"@id\":\"https:\/\/raval.es\/historia\/reconstruccion-iglesia-de-san-juan\/\",\"url\":\"https:\/\/raval.es\/historia\/reconstruccion-iglesia-de-san-juan\/\",\"name\":\"RECONSTRUCCI\u00d3N IGLESIA DE SAN JUAN - Raval Hist\u00f2ric\",\"isPartOf\":{\"@id\":\"https:\/\/raval.es\/historia\/#website\"},\"primaryImageOfPage\":{\"@id\":\"https:\/\/raval.es\/historia\/reconstruccion-iglesia-de-san-juan\/#primaryimage\"},\"image\":{\"@id\":\"https:\/\/raval.es\/historia\/reconstruccion-iglesia-de-san-juan\/#primaryimage\"},\"thumbnailUrl\":\"https:\/\/raval.es\/historia\/wp-content\/uploads\/2025\/01\/IMG_20250110_134325.jpg\",\"datePublished\":\"2025-01-10T14:00:31+00:00\",\"dateModified\":\"2025-01-10T14:02:12+00:00\",\"breadcrumb\":{\"@id\":\"https:\/\/raval.es\/historia\/reconstruccion-iglesia-de-san-juan\/#breadcrumb\"},\"inLanguage\":\"es\",\"potentialAction\":[{\"@type\":\"ReadAction\",\"target\":[\"https:\/\/raval.es\/historia\/reconstruccion-iglesia-de-san-juan\/\"]}]},{\"@type\":\"ImageObject\",\"inLanguage\":\"es\",\"@id\":\"https:\/\/raval.es\/historia\/reconstruccion-iglesia-de-san-juan\/#primaryimage\",\"url\":\"https:\/\/raval.es\/historia\/wp-content\/uploads\/2025\/01\/IMG_20250110_134325.jpg\",\"contentUrl\":\"https:\/\/raval.es\/historia\/wp-content\/uploads\/2025\/01\/IMG_20250110_134325.jpg\",\"width\":507,\"height\":367},{\"@type\":\"BreadcrumbList\",\"@id\":\"https:\/\/raval.es\/historia\/reconstruccion-iglesia-de-san-juan\/#breadcrumb\",\"itemListElement\":[{\"@type\":\"ListItem\",\"position\":1,\"name\":\"Portada\",\"item\":\"https:\/\/raval.es\/historia\/\"},{\"@type\":\"ListItem\",\"position\":2,\"name\":\"RECONSTRUCCI\u00d3N IGLESIA DE SAN JUAN\"}]},{\"@type\":\"WebSite\",\"@id\":\"https:\/\/raval.es\/historia\/#website\",\"url\":\"https:\/\/raval.es\/historia\/\",\"name\":\"Raval Hist\u00f2ric\",\"description\":\"Un poble dins un poble\",\"publisher\":{\"@id\":\"https:\/\/raval.es\/historia\/#organization\"},\"potentialAction\":[{\"@type\":\"SearchAction\",\"target\":{\"@type\":\"EntryPoint\",\"urlTemplate\":\"https:\/\/raval.es\/historia\/?s={search_term_string}\"},\"query-input\":{\"@type\":\"PropertyValueSpecification\",\"valueRequired\":true,\"valueName\":\"search_term_string\"}}],\"inLanguage\":\"es\"},{\"@type\":\"Organization\",\"@id\":\"https:\/\/raval.es\/historia\/#organization\",\"name\":\"AV Raval\",\"alternateName\":\"Raval Hist\u00f2ric\",\"url\":\"https:\/\/raval.es\/historia\/\",\"logo\":{\"@type\":\"ImageObject\",\"inLanguage\":\"es\",\"@id\":\"https:\/\/raval.es\/historia\/#\/schema\/logo\/image\/\",\"url\":\"https:\/\/raval.es\/historia\/wp-content\/uploads\/2024\/12\/IMG_20241220_122838.jpg\",\"contentUrl\":\"https:\/\/raval.es\/historia\/wp-content\/uploads\/2024\/12\/IMG_20241220_122838.jpg\",\"width\":650,\"height\":318,\"caption\":\"AV Raval\"},\"image\":{\"@id\":\"https:\/\/raval.es\/historia\/#\/schema\/logo\/image\/\"},\"sameAs\":[\"https:\/\/www.facebook.com\/ravaldelx\/\",\"https:\/\/www.instagram.com\/avvraval.elx\/\"]},{\"@type\":\"Person\",\"@id\":\"https:\/\/raval.es\/historia\/#\/schema\/person\/40fb5d78383acffa8376684168f0b184\",\"name\":\"jaume\",\"sameAs\":[\"https:\/\/raval.es\/historia\"],\"url\":\"https:\/\/raval.es\/historia\/author\/olmo\/\"}]}<\/script>\n<!-- \/ Yoast SEO plugin. -->","yoast_head_json":{"title":"RECONSTRUCCI\u00d3N IGLESIA DE SAN JUAN - Raval Hist\u00f2ric","robots":{"index":"index","follow":"follow","max-snippet":"max-snippet:-1","max-image-preview":"max-image-preview:large","max-video-preview":"max-video-preview:-1"},"canonical":"https:\/\/raval.es\/historia\/reconstruccion-iglesia-de-san-juan\/","og_locale":"es_ES","og_type":"article","og_title":"RECONSTRUCCI\u00d3N IGLESIA DE SAN JUAN - Raval Hist\u00f2ric","og_description":"Jaume Pascual La iglesia de San Juan ocupa el lugar donde estuvo la antigua iglesia construida&hellip;","og_url":"https:\/\/raval.es\/historia\/reconstruccion-iglesia-de-san-juan\/","og_site_name":"Raval Hist\u00f2ric","article_publisher":"https:\/\/www.facebook.com\/ravaldelx\/","article_published_time":"2025-01-10T14:00:31+00:00","article_modified_time":"2025-01-10T14:02:12+00:00","og_image":[{"width":507,"height":367,"url":"https:\/\/raval.es\/historia\/wp-content\/uploads\/2025\/01\/IMG_20250110_134325.jpg","type":"image\/jpeg"}],"author":"jaume","twitter_card":"summary_large_image","twitter_misc":{"Escrito por":"jaume"},"schema":{"@context":"https:\/\/schema.org","@graph":[{"@type":"Article","@id":"https:\/\/raval.es\/historia\/reconstruccion-iglesia-de-san-juan\/#article","isPartOf":{"@id":"https:\/\/raval.es\/historia\/reconstruccion-iglesia-de-san-juan\/"},"author":{"name":"jaume","@id":"https:\/\/raval.es\/historia\/#\/schema\/person\/40fb5d78383acffa8376684168f0b184"},"headline":"RECONSTRUCCI\u00d3N IGLESIA DE SAN JUAN","datePublished":"2025-01-10T14:00:31+00:00","dateModified":"2025-01-10T14:02:12+00:00","mainEntityOfPage":{"@id":"https:\/\/raval.es\/historia\/reconstruccion-iglesia-de-san-juan\/"},"wordCount":89,"publisher":{"@id":"https:\/\/raval.es\/historia\/#organization"},"image":{"@id":"https:\/\/raval.es\/historia\/reconstruccion-iglesia-de-san-juan\/#primaryimage"},"thumbnailUrl":"https:\/\/raval.es\/historia\/wp-content\/uploads\/2025\/01\/IMG_20250110_134325.jpg","keywords":["historia","San Juan"],"articleSection":["HISTORIA"],"inLanguage":"es"},{"@type":"WebPage","@id":"https:\/\/raval.es\/historia\/reconstruccion-iglesia-de-san-juan\/","url":"https:\/\/raval.es\/historia\/reconstruccion-iglesia-de-san-juan\/","name":"RECONSTRUCCI\u00d3N IGLESIA DE SAN JUAN - Raval Hist\u00f2ric","isPartOf":{"@id":"https:\/\/raval.es\/historia\/#website"},"primaryImageOfPage":{"@id":"https:\/\/raval.es\/historia\/reconstruccion-iglesia-de-san-juan\/#primaryimage"},"image":{"@id":"https:\/\/raval.es\/historia\/reconstruccion-iglesia-de-san-juan\/#primaryimage"},"thumbnailUrl":"https:\/\/raval.es\/historia\/wp-content\/uploads\/2025\/01\/IMG_20250110_134325.jpg","datePublished":"2025-01-10T14:00:31+00:00","dateModified":"2025-01-10T14:02:12+00:00","breadcrumb":{"@id":"https:\/\/raval.es\/historia\/reconstruccion-iglesia-de-san-juan\/#breadcrumb"},"inLanguage":"es","potentialAction":[{"@type":"ReadAction","target":["https:\/\/raval.es\/historia\/reconstruccion-iglesia-de-san-juan\/"]}]},{"@type":"ImageObject","inLanguage":"es","@id":"https:\/\/raval.es\/historia\/reconstruccion-iglesia-de-san-juan\/#primaryimage","url":"https:\/\/raval.es\/historia\/wp-content\/uploads\/2025\/01\/IMG_20250110_134325.jpg","contentUrl":"https:\/\/raval.es\/historia\/wp-content\/uploads\/2025\/01\/IMG_20250110_134325.jpg","width":507,"height":367},{"@type":"BreadcrumbList","@id":"https:\/\/raval.es\/historia\/reconstruccion-iglesia-de-san-juan\/#breadcrumb","itemListElement":[{"@type":"ListItem","position":1,"name":"Portada","item":"https:\/\/raval.es\/historia\/"},{"@type":"ListItem","position":2,"name":"RECONSTRUCCI\u00d3N IGLESIA DE SAN JUAN"}]},{"@type":"WebSite","@id":"https:\/\/raval.es\/historia\/#website","url":"https:\/\/raval.es\/historia\/","name":"Raval Hist\u00f2ric","description":"Un poble dins un poble","publisher":{"@id":"https:\/\/raval.es\/historia\/#organization"},"potentialAction":[{"@type":"SearchAction","target":{"@type":"EntryPoint","urlTemplate":"https:\/\/raval.es\/historia\/?s={search_term_string}"},"query-input":{"@type":"PropertyValueSpecification","valueRequired":true,"valueName":"search_term_string"}}],"inLanguage":"es"},{"@type":"Organization","@id":"https:\/\/raval.es\/historia\/#organization","name":"AV Raval","alternateName":"Raval Hist\u00f2ric","url":"https:\/\/raval.es\/historia\/","logo":{"@type":"ImageObject","inLanguage":"es","@id":"https:\/\/raval.es\/historia\/#\/schema\/logo\/image\/","url":"https:\/\/raval.es\/historia\/wp-content\/uploads\/2024\/12\/IMG_20241220_122838.jpg","contentUrl":"https:\/\/raval.es\/historia\/wp-content\/uploads\/2024\/12\/IMG_20241220_122838.jpg","width":650,"height":318,"caption":"AV Raval"},"image":{"@id":"https:\/\/raval.es\/historia\/#\/schema\/logo\/image\/"},"sameAs":["https:\/\/www.facebook.com\/ravaldelx\/","https:\/\/www.instagram.com\/avvraval.elx\/"]},{"@type":"Person","@id":"https:\/\/raval.es\/historia\/#\/schema\/person\/40fb5d78383acffa8376684168f0b184","name":"jaume","sameAs":["https:\/\/raval.es\/historia"],"url":"https:\/\/raval.es\/historia\/author\/olmo\/"}]}},"_links":{"self":[{"href":"https:\/\/raval.es\/historia\/wp-json\/wp\/v2\/posts\/1114","targetHints":{"allow":["GET"]}}],"collection":[{"href":"https:\/\/raval.es\/historia\/wp-json\/wp\/v2\/posts"}],"about":[{"href":"https:\/\/raval.es\/historia\/wp-json\/wp\/v2\/types\/post"}],"author":[{"embeddable":true,"href":"https:\/\/raval.es\/historia\/wp-json\/wp\/v2\/users\/1"}],"replies":[{"embeddable":true,"href":"https:\/\/raval.es\/historia\/wp-json\/wp\/v2\/comments?post=1114"}],"version-history":[{"count":17,"href":"https:\/\/raval.es\/historia\/wp-json\/wp\/v2\/posts\/1114\/revisions"}],"predecessor-version":[{"id":1136,"href":"https:\/\/raval.es\/historia\/wp-json\/wp\/v2\/posts\/1114\/revisions\/1136"}],"wp:featuredmedia":[{"embeddable":true,"href":"https:\/\/raval.es\/historia\/wp-json\/wp\/v2\/media\/1119"}],"wp:attachment":[{"href":"https:\/\/raval.es\/historia\/wp-json\/wp\/v2\/media?parent=1114"}],"wp:term":[{"taxonomy":"category","embeddable":true,"href":"https:\/\/raval.es\/historia\/wp-json\/wp\/v2\/categories?post=1114"},{"taxonomy":"post_tag","embeddable":true,"href":"https:\/\/raval.es\/historia\/wp-json\/wp\/v2\/tags?post=1114"}],"curies":[{"name":"wp","href":"https:\/\/api.w.org\/{rel}","templated":true}]}}