{"id":1225,"date":"2025-04-12T12:47:32","date_gmt":"2025-04-12T12:47:32","guid":{"rendered":"https:\/\/raval.es\/historia\/?p=1225"},"modified":"2025-06-08T14:00:58","modified_gmt":"2025-06-08T14:00:58","slug":"bodega-guillo","status":"publish","type":"post","link":"https:\/\/raval.es\/historia\/bodega-guillo\/","title":{"rendered":"BODEGA GUILL\u00d3"},"content":{"rendered":"<p><b>Jaume Pascual<\/b><\/p>\n<hr>\n<hr>\n<p>El popular <b>Estanco Bodega Guill\u00f3<\/b> (conocido en una \u00e9poca posterior como \u00abel estanco de <b>Pepico el Gordo<\/b>) estaba situado en la calle <b>Filet de Dins<\/b>. En la fotograf\u00eda del a\u00f1o 1971, aparecen de izquierda a derecha: <b>Jos\u00e9 Galiana, Jos\u00e9 S\u00e1nchez S\u00e1nchez, Andr\u00e9s Guill\u00f3 Pascual<\/b> (propietario del estanco), <b>Antonio Guill\u00f3 Pelegr\u00edn<\/b> (hijo del anterior), <b>Vicente Tendero, Filomeno Moy\u00e1<\/b> (del Forn de Filomeno), <b>Urbano L\u00f3pez Ruiz<\/b> (propietario del Bar Urbano en la calle Fossar) y <b>Francisco Rico<\/b>.<\/p>\n","protected":false},"excerpt":{"rendered":"<p>Jaume Pascual El popular Estanco Bodega Guill\u00f3 (conocido en una \u00e9poca posterior como \u00abel estanco de&hellip;<\/p>\n","protected":false},"author":1,"featured_media":657,"comment_status":"closed","ping_status":"closed","sticky":false,"template":"","format":"standard","meta":{"footnotes":""},"categories":[56],"tags":[81,60],"class_list":["post-1225","post","type-post","status-publish","format-standard","has-post-thumbnail","hentry","category-historia","tag-bodega-guillo","tag-personajes"],"yoast_head":"<!-- This site is optimized with the Yoast SEO plugin v25.7 - https:\/\/yoast.com\/wordpress\/plugins\/seo\/ -->\n<title>BODEGA GUILL\u00d3 - Raval Hist\u00f2ric<\/title>\n<meta name=\"robots\" content=\"index, follow, max-snippet:-1, max-image-preview:large, max-video-preview:-1\" \/>\n<link rel=\"canonical\" href=\"https:\/\/raval.es\/historia\/bodega-guillo\/\" \/>\n<meta property=\"og:locale\" content=\"es_ES\" \/>\n<meta property=\"og:type\" content=\"article\" \/>\n<meta property=\"og:title\" content=\"BODEGA GUILL\u00d3 - Raval Hist\u00f2ric\" \/>\n<meta property=\"og:description\" content=\"Jaume Pascual El popular Estanco Bodega Guill\u00f3 (conocido en una \u00e9poca posterior como \u00abel estanco de&hellip;\" \/>\n<meta property=\"og:url\" content=\"https:\/\/raval.es\/historia\/bodega-guillo\/\" \/>\n<meta property=\"og:site_name\" content=\"Raval Hist\u00f2ric\" \/>\n<meta property=\"article:publisher\" content=\"https:\/\/www.facebook.com\/ravaldelx\/\" \/>\n<meta property=\"article:published_time\" content=\"2025-04-12T12:47:32+00:00\" \/>\n<meta property=\"article:modified_time\" content=\"2025-06-08T14:00:58+00:00\" \/>\n<meta property=\"og:image\" content=\"https:\/\/raval.es\/historia\/wp-content\/uploads\/2024\/07\/estanco_guillo_001.jpg\" \/>\n\t<meta property=\"og:image:width\" content=\"650\" \/>\n\t<meta property=\"og:image:height\" content=\"466\" \/>\n\t<meta property=\"og:image:type\" content=\"image\/jpeg\" \/>\n<meta name=\"author\" content=\"jaume\" \/>\n<meta name=\"twitter:card\" content=\"summary_large_image\" \/>\n<meta name=\"twitter:label1\" content=\"Escrito por\" \/>\n\t<meta name=\"twitter:data1\" content=\"jaume\" \/>\n<script type=\"application\/ld+json\" class=\"yoast-schema-graph\">{\"@context\":\"https:\/\/schema.org\",\"@graph\":[{\"@type\":\"Article\",\"@id\":\"https:\/\/raval.es\/historia\/bodega-guillo\/#article\",\"isPartOf\":{\"@id\":\"https:\/\/raval.es\/historia\/bodega-guillo\/\"},\"author\":{\"name\":\"jaume\",\"@id\":\"https:\/\/raval.es\/historia\/#\/schema\/person\/40fb5d78383acffa8376684168f0b184\"},\"headline\":\"BODEGA GUILL\u00d3\",\"datePublished\":\"2025-04-12T12:47:32+00:00\",\"dateModified\":\"2025-06-08T14:00:58+00:00\",\"mainEntityOfPage\":{\"@id\":\"https:\/\/raval.es\/historia\/bodega-guillo\/\"},\"wordCount\":85,\"publisher\":{\"@id\":\"https:\/\/raval.es\/historia\/#organization\"},\"image\":{\"@id\":\"https:\/\/raval.es\/historia\/bodega-guillo\/#primaryimage\"},\"thumbnailUrl\":\"https:\/\/raval.es\/historia\/wp-content\/uploads\/2024\/07\/estanco_guillo_001.jpg\",\"keywords\":[\"Bodega Guill\u00f3\",\"Personajes\"],\"articleSection\":[\"HISTORIA\"],\"inLanguage\":\"es\"},{\"@type\":\"WebPage\",\"@id\":\"https:\/\/raval.es\/historia\/bodega-guillo\/\",\"url\":\"https:\/\/raval.es\/historia\/bodega-guillo\/\",\"name\":\"BODEGA GUILL\u00d3 - Raval Hist\u00f2ric\",\"isPartOf\":{\"@id\":\"https:\/\/raval.es\/historia\/#website\"},\"primaryImageOfPage\":{\"@id\":\"https:\/\/raval.es\/historia\/bodega-guillo\/#primaryimage\"},\"image\":{\"@id\":\"https:\/\/raval.es\/historia\/bodega-guillo\/#primaryimage\"},\"thumbnailUrl\":\"https:\/\/raval.es\/historia\/wp-content\/uploads\/2024\/07\/estanco_guillo_001.jpg\",\"datePublished\":\"2025-04-12T12:47:32+00:00\",\"dateModified\":\"2025-06-08T14:00:58+00:00\",\"breadcrumb\":{\"@id\":\"https:\/\/raval.es\/historia\/bodega-guillo\/#breadcrumb\"},\"inLanguage\":\"es\",\"potentialAction\":[{\"@type\":\"ReadAction\",\"target\":[\"https:\/\/raval.es\/historia\/bodega-guillo\/\"]}]},{\"@type\":\"ImageObject\",\"inLanguage\":\"es\",\"@id\":\"https:\/\/raval.es\/historia\/bodega-guillo\/#primaryimage\",\"url\":\"https:\/\/raval.es\/historia\/wp-content\/uploads\/2024\/07\/estanco_guillo_001.jpg\",\"contentUrl\":\"https:\/\/raval.es\/historia\/wp-content\/uploads\/2024\/07\/estanco_guillo_001.jpg\",\"width\":650,\"height\":466},{\"@type\":\"BreadcrumbList\",\"@id\":\"https:\/\/raval.es\/historia\/bodega-guillo\/#breadcrumb\",\"itemListElement\":[{\"@type\":\"ListItem\",\"position\":1,\"name\":\"Portada\",\"item\":\"https:\/\/raval.es\/historia\/\"},{\"@type\":\"ListItem\",\"position\":2,\"name\":\"BODEGA GUILL\u00d3\"}]},{\"@type\":\"WebSite\",\"@id\":\"https:\/\/raval.es\/historia\/#website\",\"url\":\"https:\/\/raval.es\/historia\/\",\"name\":\"Raval Hist\u00f2ric\",\"description\":\"Un poble dins un poble\",\"publisher\":{\"@id\":\"https:\/\/raval.es\/historia\/#organization\"},\"potentialAction\":[{\"@type\":\"SearchAction\",\"target\":{\"@type\":\"EntryPoint\",\"urlTemplate\":\"https:\/\/raval.es\/historia\/?s={search_term_string}\"},\"query-input\":{\"@type\":\"PropertyValueSpecification\",\"valueRequired\":true,\"valueName\":\"search_term_string\"}}],\"inLanguage\":\"es\"},{\"@type\":\"Organization\",\"@id\":\"https:\/\/raval.es\/historia\/#organization\",\"name\":\"AV Raval\",\"alternateName\":\"Raval Hist\u00f2ric\",\"url\":\"https:\/\/raval.es\/historia\/\",\"logo\":{\"@type\":\"ImageObject\",\"inLanguage\":\"es\",\"@id\":\"https:\/\/raval.es\/historia\/#\/schema\/logo\/image\/\",\"url\":\"https:\/\/raval.es\/historia\/wp-content\/uploads\/2024\/12\/IMG_20241220_122838.jpg\",\"contentUrl\":\"https:\/\/raval.es\/historia\/wp-content\/uploads\/2024\/12\/IMG_20241220_122838.jpg\",\"width\":650,\"height\":318,\"caption\":\"AV Raval\"},\"image\":{\"@id\":\"https:\/\/raval.es\/historia\/#\/schema\/logo\/image\/\"},\"sameAs\":[\"https:\/\/www.facebook.com\/ravaldelx\/\",\"https:\/\/www.instagram.com\/avvraval.elx\/\"]},{\"@type\":\"Person\",\"@id\":\"https:\/\/raval.es\/historia\/#\/schema\/person\/40fb5d78383acffa8376684168f0b184\",\"name\":\"jaume\",\"sameAs\":[\"https:\/\/raval.es\/historia\"],\"url\":\"https:\/\/raval.es\/historia\/author\/olmo\/\"}]}<\/script>\n<!-- \/ Yoast SEO plugin. -->","yoast_head_json":{"title":"BODEGA GUILL\u00d3 - Raval Hist\u00f2ric","robots":{"index":"index","follow":"follow","max-snippet":"max-snippet:-1","max-image-preview":"max-image-preview:large","max-video-preview":"max-video-preview:-1"},"canonical":"https:\/\/raval.es\/historia\/bodega-guillo\/","og_locale":"es_ES","og_type":"article","og_title":"BODEGA GUILL\u00d3 - Raval Hist\u00f2ric","og_description":"Jaume Pascual El popular Estanco Bodega Guill\u00f3 (conocido en una \u00e9poca posterior como \u00abel estanco de&hellip;","og_url":"https:\/\/raval.es\/historia\/bodega-guillo\/","og_site_name":"Raval Hist\u00f2ric","article_publisher":"https:\/\/www.facebook.com\/ravaldelx\/","article_published_time":"2025-04-12T12:47:32+00:00","article_modified_time":"2025-06-08T14:00:58+00:00","og_image":[{"width":650,"height":466,"url":"https:\/\/raval.es\/historia\/wp-content\/uploads\/2024\/07\/estanco_guillo_001.jpg","type":"image\/jpeg"}],"author":"jaume","twitter_card":"summary_large_image","twitter_misc":{"Escrito por":"jaume"},"schema":{"@context":"https:\/\/schema.org","@graph":[{"@type":"Article","@id":"https:\/\/raval.es\/historia\/bodega-guillo\/#article","isPartOf":{"@id":"https:\/\/raval.es\/historia\/bodega-guillo\/"},"author":{"name":"jaume","@id":"https:\/\/raval.es\/historia\/#\/schema\/person\/40fb5d78383acffa8376684168f0b184"},"headline":"BODEGA GUILL\u00d3","datePublished":"2025-04-12T12:47:32+00:00","dateModified":"2025-06-08T14:00:58+00:00","mainEntityOfPage":{"@id":"https:\/\/raval.es\/historia\/bodega-guillo\/"},"wordCount":85,"publisher":{"@id":"https:\/\/raval.es\/historia\/#organization"},"image":{"@id":"https:\/\/raval.es\/historia\/bodega-guillo\/#primaryimage"},"thumbnailUrl":"https:\/\/raval.es\/historia\/wp-content\/uploads\/2024\/07\/estanco_guillo_001.jpg","keywords":["Bodega Guill\u00f3","Personajes"],"articleSection":["HISTORIA"],"inLanguage":"es"},{"@type":"WebPage","@id":"https:\/\/raval.es\/historia\/bodega-guillo\/","url":"https:\/\/raval.es\/historia\/bodega-guillo\/","name":"BODEGA GUILL\u00d3 - Raval Hist\u00f2ric","isPartOf":{"@id":"https:\/\/raval.es\/historia\/#website"},"primaryImageOfPage":{"@id":"https:\/\/raval.es\/historia\/bodega-guillo\/#primaryimage"},"image":{"@id":"https:\/\/raval.es\/historia\/bodega-guillo\/#primaryimage"},"thumbnailUrl":"https:\/\/raval.es\/historia\/wp-content\/uploads\/2024\/07\/estanco_guillo_001.jpg","datePublished":"2025-04-12T12:47:32+00:00","dateModified":"2025-06-08T14:00:58+00:00","breadcrumb":{"@id":"https:\/\/raval.es\/historia\/bodega-guillo\/#breadcrumb"},"inLanguage":"es","potentialAction":[{"@type":"ReadAction","target":["https:\/\/raval.es\/historia\/bodega-guillo\/"]}]},{"@type":"ImageObject","inLanguage":"es","@id":"https:\/\/raval.es\/historia\/bodega-guillo\/#primaryimage","url":"https:\/\/raval.es\/historia\/wp-content\/uploads\/2024\/07\/estanco_guillo_001.jpg","contentUrl":"https:\/\/raval.es\/historia\/wp-content\/uploads\/2024\/07\/estanco_guillo_001.jpg","width":650,"height":466},{"@type":"BreadcrumbList","@id":"https:\/\/raval.es\/historia\/bodega-guillo\/#breadcrumb","itemListElement":[{"@type":"ListItem","position":1,"name":"Portada","item":"https:\/\/raval.es\/historia\/"},{"@type":"ListItem","position":2,"name":"BODEGA GUILL\u00d3"}]},{"@type":"WebSite","@id":"https:\/\/raval.es\/historia\/#website","url":"https:\/\/raval.es\/historia\/","name":"Raval Hist\u00f2ric","description":"Un poble dins un poble","publisher":{"@id":"https:\/\/raval.es\/historia\/#organization"},"potentialAction":[{"@type":"SearchAction","target":{"@type":"EntryPoint","urlTemplate":"https:\/\/raval.es\/historia\/?s={search_term_string}"},"query-input":{"@type":"PropertyValueSpecification","valueRequired":true,"valueName":"search_term_string"}}],"inLanguage":"es"},{"@type":"Organization","@id":"https:\/\/raval.es\/historia\/#organization","name":"AV Raval","alternateName":"Raval Hist\u00f2ric","url":"https:\/\/raval.es\/historia\/","logo":{"@type":"ImageObject","inLanguage":"es","@id":"https:\/\/raval.es\/historia\/#\/schema\/logo\/image\/","url":"https:\/\/raval.es\/historia\/wp-content\/uploads\/2024\/12\/IMG_20241220_122838.jpg","contentUrl":"https:\/\/raval.es\/historia\/wp-content\/uploads\/2024\/12\/IMG_20241220_122838.jpg","width":650,"height":318,"caption":"AV Raval"},"image":{"@id":"https:\/\/raval.es\/historia\/#\/schema\/logo\/image\/"},"sameAs":["https:\/\/www.facebook.com\/ravaldelx\/","https:\/\/www.instagram.com\/avvraval.elx\/"]},{"@type":"Person","@id":"https:\/\/raval.es\/historia\/#\/schema\/person\/40fb5d78383acffa8376684168f0b184","name":"jaume","sameAs":["https:\/\/raval.es\/historia"],"url":"https:\/\/raval.es\/historia\/author\/olmo\/"}]}},"_links":{"self":[{"href":"https:\/\/raval.es\/historia\/wp-json\/wp\/v2\/posts\/1225","targetHints":{"allow":["GET"]}}],"collection":[{"href":"https:\/\/raval.es\/historia\/wp-json\/wp\/v2\/posts"}],"about":[{"href":"https:\/\/raval.es\/historia\/wp-json\/wp\/v2\/types\/post"}],"author":[{"embeddable":true,"href":"https:\/\/raval.es\/historia\/wp-json\/wp\/v2\/users\/1"}],"replies":[{"embeddable":true,"href":"https:\/\/raval.es\/historia\/wp-json\/wp\/v2\/comments?post=1225"}],"version-history":[{"count":8,"href":"https:\/\/raval.es\/historia\/wp-json\/wp\/v2\/posts\/1225\/revisions"}],"predecessor-version":[{"id":1235,"href":"https:\/\/raval.es\/historia\/wp-json\/wp\/v2\/posts\/1225\/revisions\/1235"}],"wp:featuredmedia":[{"embeddable":true,"href":"https:\/\/raval.es\/historia\/wp-json\/wp\/v2\/media\/657"}],"wp:attachment":[{"href":"https:\/\/raval.es\/historia\/wp-json\/wp\/v2\/media?parent=1225"}],"wp:term":[{"taxonomy":"category","embeddable":true,"href":"https:\/\/raval.es\/historia\/wp-json\/wp\/v2\/categories?post=1225"},{"taxonomy":"post_tag","embeddable":true,"href":"https:\/\/raval.es\/historia\/wp-json\/wp\/v2\/tags?post=1225"}],"curies":[{"name":"wp","href":"https:\/\/api.w.org\/{rel}","templated":true}]}}