{"id":1275,"date":"2025-05-06T07:18:36","date_gmt":"2025-05-06T07:18:36","guid":{"rendered":"https:\/\/raval.es\/historia\/?p=1275"},"modified":"2025-05-06T07:26:10","modified_gmt":"2025-05-06T07:26:10","slug":"cine-avenida","status":"publish","type":"post","link":"https:\/\/raval.es\/historia\/cine-avenida\/","title":{"rendered":"CINE AVENIDA"},"content":{"rendered":"<b>\u00c1lvaro Garc\u00eda<\/b><hr><hr>El 12 de octubre de 1946 el empresario <b>Don Lorenzo Quiles Boix<\/b> abre en la calle <b>\u201cEl Filet de fora\u201d<\/b> el <b>Cine Avenida<\/b>, proyecto dise\u00f1ado por el arquitecto <b>Don Santiago P\u00e9rez Aracil<\/b>, ese d\u00eda se proyect\u00f3 la pel\u00edcula <b>\u201cRutas infernales\u201d<\/b> protagonizada por el actor ,<b>John Wayne<\/b>, formaba junto al <b>Vine Victoria<\/b> y el <b>Cine Ideal<\/b> un mismo grupo, realizando la publicidad en conjunto los tres.\nEn 1956 se produce una reforma integral del cine, por parte del mismo arquitecto y se moderniza instalando una  pantalla en Cinemascope.<br>\n\n\nEn los a\u00f1os cincuenta su programaci\u00f3n cinematogr\u00e1fica se combinaba con espect\u00e1culos de Comedia, Variettes, lucha libre y boxeo. En la d\u00e9cada de los sesenta se transform\u00f3 en una Sala de Arte y Ensayo. Entre 1974 y 1976 fue sede del <b>Cine Club Luis Bu\u00f1uel<\/b>, terminando sus d\u00edas como sala de Cine X hasta cerrar sus puertas a comienzo de los noventa. En el a\u00f1o 1995 se produce un incendio que acaba con el edificio, siendo demolido en el a\u00f1o 2001.<hr>\n\nFotograf\u00eda de Gaspar Ja\u00e9n i Urb\u00e1n del a\u00f1o 1977.\n\nFuente: C\u00e1tedra Pedro Ibarra.\n\n<img decoding=\"async\" src=\"https:\/\/raval.es\/historia\/wp-content\/uploads\/2025\/05\/FB_IMG_1746514950967.jpg\" alt=\"\" class=\"wp-image-1065\"\/><\/figure>\n<!-- \/wp:post-content -->","protected":false},"excerpt":{"rendered":"<p>\u00c1lvaro Garc\u00eda El 12 de octubre de 1946 el empresario Don Lorenzo Quiles Boix abre en&hellip;<\/p>\n","protected":false},"author":1,"featured_media":1274,"comment_status":"closed","ping_status":"closed","sticky":false,"template":"","format":"standard","meta":{"footnotes":""},"categories":[56],"tags":[82,25],"class_list":["post-1275","post","type-post","status-publish","format-standard","has-post-thumbnail","hentry","category-historia","tag-cine-avenida","tag-historia"],"yoast_head":"<!-- This site is optimized with the Yoast SEO plugin v25.7 - https:\/\/yoast.com\/wordpress\/plugins\/seo\/ -->\n<title>CINE AVENIDA - Raval Hist\u00f2ric<\/title>\n<meta name=\"robots\" content=\"index, follow, max-snippet:-1, max-image-preview:large, max-video-preview:-1\" \/>\n<link rel=\"canonical\" href=\"https:\/\/raval.es\/historia\/cine-avenida\/\" \/>\n<meta property=\"og:locale\" content=\"es_ES\" \/>\n<meta property=\"og:type\" content=\"article\" \/>\n<meta property=\"og:title\" content=\"CINE AVENIDA - Raval Hist\u00f2ric\" \/>\n<meta property=\"og:description\" content=\"\u00c1lvaro Garc\u00eda El 12 de octubre de 1946 el empresario Don Lorenzo Quiles Boix abre en&hellip;\" \/>\n<meta property=\"og:url\" content=\"https:\/\/raval.es\/historia\/cine-avenida\/\" \/>\n<meta property=\"og:site_name\" content=\"Raval Hist\u00f2ric\" \/>\n<meta property=\"article:publisher\" content=\"https:\/\/www.facebook.com\/ravaldelx\/\" \/>\n<meta property=\"article:published_time\" content=\"2025-05-06T07:18:36+00:00\" \/>\n<meta property=\"article:modified_time\" content=\"2025-05-06T07:26:10+00:00\" \/>\n<meta property=\"og:image\" content=\"https:\/\/raval.es\/historia\/wp-content\/uploads\/2025\/05\/FB_IMG_1746508059598.jpg\" \/>\n\t<meta property=\"og:image:width\" content=\"952\" \/>\n\t<meta property=\"og:image:height\" content=\"658\" \/>\n\t<meta property=\"og:image:type\" content=\"image\/jpeg\" \/>\n<meta name=\"author\" content=\"jaume\" \/>\n<meta name=\"twitter:card\" content=\"summary_large_image\" \/>\n<meta name=\"twitter:label1\" content=\"Escrito por\" \/>\n\t<meta name=\"twitter:data1\" content=\"jaume\" \/>\n\t<meta name=\"twitter:label2\" content=\"Tiempo de lectura\" \/>\n\t<meta name=\"twitter:data2\" content=\"1 minuto\" \/>\n<script type=\"application\/ld+json\" class=\"yoast-schema-graph\">{\"@context\":\"https:\/\/schema.org\",\"@graph\":[{\"@type\":\"Article\",\"@id\":\"https:\/\/raval.es\/historia\/cine-avenida\/#article\",\"isPartOf\":{\"@id\":\"https:\/\/raval.es\/historia\/cine-avenida\/\"},\"author\":{\"name\":\"jaume\",\"@id\":\"https:\/\/raval.es\/historia\/#\/schema\/person\/40fb5d78383acffa8376684168f0b184\"},\"headline\":\"CINE AVENIDA\",\"datePublished\":\"2025-05-06T07:18:36+00:00\",\"dateModified\":\"2025-05-06T07:26:10+00:00\",\"mainEntityOfPage\":{\"@id\":\"https:\/\/raval.es\/historia\/cine-avenida\/\"},\"wordCount\":195,\"publisher\":{\"@id\":\"https:\/\/raval.es\/historia\/#organization\"},\"image\":{\"@id\":\"https:\/\/raval.es\/historia\/cine-avenida\/#primaryimage\"},\"thumbnailUrl\":\"https:\/\/raval.es\/historia\/wp-content\/uploads\/2025\/05\/FB_IMG_1746508059598.jpg\",\"keywords\":[\"Cine Avenida\",\"historia\"],\"articleSection\":[\"HISTORIA\"],\"inLanguage\":\"es\"},{\"@type\":\"WebPage\",\"@id\":\"https:\/\/raval.es\/historia\/cine-avenida\/\",\"url\":\"https:\/\/raval.es\/historia\/cine-avenida\/\",\"name\":\"CINE AVENIDA - Raval Hist\u00f2ric\",\"isPartOf\":{\"@id\":\"https:\/\/raval.es\/historia\/#website\"},\"primaryImageOfPage\":{\"@id\":\"https:\/\/raval.es\/historia\/cine-avenida\/#primaryimage\"},\"image\":{\"@id\":\"https:\/\/raval.es\/historia\/cine-avenida\/#primaryimage\"},\"thumbnailUrl\":\"https:\/\/raval.es\/historia\/wp-content\/uploads\/2025\/05\/FB_IMG_1746508059598.jpg\",\"datePublished\":\"2025-05-06T07:18:36+00:00\",\"dateModified\":\"2025-05-06T07:26:10+00:00\",\"breadcrumb\":{\"@id\":\"https:\/\/raval.es\/historia\/cine-avenida\/#breadcrumb\"},\"inLanguage\":\"es\",\"potentialAction\":[{\"@type\":\"ReadAction\",\"target\":[\"https:\/\/raval.es\/historia\/cine-avenida\/\"]}]},{\"@type\":\"ImageObject\",\"inLanguage\":\"es\",\"@id\":\"https:\/\/raval.es\/historia\/cine-avenida\/#primaryimage\",\"url\":\"https:\/\/raval.es\/historia\/wp-content\/uploads\/2025\/05\/FB_IMG_1746508059598.jpg\",\"contentUrl\":\"https:\/\/raval.es\/historia\/wp-content\/uploads\/2025\/05\/FB_IMG_1746508059598.jpg\",\"width\":952,\"height\":658},{\"@type\":\"BreadcrumbList\",\"@id\":\"https:\/\/raval.es\/historia\/cine-avenida\/#breadcrumb\",\"itemListElement\":[{\"@type\":\"ListItem\",\"position\":1,\"name\":\"Portada\",\"item\":\"https:\/\/raval.es\/historia\/\"},{\"@type\":\"ListItem\",\"position\":2,\"name\":\"CINE AVENIDA\"}]},{\"@type\":\"WebSite\",\"@id\":\"https:\/\/raval.es\/historia\/#website\",\"url\":\"https:\/\/raval.es\/historia\/\",\"name\":\"Raval Hist\u00f2ric\",\"description\":\"Un poble dins un poble\",\"publisher\":{\"@id\":\"https:\/\/raval.es\/historia\/#organization\"},\"potentialAction\":[{\"@type\":\"SearchAction\",\"target\":{\"@type\":\"EntryPoint\",\"urlTemplate\":\"https:\/\/raval.es\/historia\/?s={search_term_string}\"},\"query-input\":{\"@type\":\"PropertyValueSpecification\",\"valueRequired\":true,\"valueName\":\"search_term_string\"}}],\"inLanguage\":\"es\"},{\"@type\":\"Organization\",\"@id\":\"https:\/\/raval.es\/historia\/#organization\",\"name\":\"AV Raval\",\"alternateName\":\"Raval Hist\u00f2ric\",\"url\":\"https:\/\/raval.es\/historia\/\",\"logo\":{\"@type\":\"ImageObject\",\"inLanguage\":\"es\",\"@id\":\"https:\/\/raval.es\/historia\/#\/schema\/logo\/image\/\",\"url\":\"https:\/\/raval.es\/historia\/wp-content\/uploads\/2024\/12\/IMG_20241220_122838.jpg\",\"contentUrl\":\"https:\/\/raval.es\/historia\/wp-content\/uploads\/2024\/12\/IMG_20241220_122838.jpg\",\"width\":650,\"height\":318,\"caption\":\"AV Raval\"},\"image\":{\"@id\":\"https:\/\/raval.es\/historia\/#\/schema\/logo\/image\/\"},\"sameAs\":[\"https:\/\/www.facebook.com\/ravaldelx\/\",\"https:\/\/www.instagram.com\/avvraval.elx\/\"]},{\"@type\":\"Person\",\"@id\":\"https:\/\/raval.es\/historia\/#\/schema\/person\/40fb5d78383acffa8376684168f0b184\",\"name\":\"jaume\",\"sameAs\":[\"https:\/\/raval.es\/historia\"],\"url\":\"https:\/\/raval.es\/historia\/author\/olmo\/\"}]}<\/script>\n<!-- \/ Yoast SEO plugin. -->","yoast_head_json":{"title":"CINE AVENIDA - Raval Hist\u00f2ric","robots":{"index":"index","follow":"follow","max-snippet":"max-snippet:-1","max-image-preview":"max-image-preview:large","max-video-preview":"max-video-preview:-1"},"canonical":"https:\/\/raval.es\/historia\/cine-avenida\/","og_locale":"es_ES","og_type":"article","og_title":"CINE AVENIDA - Raval Hist\u00f2ric","og_description":"\u00c1lvaro Garc\u00eda El 12 de octubre de 1946 el empresario Don Lorenzo Quiles Boix abre en&hellip;","og_url":"https:\/\/raval.es\/historia\/cine-avenida\/","og_site_name":"Raval Hist\u00f2ric","article_publisher":"https:\/\/www.facebook.com\/ravaldelx\/","article_published_time":"2025-05-06T07:18:36+00:00","article_modified_time":"2025-05-06T07:26:10+00:00","og_image":[{"width":952,"height":658,"url":"https:\/\/raval.es\/historia\/wp-content\/uploads\/2025\/05\/FB_IMG_1746508059598.jpg","type":"image\/jpeg"}],"author":"jaume","twitter_card":"summary_large_image","twitter_misc":{"Escrito por":"jaume","Tiempo de lectura":"1 minuto"},"schema":{"@context":"https:\/\/schema.org","@graph":[{"@type":"Article","@id":"https:\/\/raval.es\/historia\/cine-avenida\/#article","isPartOf":{"@id":"https:\/\/raval.es\/historia\/cine-avenida\/"},"author":{"name":"jaume","@id":"https:\/\/raval.es\/historia\/#\/schema\/person\/40fb5d78383acffa8376684168f0b184"},"headline":"CINE AVENIDA","datePublished":"2025-05-06T07:18:36+00:00","dateModified":"2025-05-06T07:26:10+00:00","mainEntityOfPage":{"@id":"https:\/\/raval.es\/historia\/cine-avenida\/"},"wordCount":195,"publisher":{"@id":"https:\/\/raval.es\/historia\/#organization"},"image":{"@id":"https:\/\/raval.es\/historia\/cine-avenida\/#primaryimage"},"thumbnailUrl":"https:\/\/raval.es\/historia\/wp-content\/uploads\/2025\/05\/FB_IMG_1746508059598.jpg","keywords":["Cine Avenida","historia"],"articleSection":["HISTORIA"],"inLanguage":"es"},{"@type":"WebPage","@id":"https:\/\/raval.es\/historia\/cine-avenida\/","url":"https:\/\/raval.es\/historia\/cine-avenida\/","name":"CINE AVENIDA - Raval Hist\u00f2ric","isPartOf":{"@id":"https:\/\/raval.es\/historia\/#website"},"primaryImageOfPage":{"@id":"https:\/\/raval.es\/historia\/cine-avenida\/#primaryimage"},"image":{"@id":"https:\/\/raval.es\/historia\/cine-avenida\/#primaryimage"},"thumbnailUrl":"https:\/\/raval.es\/historia\/wp-content\/uploads\/2025\/05\/FB_IMG_1746508059598.jpg","datePublished":"2025-05-06T07:18:36+00:00","dateModified":"2025-05-06T07:26:10+00:00","breadcrumb":{"@id":"https:\/\/raval.es\/historia\/cine-avenida\/#breadcrumb"},"inLanguage":"es","potentialAction":[{"@type":"ReadAction","target":["https:\/\/raval.es\/historia\/cine-avenida\/"]}]},{"@type":"ImageObject","inLanguage":"es","@id":"https:\/\/raval.es\/historia\/cine-avenida\/#primaryimage","url":"https:\/\/raval.es\/historia\/wp-content\/uploads\/2025\/05\/FB_IMG_1746508059598.jpg","contentUrl":"https:\/\/raval.es\/historia\/wp-content\/uploads\/2025\/05\/FB_IMG_1746508059598.jpg","width":952,"height":658},{"@type":"BreadcrumbList","@id":"https:\/\/raval.es\/historia\/cine-avenida\/#breadcrumb","itemListElement":[{"@type":"ListItem","position":1,"name":"Portada","item":"https:\/\/raval.es\/historia\/"},{"@type":"ListItem","position":2,"name":"CINE AVENIDA"}]},{"@type":"WebSite","@id":"https:\/\/raval.es\/historia\/#website","url":"https:\/\/raval.es\/historia\/","name":"Raval Hist\u00f2ric","description":"Un poble dins un poble","publisher":{"@id":"https:\/\/raval.es\/historia\/#organization"},"potentialAction":[{"@type":"SearchAction","target":{"@type":"EntryPoint","urlTemplate":"https:\/\/raval.es\/historia\/?s={search_term_string}"},"query-input":{"@type":"PropertyValueSpecification","valueRequired":true,"valueName":"search_term_string"}}],"inLanguage":"es"},{"@type":"Organization","@id":"https:\/\/raval.es\/historia\/#organization","name":"AV Raval","alternateName":"Raval Hist\u00f2ric","url":"https:\/\/raval.es\/historia\/","logo":{"@type":"ImageObject","inLanguage":"es","@id":"https:\/\/raval.es\/historia\/#\/schema\/logo\/image\/","url":"https:\/\/raval.es\/historia\/wp-content\/uploads\/2024\/12\/IMG_20241220_122838.jpg","contentUrl":"https:\/\/raval.es\/historia\/wp-content\/uploads\/2024\/12\/IMG_20241220_122838.jpg","width":650,"height":318,"caption":"AV Raval"},"image":{"@id":"https:\/\/raval.es\/historia\/#\/schema\/logo\/image\/"},"sameAs":["https:\/\/www.facebook.com\/ravaldelx\/","https:\/\/www.instagram.com\/avvraval.elx\/"]},{"@type":"Person","@id":"https:\/\/raval.es\/historia\/#\/schema\/person\/40fb5d78383acffa8376684168f0b184","name":"jaume","sameAs":["https:\/\/raval.es\/historia"],"url":"https:\/\/raval.es\/historia\/author\/olmo\/"}]}},"_links":{"self":[{"href":"https:\/\/raval.es\/historia\/wp-json\/wp\/v2\/posts\/1275","targetHints":{"allow":["GET"]}}],"collection":[{"href":"https:\/\/raval.es\/historia\/wp-json\/wp\/v2\/posts"}],"about":[{"href":"https:\/\/raval.es\/historia\/wp-json\/wp\/v2\/types\/post"}],"author":[{"embeddable":true,"href":"https:\/\/raval.es\/historia\/wp-json\/wp\/v2\/users\/1"}],"replies":[{"embeddable":true,"href":"https:\/\/raval.es\/historia\/wp-json\/wp\/v2\/comments?post=1275"}],"version-history":[{"count":12,"href":"https:\/\/raval.es\/historia\/wp-json\/wp\/v2\/posts\/1275\/revisions"}],"predecessor-version":[{"id":1291,"href":"https:\/\/raval.es\/historia\/wp-json\/wp\/v2\/posts\/1275\/revisions\/1291"}],"wp:featuredmedia":[{"embeddable":true,"href":"https:\/\/raval.es\/historia\/wp-json\/wp\/v2\/media\/1274"}],"wp:attachment":[{"href":"https:\/\/raval.es\/historia\/wp-json\/wp\/v2\/media?parent=1275"}],"wp:term":[{"taxonomy":"category","embeddable":true,"href":"https:\/\/raval.es\/historia\/wp-json\/wp\/v2\/categories?post=1275"},{"taxonomy":"post_tag","embeddable":true,"href":"https:\/\/raval.es\/historia\/wp-json\/wp\/v2\/tags?post=1275"}],"curies":[{"name":"wp","href":"https:\/\/api.w.org\/{rel}","templated":true}]}}