{"id":1500,"date":"2025-09-28T15:20:01","date_gmt":"2025-09-28T15:20:01","guid":{"rendered":"https:\/\/raval.es\/historia\/?p=1500"},"modified":"2026-02-06T11:27:30","modified_gmt":"2026-02-06T11:27:30","slug":"casa-masiano","status":"publish","type":"post","link":"https:\/\/raval.es\/historia\/casa-masiano\/","title":{"rendered":"CASA MASIANO"},"content":{"rendered":"<p><b>\u00c1lvaro Garc\u00eda<\/b><\/p>\n<hr>\n<p>Edificio de dos plantas terminado en 1909 hace ahora 116 a\u00f1os por iniciativa del empresario alpargatero don Jos\u00e9 Maci\u00e1 Mateu \u201cEl sord\u201d quien no pudo ver finalizada la obra que  permaneci\u00f3 en r\u00e9gimen de alquiler por su hijo Sebasti\u00e1n Maci\u00e1, quien lleg\u00f3 a ser alcalde de Elche y junto a sus hermanos, due\u00f1o de la f\u00e1brica Vda. de Maci\u00e1, actual Colegio Candalix. Uno de sus primeros inquilinos fue el ingeniero catal\u00e1n que en 1918 ayud\u00f3 a construir la nueva f\u00e1brica textil Ferr\u00e1ndez y Compa\u00f1\u00eda. Fue en los a\u00f1os 50 cuando Rafael Boix (Masiano) compra la casa a petici\u00f3n de su esposa Concha, un esfuerzo econ\u00f3mico que lograron superar con los a\u00f1os, se da la circunstancia que el propietario que les vendi\u00f3, se converti\u00f3, a\u00f1os despu\u00e9s, en su consuegro. En la actualidad sigue habitada por una nieta de Rafael y Concha.<\/p>\n<p>De estilo Modernista es un ejemplo de la arquitectura burguesa ilicitana de comienzos del siglo XX que formaba un conjunto en su estilo a lo largo de toda la calle San Jorge y que pr\u00e1cticamente ha desaparecido.<\/p>\n<p>En su exterior destacan los balcones de forja con adornos florales, destacan los azulejos vidriados de la fachada en dos colores, verde y rojo y los remates de piedra en cornisas y esquinas. La puerta de entrada de madera tallada conserva en su dintel esculpido en piedra el a\u00f1o de su terminaci\u00f3n, 1909. El interior tiene una hermosa escalera de acceso a los dormitorios de la planta superior y los techos de la entrada est\u00e1n decorados con pinturas al fresco.<\/p>\n<p>El edificio est\u00e1 protegido desde 1982 por el Ayuntamiento y catalogado bajo el c\u00f3digo D-70. <\/p>\n<hr>\n<p>Fotograf\u00eda Casa de Masiano tomada en 1977<\/p>\n<p>Fuente: Gaspar Ja\u00e9n i Urb\u00e1n<\/p>\n","protected":false},"excerpt":{"rendered":"<p>\u00c1lvaro Garc\u00eda Edificio de dos plantas terminado en 1909 hace ahora 116 a\u00f1os por iniciativa del&hellip;<\/p>\n","protected":false},"author":1,"featured_media":1499,"comment_status":"closed","ping_status":"closed","sticky":false,"template":"","format":"standard","meta":{"footnotes":""},"categories":[56],"tags":[],"class_list":["post-1500","post","type-post","status-publish","format-standard","has-post-thumbnail","hentry","category-historia"],"yoast_head":"<!-- This site is optimized with the Yoast SEO plugin v25.7 - https:\/\/yoast.com\/wordpress\/plugins\/seo\/ -->\n<title>CASA MASIANO - Raval Hist\u00f2ric<\/title>\n<meta name=\"robots\" content=\"index, follow, max-snippet:-1, max-image-preview:large, max-video-preview:-1\" \/>\n<link rel=\"canonical\" href=\"https:\/\/raval.es\/historia\/casa-masiano\/\" \/>\n<meta property=\"og:locale\" content=\"es_ES\" \/>\n<meta property=\"og:type\" content=\"article\" \/>\n<meta property=\"og:title\" content=\"CASA MASIANO - Raval Hist\u00f2ric\" \/>\n<meta property=\"og:description\" content=\"\u00c1lvaro Garc\u00eda Edificio de dos plantas terminado en 1909 hace ahora 116 a\u00f1os por iniciativa del&hellip;\" \/>\n<meta property=\"og:url\" content=\"https:\/\/raval.es\/historia\/casa-masiano\/\" \/>\n<meta property=\"og:site_name\" content=\"Raval Hist\u00f2ric\" \/>\n<meta property=\"article:publisher\" content=\"https:\/\/www.facebook.com\/ravaldelx\/\" \/>\n<meta property=\"article:published_time\" content=\"2025-09-28T15:20:01+00:00\" \/>\n<meta property=\"article:modified_time\" content=\"2026-02-06T11:27:30+00:00\" \/>\n<meta property=\"og:image\" content=\"https:\/\/raval.es\/historia\/wp-content\/uploads\/2025\/09\/FB_IMG_1758958503917.jpg\" \/>\n\t<meta property=\"og:image:width\" content=\"767\" \/>\n\t<meta property=\"og:image:height\" content=\"1087\" \/>\n\t<meta property=\"og:image:type\" content=\"image\/jpeg\" \/>\n<meta name=\"author\" content=\"jaume\" \/>\n<meta name=\"twitter:card\" content=\"summary_large_image\" \/>\n<meta name=\"twitter:label1\" content=\"Escrito por\" \/>\n\t<meta name=\"twitter:data1\" content=\"jaume\" \/>\n\t<meta name=\"twitter:label2\" content=\"Tiempo de lectura\" \/>\n\t<meta name=\"twitter:data2\" content=\"2 minutos\" \/>\n<script type=\"application\/ld+json\" class=\"yoast-schema-graph\">{\"@context\":\"https:\/\/schema.org\",\"@graph\":[{\"@type\":\"Article\",\"@id\":\"https:\/\/raval.es\/historia\/casa-masiano\/#article\",\"isPartOf\":{\"@id\":\"https:\/\/raval.es\/historia\/casa-masiano\/\"},\"author\":{\"name\":\"jaume\",\"@id\":\"https:\/\/raval.es\/historia\/#\/schema\/person\/40fb5d78383acffa8376684168f0b184\"},\"headline\":\"CASA MASIANO\",\"datePublished\":\"2025-09-28T15:20:01+00:00\",\"dateModified\":\"2026-02-06T11:27:30+00:00\",\"mainEntityOfPage\":{\"@id\":\"https:\/\/raval.es\/historia\/casa-masiano\/\"},\"wordCount\":305,\"publisher\":{\"@id\":\"https:\/\/raval.es\/historia\/#organization\"},\"image\":{\"@id\":\"https:\/\/raval.es\/historia\/casa-masiano\/#primaryimage\"},\"thumbnailUrl\":\"https:\/\/raval.es\/historia\/wp-content\/uploads\/2025\/09\/FB_IMG_1758958503917.jpg\",\"articleSection\":[\"HISTORIA\"],\"inLanguage\":\"es\"},{\"@type\":\"WebPage\",\"@id\":\"https:\/\/raval.es\/historia\/casa-masiano\/\",\"url\":\"https:\/\/raval.es\/historia\/casa-masiano\/\",\"name\":\"CASA MASIANO - Raval Hist\u00f2ric\",\"isPartOf\":{\"@id\":\"https:\/\/raval.es\/historia\/#website\"},\"primaryImageOfPage\":{\"@id\":\"https:\/\/raval.es\/historia\/casa-masiano\/#primaryimage\"},\"image\":{\"@id\":\"https:\/\/raval.es\/historia\/casa-masiano\/#primaryimage\"},\"thumbnailUrl\":\"https:\/\/raval.es\/historia\/wp-content\/uploads\/2025\/09\/FB_IMG_1758958503917.jpg\",\"datePublished\":\"2025-09-28T15:20:01+00:00\",\"dateModified\":\"2026-02-06T11:27:30+00:00\",\"breadcrumb\":{\"@id\":\"https:\/\/raval.es\/historia\/casa-masiano\/#breadcrumb\"},\"inLanguage\":\"es\",\"potentialAction\":[{\"@type\":\"ReadAction\",\"target\":[\"https:\/\/raval.es\/historia\/casa-masiano\/\"]}]},{\"@type\":\"ImageObject\",\"inLanguage\":\"es\",\"@id\":\"https:\/\/raval.es\/historia\/casa-masiano\/#primaryimage\",\"url\":\"https:\/\/raval.es\/historia\/wp-content\/uploads\/2025\/09\/FB_IMG_1758958503917.jpg\",\"contentUrl\":\"https:\/\/raval.es\/historia\/wp-content\/uploads\/2025\/09\/FB_IMG_1758958503917.jpg\",\"width\":767,\"height\":1087},{\"@type\":\"BreadcrumbList\",\"@id\":\"https:\/\/raval.es\/historia\/casa-masiano\/#breadcrumb\",\"itemListElement\":[{\"@type\":\"ListItem\",\"position\":1,\"name\":\"Portada\",\"item\":\"https:\/\/raval.es\/historia\/\"},{\"@type\":\"ListItem\",\"position\":2,\"name\":\"CASA MASIANO\"}]},{\"@type\":\"WebSite\",\"@id\":\"https:\/\/raval.es\/historia\/#website\",\"url\":\"https:\/\/raval.es\/historia\/\",\"name\":\"Raval Hist\u00f2ric\",\"description\":\"Un poble dins un poble\",\"publisher\":{\"@id\":\"https:\/\/raval.es\/historia\/#organization\"},\"potentialAction\":[{\"@type\":\"SearchAction\",\"target\":{\"@type\":\"EntryPoint\",\"urlTemplate\":\"https:\/\/raval.es\/historia\/?s={search_term_string}\"},\"query-input\":{\"@type\":\"PropertyValueSpecification\",\"valueRequired\":true,\"valueName\":\"search_term_string\"}}],\"inLanguage\":\"es\"},{\"@type\":\"Organization\",\"@id\":\"https:\/\/raval.es\/historia\/#organization\",\"name\":\"AV Raval\",\"alternateName\":\"Raval Hist\u00f2ric\",\"url\":\"https:\/\/raval.es\/historia\/\",\"logo\":{\"@type\":\"ImageObject\",\"inLanguage\":\"es\",\"@id\":\"https:\/\/raval.es\/historia\/#\/schema\/logo\/image\/\",\"url\":\"https:\/\/raval.es\/historia\/wp-content\/uploads\/2024\/12\/IMG_20241220_122838.jpg\",\"contentUrl\":\"https:\/\/raval.es\/historia\/wp-content\/uploads\/2024\/12\/IMG_20241220_122838.jpg\",\"width\":650,\"height\":318,\"caption\":\"AV Raval\"},\"image\":{\"@id\":\"https:\/\/raval.es\/historia\/#\/schema\/logo\/image\/\"},\"sameAs\":[\"https:\/\/www.facebook.com\/ravaldelx\/\",\"https:\/\/www.instagram.com\/avvraval.elx\/\"]},{\"@type\":\"Person\",\"@id\":\"https:\/\/raval.es\/historia\/#\/schema\/person\/40fb5d78383acffa8376684168f0b184\",\"name\":\"jaume\",\"sameAs\":[\"https:\/\/raval.es\/historia\"],\"url\":\"https:\/\/raval.es\/historia\/author\/olmo\/\"}]}<\/script>\n<!-- \/ Yoast SEO plugin. -->","yoast_head_json":{"title":"CASA MASIANO - Raval Hist\u00f2ric","robots":{"index":"index","follow":"follow","max-snippet":"max-snippet:-1","max-image-preview":"max-image-preview:large","max-video-preview":"max-video-preview:-1"},"canonical":"https:\/\/raval.es\/historia\/casa-masiano\/","og_locale":"es_ES","og_type":"article","og_title":"CASA MASIANO - Raval Hist\u00f2ric","og_description":"\u00c1lvaro Garc\u00eda Edificio de dos plantas terminado en 1909 hace ahora 116 a\u00f1os por iniciativa del&hellip;","og_url":"https:\/\/raval.es\/historia\/casa-masiano\/","og_site_name":"Raval Hist\u00f2ric","article_publisher":"https:\/\/www.facebook.com\/ravaldelx\/","article_published_time":"2025-09-28T15:20:01+00:00","article_modified_time":"2026-02-06T11:27:30+00:00","og_image":[{"width":767,"height":1087,"url":"https:\/\/raval.es\/historia\/wp-content\/uploads\/2025\/09\/FB_IMG_1758958503917.jpg","type":"image\/jpeg"}],"author":"jaume","twitter_card":"summary_large_image","twitter_misc":{"Escrito por":"jaume","Tiempo de lectura":"2 minutos"},"schema":{"@context":"https:\/\/schema.org","@graph":[{"@type":"Article","@id":"https:\/\/raval.es\/historia\/casa-masiano\/#article","isPartOf":{"@id":"https:\/\/raval.es\/historia\/casa-masiano\/"},"author":{"name":"jaume","@id":"https:\/\/raval.es\/historia\/#\/schema\/person\/40fb5d78383acffa8376684168f0b184"},"headline":"CASA MASIANO","datePublished":"2025-09-28T15:20:01+00:00","dateModified":"2026-02-06T11:27:30+00:00","mainEntityOfPage":{"@id":"https:\/\/raval.es\/historia\/casa-masiano\/"},"wordCount":305,"publisher":{"@id":"https:\/\/raval.es\/historia\/#organization"},"image":{"@id":"https:\/\/raval.es\/historia\/casa-masiano\/#primaryimage"},"thumbnailUrl":"https:\/\/raval.es\/historia\/wp-content\/uploads\/2025\/09\/FB_IMG_1758958503917.jpg","articleSection":["HISTORIA"],"inLanguage":"es"},{"@type":"WebPage","@id":"https:\/\/raval.es\/historia\/casa-masiano\/","url":"https:\/\/raval.es\/historia\/casa-masiano\/","name":"CASA MASIANO - Raval Hist\u00f2ric","isPartOf":{"@id":"https:\/\/raval.es\/historia\/#website"},"primaryImageOfPage":{"@id":"https:\/\/raval.es\/historia\/casa-masiano\/#primaryimage"},"image":{"@id":"https:\/\/raval.es\/historia\/casa-masiano\/#primaryimage"},"thumbnailUrl":"https:\/\/raval.es\/historia\/wp-content\/uploads\/2025\/09\/FB_IMG_1758958503917.jpg","datePublished":"2025-09-28T15:20:01+00:00","dateModified":"2026-02-06T11:27:30+00:00","breadcrumb":{"@id":"https:\/\/raval.es\/historia\/casa-masiano\/#breadcrumb"},"inLanguage":"es","potentialAction":[{"@type":"ReadAction","target":["https:\/\/raval.es\/historia\/casa-masiano\/"]}]},{"@type":"ImageObject","inLanguage":"es","@id":"https:\/\/raval.es\/historia\/casa-masiano\/#primaryimage","url":"https:\/\/raval.es\/historia\/wp-content\/uploads\/2025\/09\/FB_IMG_1758958503917.jpg","contentUrl":"https:\/\/raval.es\/historia\/wp-content\/uploads\/2025\/09\/FB_IMG_1758958503917.jpg","width":767,"height":1087},{"@type":"BreadcrumbList","@id":"https:\/\/raval.es\/historia\/casa-masiano\/#breadcrumb","itemListElement":[{"@type":"ListItem","position":1,"name":"Portada","item":"https:\/\/raval.es\/historia\/"},{"@type":"ListItem","position":2,"name":"CASA MASIANO"}]},{"@type":"WebSite","@id":"https:\/\/raval.es\/historia\/#website","url":"https:\/\/raval.es\/historia\/","name":"Raval Hist\u00f2ric","description":"Un poble dins un poble","publisher":{"@id":"https:\/\/raval.es\/historia\/#organization"},"potentialAction":[{"@type":"SearchAction","target":{"@type":"EntryPoint","urlTemplate":"https:\/\/raval.es\/historia\/?s={search_term_string}"},"query-input":{"@type":"PropertyValueSpecification","valueRequired":true,"valueName":"search_term_string"}}],"inLanguage":"es"},{"@type":"Organization","@id":"https:\/\/raval.es\/historia\/#organization","name":"AV Raval","alternateName":"Raval Hist\u00f2ric","url":"https:\/\/raval.es\/historia\/","logo":{"@type":"ImageObject","inLanguage":"es","@id":"https:\/\/raval.es\/historia\/#\/schema\/logo\/image\/","url":"https:\/\/raval.es\/historia\/wp-content\/uploads\/2024\/12\/IMG_20241220_122838.jpg","contentUrl":"https:\/\/raval.es\/historia\/wp-content\/uploads\/2024\/12\/IMG_20241220_122838.jpg","width":650,"height":318,"caption":"AV Raval"},"image":{"@id":"https:\/\/raval.es\/historia\/#\/schema\/logo\/image\/"},"sameAs":["https:\/\/www.facebook.com\/ravaldelx\/","https:\/\/www.instagram.com\/avvraval.elx\/"]},{"@type":"Person","@id":"https:\/\/raval.es\/historia\/#\/schema\/person\/40fb5d78383acffa8376684168f0b184","name":"jaume","sameAs":["https:\/\/raval.es\/historia"],"url":"https:\/\/raval.es\/historia\/author\/olmo\/"}]}},"_links":{"self":[{"href":"https:\/\/raval.es\/historia\/wp-json\/wp\/v2\/posts\/1500","targetHints":{"allow":["GET"]}}],"collection":[{"href":"https:\/\/raval.es\/historia\/wp-json\/wp\/v2\/posts"}],"about":[{"href":"https:\/\/raval.es\/historia\/wp-json\/wp\/v2\/types\/post"}],"author":[{"embeddable":true,"href":"https:\/\/raval.es\/historia\/wp-json\/wp\/v2\/users\/1"}],"replies":[{"embeddable":true,"href":"https:\/\/raval.es\/historia\/wp-json\/wp\/v2\/comments?post=1500"}],"version-history":[{"count":7,"href":"https:\/\/raval.es\/historia\/wp-json\/wp\/v2\/posts\/1500\/revisions"}],"predecessor-version":[{"id":1529,"href":"https:\/\/raval.es\/historia\/wp-json\/wp\/v2\/posts\/1500\/revisions\/1529"}],"wp:featuredmedia":[{"embeddable":true,"href":"https:\/\/raval.es\/historia\/wp-json\/wp\/v2\/media\/1499"}],"wp:attachment":[{"href":"https:\/\/raval.es\/historia\/wp-json\/wp\/v2\/media?parent=1500"}],"wp:term":[{"taxonomy":"category","embeddable":true,"href":"https:\/\/raval.es\/historia\/wp-json\/wp\/v2\/categories?post=1500"},{"taxonomy":"post_tag","embeddable":true,"href":"https:\/\/raval.es\/historia\/wp-json\/wp\/v2\/tags?post=1500"}],"curies":[{"name":"wp","href":"https:\/\/api.w.org\/{rel}","templated":true}]}}