{"id":1563,"date":"2026-02-10T15:53:45","date_gmt":"2026-02-10T15:53:45","guid":{"rendered":"https:\/\/raval.es\/historia\/?p=1563"},"modified":"2026-02-22T18:01:57","modified_gmt":"2026-02-22T18:01:57","slug":"porquet-de-sant-antoni","status":"publish","type":"post","link":"https:\/\/raval.es\/historia\/porquet-de-sant-antoni\/","title":{"rendered":"PORQUET DE SANT ANTONI"},"content":{"rendered":"<p>Calle del raval con El \u00abPorquet de Sant Antoni\u00bb (Rinc\u00f3n del Tio Pascual)<\/p>\n<hr>\n<p><b>\u00c1lvaro Garc\u00eda<\/b><\/p>\n<hr>\n<p>Elche y sus pedan\u00edas han tenido costumbres derivadas de su condici\u00f3n de pueblo agr\u00edcola, como era la cr\u00eda del cerdo, tanto en las casas del \u201cCamp como del Poble d\u2019Elx\u201d, dicha tradici\u00f3n ancestral conclu\u00eda con la matanza que se realizaba con el frio del invierno coincidiendo con la fiesta de Sant Antoni.<\/p>\n<p>Tras los episodios de c\u00f3lera padecidos en Elche en el a\u00f1o 1890, el ayuntamiento endurece las normas sanitarias que afectan a los usos y costumbres seculares de la poblaci\u00f3n, regulando la cr\u00eda, sacrificio y posterior venta de la carne de cerdo, lo que origin\u00f3  multiplicar las solicitudes de autorizaci\u00f3n de la tradicional matanza, que los comerciantes del mercado presionar\u00e1n para que se proh\u00edba.  <\/p>\n<p>No obstante, la \u201cmatanza del cerdo\u201d \u2013o del porc- se encontraba muy arraigada en toda la cultura mediterr\u00e1nea y ser\u00e1 dif\u00edcil de combatir.  <\/p>\n<p>Dicha prohibici\u00f3n ser\u00e1 uno de los factores m\u00e1s importantes de ruptura entre la ciudad rural y la apertura a la nueva ciudad industrial. Durante toda la \u00faltima d\u00e9cada del siglo XIX y a\u00fan ya avanzado el siglo XX, abundar\u00e1n las denuncias por cr\u00eda de cerdos en las casas, vulgarmente llamado \u201cPorquet de Sant Antoni\u201d hasta su total desaparici\u00f3n como costumbre de la poblaci\u00f3n ilicitana.<\/p>\n<hr>\n<p>Fuente: Mar\u00eda Rosa G\u00f3mez Mart\u00ednez<\/p>\n","protected":false},"excerpt":{"rendered":"<p>Calle del raval con El \u00abPorquet de Sant Antoni\u00bb (Rinc\u00f3n del Tio Pascual) \u00c1lvaro Garc\u00eda Elche&hellip;<\/p>\n","protected":false},"author":1,"featured_media":1562,"comment_status":"closed","ping_status":"closed","sticky":false,"template":"","format":"standard","meta":{"footnotes":""},"categories":[68],"tags":[],"class_list":["post-1563","post","type-post","status-publish","format-standard","has-post-thumbnail","hentry","category-fotografias-3"],"yoast_head":"<!-- This site is optimized with the Yoast SEO plugin v25.7 - https:\/\/yoast.com\/wordpress\/plugins\/seo\/ -->\n<title>PORQUET DE SANT ANTONI - Raval Hist\u00f2ric<\/title>\n<meta name=\"robots\" content=\"index, follow, max-snippet:-1, max-image-preview:large, max-video-preview:-1\" \/>\n<link rel=\"canonical\" href=\"https:\/\/raval.es\/historia\/porquet-de-sant-antoni\/\" \/>\n<meta property=\"og:locale\" content=\"es_ES\" \/>\n<meta property=\"og:type\" content=\"article\" \/>\n<meta property=\"og:title\" content=\"PORQUET DE SANT ANTONI - Raval Hist\u00f2ric\" \/>\n<meta property=\"og:description\" content=\"Calle del raval con El \u00abPorquet de Sant Antoni\u00bb (Rinc\u00f3n del Tio Pascual) \u00c1lvaro Garc\u00eda Elche&hellip;\" \/>\n<meta property=\"og:url\" content=\"https:\/\/raval.es\/historia\/porquet-de-sant-antoni\/\" \/>\n<meta property=\"og:site_name\" content=\"Raval Hist\u00f2ric\" \/>\n<meta property=\"article:publisher\" content=\"https:\/\/www.facebook.com\/ravaldelx\/\" \/>\n<meta property=\"article:published_time\" content=\"2026-02-10T15:53:45+00:00\" \/>\n<meta property=\"article:modified_time\" content=\"2026-02-22T18:01:57+00:00\" \/>\n<meta property=\"og:image\" content=\"https:\/\/raval.es\/historia\/wp-content\/uploads\/2026\/02\/FB_IMG_1770738135297.jpg\" \/>\n\t<meta property=\"og:image:width\" content=\"1024\" \/>\n\t<meta property=\"og:image:height\" content=\"747\" \/>\n\t<meta property=\"og:image:type\" content=\"image\/jpeg\" \/>\n<meta name=\"author\" content=\"jaume\" \/>\n<meta name=\"twitter:card\" content=\"summary_large_image\" \/>\n<meta name=\"twitter:label1\" content=\"Escrito por\" \/>\n\t<meta name=\"twitter:data1\" content=\"jaume\" \/>\n\t<meta name=\"twitter:label2\" content=\"Tiempo de lectura\" \/>\n\t<meta name=\"twitter:data2\" content=\"2 minutos\" \/>\n<script type=\"application\/ld+json\" class=\"yoast-schema-graph\">{\"@context\":\"https:\/\/schema.org\",\"@graph\":[{\"@type\":\"Article\",\"@id\":\"https:\/\/raval.es\/historia\/porquet-de-sant-antoni\/#article\",\"isPartOf\":{\"@id\":\"https:\/\/raval.es\/historia\/porquet-de-sant-antoni\/\"},\"author\":{\"name\":\"jaume\",\"@id\":\"https:\/\/raval.es\/historia\/#\/schema\/person\/40fb5d78383acffa8376684168f0b184\"},\"headline\":\"PORQUET DE SANT ANTONI\",\"datePublished\":\"2026-02-10T15:53:45+00:00\",\"dateModified\":\"2026-02-22T18:01:57+00:00\",\"mainEntityOfPage\":{\"@id\":\"https:\/\/raval.es\/historia\/porquet-de-sant-antoni\/\"},\"wordCount\":254,\"publisher\":{\"@id\":\"https:\/\/raval.es\/historia\/#organization\"},\"image\":{\"@id\":\"https:\/\/raval.es\/historia\/porquet-de-sant-antoni\/#primaryimage\"},\"thumbnailUrl\":\"https:\/\/raval.es\/historia\/wp-content\/uploads\/2026\/02\/FB_IMG_1770738135297.jpg\",\"articleSection\":[\"FOTOGRAFIAS\"],\"inLanguage\":\"es\"},{\"@type\":\"WebPage\",\"@id\":\"https:\/\/raval.es\/historia\/porquet-de-sant-antoni\/\",\"url\":\"https:\/\/raval.es\/historia\/porquet-de-sant-antoni\/\",\"name\":\"PORQUET DE SANT ANTONI - Raval Hist\u00f2ric\",\"isPartOf\":{\"@id\":\"https:\/\/raval.es\/historia\/#website\"},\"primaryImageOfPage\":{\"@id\":\"https:\/\/raval.es\/historia\/porquet-de-sant-antoni\/#primaryimage\"},\"image\":{\"@id\":\"https:\/\/raval.es\/historia\/porquet-de-sant-antoni\/#primaryimage\"},\"thumbnailUrl\":\"https:\/\/raval.es\/historia\/wp-content\/uploads\/2026\/02\/FB_IMG_1770738135297.jpg\",\"datePublished\":\"2026-02-10T15:53:45+00:00\",\"dateModified\":\"2026-02-22T18:01:57+00:00\",\"breadcrumb\":{\"@id\":\"https:\/\/raval.es\/historia\/porquet-de-sant-antoni\/#breadcrumb\"},\"inLanguage\":\"es\",\"potentialAction\":[{\"@type\":\"ReadAction\",\"target\":[\"https:\/\/raval.es\/historia\/porquet-de-sant-antoni\/\"]}]},{\"@type\":\"ImageObject\",\"inLanguage\":\"es\",\"@id\":\"https:\/\/raval.es\/historia\/porquet-de-sant-antoni\/#primaryimage\",\"url\":\"https:\/\/raval.es\/historia\/wp-content\/uploads\/2026\/02\/FB_IMG_1770738135297.jpg\",\"contentUrl\":\"https:\/\/raval.es\/historia\/wp-content\/uploads\/2026\/02\/FB_IMG_1770738135297.jpg\",\"width\":1024,\"height\":747},{\"@type\":\"BreadcrumbList\",\"@id\":\"https:\/\/raval.es\/historia\/porquet-de-sant-antoni\/#breadcrumb\",\"itemListElement\":[{\"@type\":\"ListItem\",\"position\":1,\"name\":\"Portada\",\"item\":\"https:\/\/raval.es\/historia\/\"},{\"@type\":\"ListItem\",\"position\":2,\"name\":\"PORQUET DE SANT ANTONI\"}]},{\"@type\":\"WebSite\",\"@id\":\"https:\/\/raval.es\/historia\/#website\",\"url\":\"https:\/\/raval.es\/historia\/\",\"name\":\"Raval Hist\u00f2ric\",\"description\":\"Un poble dins un poble\",\"publisher\":{\"@id\":\"https:\/\/raval.es\/historia\/#organization\"},\"potentialAction\":[{\"@type\":\"SearchAction\",\"target\":{\"@type\":\"EntryPoint\",\"urlTemplate\":\"https:\/\/raval.es\/historia\/?s={search_term_string}\"},\"query-input\":{\"@type\":\"PropertyValueSpecification\",\"valueRequired\":true,\"valueName\":\"search_term_string\"}}],\"inLanguage\":\"es\"},{\"@type\":\"Organization\",\"@id\":\"https:\/\/raval.es\/historia\/#organization\",\"name\":\"AV Raval\",\"alternateName\":\"Raval Hist\u00f2ric\",\"url\":\"https:\/\/raval.es\/historia\/\",\"logo\":{\"@type\":\"ImageObject\",\"inLanguage\":\"es\",\"@id\":\"https:\/\/raval.es\/historia\/#\/schema\/logo\/image\/\",\"url\":\"https:\/\/raval.es\/historia\/wp-content\/uploads\/2024\/12\/IMG_20241220_122838.jpg\",\"contentUrl\":\"https:\/\/raval.es\/historia\/wp-content\/uploads\/2024\/12\/IMG_20241220_122838.jpg\",\"width\":650,\"height\":318,\"caption\":\"AV Raval\"},\"image\":{\"@id\":\"https:\/\/raval.es\/historia\/#\/schema\/logo\/image\/\"},\"sameAs\":[\"https:\/\/www.facebook.com\/ravaldelx\/\",\"https:\/\/www.instagram.com\/avvraval.elx\/\"]},{\"@type\":\"Person\",\"@id\":\"https:\/\/raval.es\/historia\/#\/schema\/person\/40fb5d78383acffa8376684168f0b184\",\"name\":\"jaume\",\"sameAs\":[\"https:\/\/raval.es\/historia\"],\"url\":\"https:\/\/raval.es\/historia\/author\/olmo\/\"}]}<\/script>\n<!-- \/ Yoast SEO plugin. -->","yoast_head_json":{"title":"PORQUET DE SANT ANTONI - Raval Hist\u00f2ric","robots":{"index":"index","follow":"follow","max-snippet":"max-snippet:-1","max-image-preview":"max-image-preview:large","max-video-preview":"max-video-preview:-1"},"canonical":"https:\/\/raval.es\/historia\/porquet-de-sant-antoni\/","og_locale":"es_ES","og_type":"article","og_title":"PORQUET DE SANT ANTONI - Raval Hist\u00f2ric","og_description":"Calle del raval con El \u00abPorquet de Sant Antoni\u00bb (Rinc\u00f3n del Tio Pascual) \u00c1lvaro Garc\u00eda Elche&hellip;","og_url":"https:\/\/raval.es\/historia\/porquet-de-sant-antoni\/","og_site_name":"Raval Hist\u00f2ric","article_publisher":"https:\/\/www.facebook.com\/ravaldelx\/","article_published_time":"2026-02-10T15:53:45+00:00","article_modified_time":"2026-02-22T18:01:57+00:00","og_image":[{"width":1024,"height":747,"url":"https:\/\/raval.es\/historia\/wp-content\/uploads\/2026\/02\/FB_IMG_1770738135297.jpg","type":"image\/jpeg"}],"author":"jaume","twitter_card":"summary_large_image","twitter_misc":{"Escrito por":"jaume","Tiempo de lectura":"2 minutos"},"schema":{"@context":"https:\/\/schema.org","@graph":[{"@type":"Article","@id":"https:\/\/raval.es\/historia\/porquet-de-sant-antoni\/#article","isPartOf":{"@id":"https:\/\/raval.es\/historia\/porquet-de-sant-antoni\/"},"author":{"name":"jaume","@id":"https:\/\/raval.es\/historia\/#\/schema\/person\/40fb5d78383acffa8376684168f0b184"},"headline":"PORQUET DE SANT ANTONI","datePublished":"2026-02-10T15:53:45+00:00","dateModified":"2026-02-22T18:01:57+00:00","mainEntityOfPage":{"@id":"https:\/\/raval.es\/historia\/porquet-de-sant-antoni\/"},"wordCount":254,"publisher":{"@id":"https:\/\/raval.es\/historia\/#organization"},"image":{"@id":"https:\/\/raval.es\/historia\/porquet-de-sant-antoni\/#primaryimage"},"thumbnailUrl":"https:\/\/raval.es\/historia\/wp-content\/uploads\/2026\/02\/FB_IMG_1770738135297.jpg","articleSection":["FOTOGRAFIAS"],"inLanguage":"es"},{"@type":"WebPage","@id":"https:\/\/raval.es\/historia\/porquet-de-sant-antoni\/","url":"https:\/\/raval.es\/historia\/porquet-de-sant-antoni\/","name":"PORQUET DE SANT ANTONI - Raval Hist\u00f2ric","isPartOf":{"@id":"https:\/\/raval.es\/historia\/#website"},"primaryImageOfPage":{"@id":"https:\/\/raval.es\/historia\/porquet-de-sant-antoni\/#primaryimage"},"image":{"@id":"https:\/\/raval.es\/historia\/porquet-de-sant-antoni\/#primaryimage"},"thumbnailUrl":"https:\/\/raval.es\/historia\/wp-content\/uploads\/2026\/02\/FB_IMG_1770738135297.jpg","datePublished":"2026-02-10T15:53:45+00:00","dateModified":"2026-02-22T18:01:57+00:00","breadcrumb":{"@id":"https:\/\/raval.es\/historia\/porquet-de-sant-antoni\/#breadcrumb"},"inLanguage":"es","potentialAction":[{"@type":"ReadAction","target":["https:\/\/raval.es\/historia\/porquet-de-sant-antoni\/"]}]},{"@type":"ImageObject","inLanguage":"es","@id":"https:\/\/raval.es\/historia\/porquet-de-sant-antoni\/#primaryimage","url":"https:\/\/raval.es\/historia\/wp-content\/uploads\/2026\/02\/FB_IMG_1770738135297.jpg","contentUrl":"https:\/\/raval.es\/historia\/wp-content\/uploads\/2026\/02\/FB_IMG_1770738135297.jpg","width":1024,"height":747},{"@type":"BreadcrumbList","@id":"https:\/\/raval.es\/historia\/porquet-de-sant-antoni\/#breadcrumb","itemListElement":[{"@type":"ListItem","position":1,"name":"Portada","item":"https:\/\/raval.es\/historia\/"},{"@type":"ListItem","position":2,"name":"PORQUET DE SANT ANTONI"}]},{"@type":"WebSite","@id":"https:\/\/raval.es\/historia\/#website","url":"https:\/\/raval.es\/historia\/","name":"Raval Hist\u00f2ric","description":"Un poble dins un poble","publisher":{"@id":"https:\/\/raval.es\/historia\/#organization"},"potentialAction":[{"@type":"SearchAction","target":{"@type":"EntryPoint","urlTemplate":"https:\/\/raval.es\/historia\/?s={search_term_string}"},"query-input":{"@type":"PropertyValueSpecification","valueRequired":true,"valueName":"search_term_string"}}],"inLanguage":"es"},{"@type":"Organization","@id":"https:\/\/raval.es\/historia\/#organization","name":"AV Raval","alternateName":"Raval Hist\u00f2ric","url":"https:\/\/raval.es\/historia\/","logo":{"@type":"ImageObject","inLanguage":"es","@id":"https:\/\/raval.es\/historia\/#\/schema\/logo\/image\/","url":"https:\/\/raval.es\/historia\/wp-content\/uploads\/2024\/12\/IMG_20241220_122838.jpg","contentUrl":"https:\/\/raval.es\/historia\/wp-content\/uploads\/2024\/12\/IMG_20241220_122838.jpg","width":650,"height":318,"caption":"AV Raval"},"image":{"@id":"https:\/\/raval.es\/historia\/#\/schema\/logo\/image\/"},"sameAs":["https:\/\/www.facebook.com\/ravaldelx\/","https:\/\/www.instagram.com\/avvraval.elx\/"]},{"@type":"Person","@id":"https:\/\/raval.es\/historia\/#\/schema\/person\/40fb5d78383acffa8376684168f0b184","name":"jaume","sameAs":["https:\/\/raval.es\/historia"],"url":"https:\/\/raval.es\/historia\/author\/olmo\/"}]}},"_links":{"self":[{"href":"https:\/\/raval.es\/historia\/wp-json\/wp\/v2\/posts\/1563","targetHints":{"allow":["GET"]}}],"collection":[{"href":"https:\/\/raval.es\/historia\/wp-json\/wp\/v2\/posts"}],"about":[{"href":"https:\/\/raval.es\/historia\/wp-json\/wp\/v2\/types\/post"}],"author":[{"embeddable":true,"href":"https:\/\/raval.es\/historia\/wp-json\/wp\/v2\/users\/1"}],"replies":[{"embeddable":true,"href":"https:\/\/raval.es\/historia\/wp-json\/wp\/v2\/comments?post=1563"}],"version-history":[{"count":11,"href":"https:\/\/raval.es\/historia\/wp-json\/wp\/v2\/posts\/1563\/revisions"}],"predecessor-version":[{"id":1575,"href":"https:\/\/raval.es\/historia\/wp-json\/wp\/v2\/posts\/1563\/revisions\/1575"}],"wp:featuredmedia":[{"embeddable":true,"href":"https:\/\/raval.es\/historia\/wp-json\/wp\/v2\/media\/1562"}],"wp:attachment":[{"href":"https:\/\/raval.es\/historia\/wp-json\/wp\/v2\/media?parent=1563"}],"wp:term":[{"taxonomy":"category","embeddable":true,"href":"https:\/\/raval.es\/historia\/wp-json\/wp\/v2\/categories?post=1563"},{"taxonomy":"post_tag","embeddable":true,"href":"https:\/\/raval.es\/historia\/wp-json\/wp\/v2\/tags?post=1563"}],"curies":[{"name":"wp","href":"https:\/\/api.w.org\/{rel}","templated":true}]}}