{"id":202,"date":"2024-06-21T09:39:50","date_gmt":"2024-06-21T09:39:50","guid":{"rendered":"https:\/\/raval.es\/historia\/?p=202"},"modified":"2024-07-11T16:26:29","modified_gmt":"2024-07-11T16:26:29","slug":"replaceta-dels-pontos","status":"publish","type":"post","link":"https:\/\/raval.es\/historia\/replaceta-dels-pontos\/","title":{"rendered":"REPLA\u00c7ETA DELS PONTOS"},"content":{"rendered":"<b>\u00c1lvaro Garc\u00eda<\/b><hr><hr>\n<p>Esta plaza Ilicitana se forma en un ensanche en la intersecci\u00f3n de la calle <strong>Angel<\/strong> y <strong>Filet de Fora<\/strong>, antiguamente se denominaba Plaza de las Carretas pues era el lugar donde paraban los carros de los labradores del <strong>\u201cCamp d\u2019Elx\u201d<\/strong> para descargar los productos agr\u00edcolas que se comercializaban en Elche. Esta calle cambi\u00f3 su denominaci\u00f3n por el top\u00f3nimo popular de <strong>\u201cReplaceta dels Pontos\u201d<\/strong> que hace referencia al apodo de una familia ilicitana que tenia en ese punto su negocio.<\/p>\n<!-- \/wp:post-content -->\n\n<!-- wp:image {\"id\":204,\"sizeSlug\":\"full\",\"linkDestination\":\"none\"} -->\n<figure class=\"wp-block-image size-full\"><img loading=\"lazy\" decoding=\"async\" width=\"360\" height=\"510\" src=\"https:\/\/raval.es\/historia\/wp-content\/uploads\/2024\/06\/58_1-1.jpg\" alt=\"\" class=\"wp-image-204\" srcset=\"https:\/\/raval.es\/historia\/wp-content\/uploads\/2024\/06\/58_1-1.jpg 360w, https:\/\/raval.es\/historia\/wp-content\/uploads\/2024\/06\/58_1-1-212x300.jpg 212w\" sizes=\"auto, (max-width: 360px) 100vw, 360px\" \/><\/figure>\n<!-- \/wp:image -->","protected":false},"excerpt":{"rendered":"<p>\u00c1lvaro Garc\u00eda Esta plaza Ilicitana se forma en un ensanche en la intersecci\u00f3n de la calle&hellip;<\/p>\n","protected":false},"author":1,"featured_media":205,"comment_status":"closed","ping_status":"closed","sticky":false,"template":"","format":"standard","meta":{"footnotes":""},"categories":[54],"tags":[25,43],"class_list":["post-202","post","type-post","status-publish","format-standard","has-post-thumbnail","hentry","category-calles","tag-historia","tag-replaceta"],"yoast_head":"<!-- This site is optimized with the Yoast SEO plugin v25.7 - https:\/\/yoast.com\/wordpress\/plugins\/seo\/ -->\n<title>REPLA\u00c7ETA DELS PONTOS - Raval Hist\u00f2ric<\/title>\n<meta name=\"robots\" content=\"index, follow, max-snippet:-1, max-image-preview:large, max-video-preview:-1\" \/>\n<link rel=\"canonical\" href=\"https:\/\/raval.es\/historia\/replaceta-dels-pontos\/\" \/>\n<meta property=\"og:locale\" content=\"es_ES\" \/>\n<meta property=\"og:type\" content=\"article\" \/>\n<meta property=\"og:title\" content=\"REPLA\u00c7ETA DELS PONTOS - Raval Hist\u00f2ric\" \/>\n<meta property=\"og:description\" content=\"\u00c1lvaro Garc\u00eda Esta plaza Ilicitana se forma en un ensanche en la intersecci\u00f3n de la calle&hellip;\" \/>\n<meta property=\"og:url\" content=\"https:\/\/raval.es\/historia\/replaceta-dels-pontos\/\" \/>\n<meta property=\"og:site_name\" content=\"Raval Hist\u00f2ric\" \/>\n<meta property=\"article:publisher\" content=\"https:\/\/www.facebook.com\/ravaldelx\/\" \/>\n<meta property=\"article:published_time\" content=\"2024-06-21T09:39:50+00:00\" \/>\n<meta property=\"article:modified_time\" content=\"2024-07-11T16:26:29+00:00\" \/>\n<meta property=\"og:image\" content=\"https:\/\/raval.es\/historia\/wp-content\/uploads\/2024\/06\/replaceta-dels-pontos.jpg\" \/>\n\t<meta property=\"og:image:width\" content=\"650\" \/>\n\t<meta property=\"og:image:height\" content=\"394\" \/>\n\t<meta property=\"og:image:type\" content=\"image\/jpeg\" \/>\n<meta name=\"author\" content=\"jaume\" \/>\n<meta name=\"twitter:card\" content=\"summary_large_image\" \/>\n<meta name=\"twitter:label1\" content=\"Escrito por\" \/>\n\t<meta name=\"twitter:data1\" content=\"jaume\" \/>\n<script type=\"application\/ld+json\" class=\"yoast-schema-graph\">{\"@context\":\"https:\/\/schema.org\",\"@graph\":[{\"@type\":\"Article\",\"@id\":\"https:\/\/raval.es\/historia\/replaceta-dels-pontos\/#article\",\"isPartOf\":{\"@id\":\"https:\/\/raval.es\/historia\/replaceta-dels-pontos\/\"},\"author\":{\"name\":\"jaume\",\"@id\":\"https:\/\/raval.es\/historia\/#\/schema\/person\/40fb5d78383acffa8376684168f0b184\"},\"headline\":\"REPLA\u00c7ETA DELS PONTOS\",\"datePublished\":\"2024-06-21T09:39:50+00:00\",\"dateModified\":\"2024-07-11T16:26:29+00:00\",\"mainEntityOfPage\":{\"@id\":\"https:\/\/raval.es\/historia\/replaceta-dels-pontos\/\"},\"wordCount\":91,\"publisher\":{\"@id\":\"https:\/\/raval.es\/historia\/#organization\"},\"image\":{\"@id\":\"https:\/\/raval.es\/historia\/replaceta-dels-pontos\/#primaryimage\"},\"thumbnailUrl\":\"https:\/\/raval.es\/historia\/wp-content\/uploads\/2024\/06\/replaceta-dels-pontos.jpg\",\"keywords\":[\"historia\",\"Repla\u00e7eta\"],\"articleSection\":[\"CALLES\"],\"inLanguage\":\"es\"},{\"@type\":\"WebPage\",\"@id\":\"https:\/\/raval.es\/historia\/replaceta-dels-pontos\/\",\"url\":\"https:\/\/raval.es\/historia\/replaceta-dels-pontos\/\",\"name\":\"REPLA\u00c7ETA DELS PONTOS - Raval Hist\u00f2ric\",\"isPartOf\":{\"@id\":\"https:\/\/raval.es\/historia\/#website\"},\"primaryImageOfPage\":{\"@id\":\"https:\/\/raval.es\/historia\/replaceta-dels-pontos\/#primaryimage\"},\"image\":{\"@id\":\"https:\/\/raval.es\/historia\/replaceta-dels-pontos\/#primaryimage\"},\"thumbnailUrl\":\"https:\/\/raval.es\/historia\/wp-content\/uploads\/2024\/06\/replaceta-dels-pontos.jpg\",\"datePublished\":\"2024-06-21T09:39:50+00:00\",\"dateModified\":\"2024-07-11T16:26:29+00:00\",\"breadcrumb\":{\"@id\":\"https:\/\/raval.es\/historia\/replaceta-dels-pontos\/#breadcrumb\"},\"inLanguage\":\"es\",\"potentialAction\":[{\"@type\":\"ReadAction\",\"target\":[\"https:\/\/raval.es\/historia\/replaceta-dels-pontos\/\"]}]},{\"@type\":\"ImageObject\",\"inLanguage\":\"es\",\"@id\":\"https:\/\/raval.es\/historia\/replaceta-dels-pontos\/#primaryimage\",\"url\":\"https:\/\/raval.es\/historia\/wp-content\/uploads\/2024\/06\/replaceta-dels-pontos.jpg\",\"contentUrl\":\"https:\/\/raval.es\/historia\/wp-content\/uploads\/2024\/06\/replaceta-dels-pontos.jpg\",\"width\":650,\"height\":394},{\"@type\":\"BreadcrumbList\",\"@id\":\"https:\/\/raval.es\/historia\/replaceta-dels-pontos\/#breadcrumb\",\"itemListElement\":[{\"@type\":\"ListItem\",\"position\":1,\"name\":\"Portada\",\"item\":\"https:\/\/raval.es\/historia\/\"},{\"@type\":\"ListItem\",\"position\":2,\"name\":\"REPLA\u00c7ETA DELS PONTOS\"}]},{\"@type\":\"WebSite\",\"@id\":\"https:\/\/raval.es\/historia\/#website\",\"url\":\"https:\/\/raval.es\/historia\/\",\"name\":\"Raval Hist\u00f2ric\",\"description\":\"Un poble dins un poble\",\"publisher\":{\"@id\":\"https:\/\/raval.es\/historia\/#organization\"},\"potentialAction\":[{\"@type\":\"SearchAction\",\"target\":{\"@type\":\"EntryPoint\",\"urlTemplate\":\"https:\/\/raval.es\/historia\/?s={search_term_string}\"},\"query-input\":{\"@type\":\"PropertyValueSpecification\",\"valueRequired\":true,\"valueName\":\"search_term_string\"}}],\"inLanguage\":\"es\"},{\"@type\":\"Organization\",\"@id\":\"https:\/\/raval.es\/historia\/#organization\",\"name\":\"AV Raval\",\"alternateName\":\"Raval Hist\u00f2ric\",\"url\":\"https:\/\/raval.es\/historia\/\",\"logo\":{\"@type\":\"ImageObject\",\"inLanguage\":\"es\",\"@id\":\"https:\/\/raval.es\/historia\/#\/schema\/logo\/image\/\",\"url\":\"https:\/\/raval.es\/historia\/wp-content\/uploads\/2024\/12\/IMG_20241220_122838.jpg\",\"contentUrl\":\"https:\/\/raval.es\/historia\/wp-content\/uploads\/2024\/12\/IMG_20241220_122838.jpg\",\"width\":650,\"height\":318,\"caption\":\"AV Raval\"},\"image\":{\"@id\":\"https:\/\/raval.es\/historia\/#\/schema\/logo\/image\/\"},\"sameAs\":[\"https:\/\/www.facebook.com\/ravaldelx\/\",\"https:\/\/www.instagram.com\/avvraval.elx\/\"]},{\"@type\":\"Person\",\"@id\":\"https:\/\/raval.es\/historia\/#\/schema\/person\/40fb5d78383acffa8376684168f0b184\",\"name\":\"jaume\",\"sameAs\":[\"https:\/\/raval.es\/historia\"],\"url\":\"https:\/\/raval.es\/historia\/author\/olmo\/\"}]}<\/script>\n<!-- \/ Yoast SEO plugin. -->","yoast_head_json":{"title":"REPLA\u00c7ETA DELS PONTOS - Raval Hist\u00f2ric","robots":{"index":"index","follow":"follow","max-snippet":"max-snippet:-1","max-image-preview":"max-image-preview:large","max-video-preview":"max-video-preview:-1"},"canonical":"https:\/\/raval.es\/historia\/replaceta-dels-pontos\/","og_locale":"es_ES","og_type":"article","og_title":"REPLA\u00c7ETA DELS PONTOS - Raval Hist\u00f2ric","og_description":"\u00c1lvaro Garc\u00eda Esta plaza Ilicitana se forma en un ensanche en la intersecci\u00f3n de la calle&hellip;","og_url":"https:\/\/raval.es\/historia\/replaceta-dels-pontos\/","og_site_name":"Raval Hist\u00f2ric","article_publisher":"https:\/\/www.facebook.com\/ravaldelx\/","article_published_time":"2024-06-21T09:39:50+00:00","article_modified_time":"2024-07-11T16:26:29+00:00","og_image":[{"width":650,"height":394,"url":"https:\/\/raval.es\/historia\/wp-content\/uploads\/2024\/06\/replaceta-dels-pontos.jpg","type":"image\/jpeg"}],"author":"jaume","twitter_card":"summary_large_image","twitter_misc":{"Escrito por":"jaume"},"schema":{"@context":"https:\/\/schema.org","@graph":[{"@type":"Article","@id":"https:\/\/raval.es\/historia\/replaceta-dels-pontos\/#article","isPartOf":{"@id":"https:\/\/raval.es\/historia\/replaceta-dels-pontos\/"},"author":{"name":"jaume","@id":"https:\/\/raval.es\/historia\/#\/schema\/person\/40fb5d78383acffa8376684168f0b184"},"headline":"REPLA\u00c7ETA DELS PONTOS","datePublished":"2024-06-21T09:39:50+00:00","dateModified":"2024-07-11T16:26:29+00:00","mainEntityOfPage":{"@id":"https:\/\/raval.es\/historia\/replaceta-dels-pontos\/"},"wordCount":91,"publisher":{"@id":"https:\/\/raval.es\/historia\/#organization"},"image":{"@id":"https:\/\/raval.es\/historia\/replaceta-dels-pontos\/#primaryimage"},"thumbnailUrl":"https:\/\/raval.es\/historia\/wp-content\/uploads\/2024\/06\/replaceta-dels-pontos.jpg","keywords":["historia","Repla\u00e7eta"],"articleSection":["CALLES"],"inLanguage":"es"},{"@type":"WebPage","@id":"https:\/\/raval.es\/historia\/replaceta-dels-pontos\/","url":"https:\/\/raval.es\/historia\/replaceta-dels-pontos\/","name":"REPLA\u00c7ETA DELS PONTOS - Raval Hist\u00f2ric","isPartOf":{"@id":"https:\/\/raval.es\/historia\/#website"},"primaryImageOfPage":{"@id":"https:\/\/raval.es\/historia\/replaceta-dels-pontos\/#primaryimage"},"image":{"@id":"https:\/\/raval.es\/historia\/replaceta-dels-pontos\/#primaryimage"},"thumbnailUrl":"https:\/\/raval.es\/historia\/wp-content\/uploads\/2024\/06\/replaceta-dels-pontos.jpg","datePublished":"2024-06-21T09:39:50+00:00","dateModified":"2024-07-11T16:26:29+00:00","breadcrumb":{"@id":"https:\/\/raval.es\/historia\/replaceta-dels-pontos\/#breadcrumb"},"inLanguage":"es","potentialAction":[{"@type":"ReadAction","target":["https:\/\/raval.es\/historia\/replaceta-dels-pontos\/"]}]},{"@type":"ImageObject","inLanguage":"es","@id":"https:\/\/raval.es\/historia\/replaceta-dels-pontos\/#primaryimage","url":"https:\/\/raval.es\/historia\/wp-content\/uploads\/2024\/06\/replaceta-dels-pontos.jpg","contentUrl":"https:\/\/raval.es\/historia\/wp-content\/uploads\/2024\/06\/replaceta-dels-pontos.jpg","width":650,"height":394},{"@type":"BreadcrumbList","@id":"https:\/\/raval.es\/historia\/replaceta-dels-pontos\/#breadcrumb","itemListElement":[{"@type":"ListItem","position":1,"name":"Portada","item":"https:\/\/raval.es\/historia\/"},{"@type":"ListItem","position":2,"name":"REPLA\u00c7ETA DELS PONTOS"}]},{"@type":"WebSite","@id":"https:\/\/raval.es\/historia\/#website","url":"https:\/\/raval.es\/historia\/","name":"Raval Hist\u00f2ric","description":"Un poble dins un poble","publisher":{"@id":"https:\/\/raval.es\/historia\/#organization"},"potentialAction":[{"@type":"SearchAction","target":{"@type":"EntryPoint","urlTemplate":"https:\/\/raval.es\/historia\/?s={search_term_string}"},"query-input":{"@type":"PropertyValueSpecification","valueRequired":true,"valueName":"search_term_string"}}],"inLanguage":"es"},{"@type":"Organization","@id":"https:\/\/raval.es\/historia\/#organization","name":"AV Raval","alternateName":"Raval Hist\u00f2ric","url":"https:\/\/raval.es\/historia\/","logo":{"@type":"ImageObject","inLanguage":"es","@id":"https:\/\/raval.es\/historia\/#\/schema\/logo\/image\/","url":"https:\/\/raval.es\/historia\/wp-content\/uploads\/2024\/12\/IMG_20241220_122838.jpg","contentUrl":"https:\/\/raval.es\/historia\/wp-content\/uploads\/2024\/12\/IMG_20241220_122838.jpg","width":650,"height":318,"caption":"AV Raval"},"image":{"@id":"https:\/\/raval.es\/historia\/#\/schema\/logo\/image\/"},"sameAs":["https:\/\/www.facebook.com\/ravaldelx\/","https:\/\/www.instagram.com\/avvraval.elx\/"]},{"@type":"Person","@id":"https:\/\/raval.es\/historia\/#\/schema\/person\/40fb5d78383acffa8376684168f0b184","name":"jaume","sameAs":["https:\/\/raval.es\/historia"],"url":"https:\/\/raval.es\/historia\/author\/olmo\/"}]}},"_links":{"self":[{"href":"https:\/\/raval.es\/historia\/wp-json\/wp\/v2\/posts\/202","targetHints":{"allow":["GET"]}}],"collection":[{"href":"https:\/\/raval.es\/historia\/wp-json\/wp\/v2\/posts"}],"about":[{"href":"https:\/\/raval.es\/historia\/wp-json\/wp\/v2\/types\/post"}],"author":[{"embeddable":true,"href":"https:\/\/raval.es\/historia\/wp-json\/wp\/v2\/users\/1"}],"replies":[{"embeddable":true,"href":"https:\/\/raval.es\/historia\/wp-json\/wp\/v2\/comments?post=202"}],"version-history":[{"count":5,"href":"https:\/\/raval.es\/historia\/wp-json\/wp\/v2\/posts\/202\/revisions"}],"predecessor-version":[{"id":585,"href":"https:\/\/raval.es\/historia\/wp-json\/wp\/v2\/posts\/202\/revisions\/585"}],"wp:featuredmedia":[{"embeddable":true,"href":"https:\/\/raval.es\/historia\/wp-json\/wp\/v2\/media\/205"}],"wp:attachment":[{"href":"https:\/\/raval.es\/historia\/wp-json\/wp\/v2\/media?parent=202"}],"wp:term":[{"taxonomy":"category","embeddable":true,"href":"https:\/\/raval.es\/historia\/wp-json\/wp\/v2\/categories?post=202"},{"taxonomy":"post_tag","embeddable":true,"href":"https:\/\/raval.es\/historia\/wp-json\/wp\/v2\/tags?post=202"}],"curies":[{"name":"wp","href":"https:\/\/api.w.org\/{rel}","templated":true}]}}