{"id":221,"date":"2024-06-21T09:21:43","date_gmt":"2024-06-21T09:21:43","guid":{"rendered":"https:\/\/raval.es\/historia\/?p=221"},"modified":"2025-01-10T13:02:26","modified_gmt":"2025-01-10T13:02:26","slug":"antigua-iglesia-de-san-juan","status":"publish","type":"post","link":"https:\/\/raval.es\/historia\/antigua-iglesia-de-san-juan\/","title":{"rendered":"ANTIGUA IGLESIA DE SAN JUAN"},"content":{"rendered":"<p>Situada en el barrio del Raval fue bendecido como templo cat\u00f3lico en 1526 y consagrado en devoci\u00f3n a San Juan Bautista el 24 de Junio de 1601 por D. Jos\u00e9 Esteban, Obispo de Orihuela. Por Bula apost\u00f3lica de Clemente VIII, el 28 de Mayo de 1602, fu\u00e9 erigida en Rector\u00eda \u00f3 Curato, siendo su primer cura  D. Andr\u00e9s Maci\u00e1.<\/p>\n<p>As\u00ed se mantuvo hasta que por Bula apost\u00f3lica de Clemente VIII, expedida en Roma junto \u00e1 San Pedro, el 28 de Mayo de 1602, fu\u00e9 erigida en Rector\u00eda \u00f3 Curato, siendo su primer cura, por riguroso concurso sinodal, D. Andr\u00e9s Maci\u00e1. Yacen sus restos en el plano de la iglesia, \u00e1 la entrada de la Capilla de la Comuni\u00f3n. Fue incendiada durante los sucesos del 20 de Febrero de 1936 previos a la Guerra Civil 1936-1939.<\/p>\n\n\n<figure class=\"wp-block-image size-large\"><img loading=\"lazy\" decoding=\"async\" width=\"691\" height=\"1024\" src=\"https:\/\/raval.es\/historia\/wp-content\/uploads\/2024\/06\/2024-05-17_20-37-09-691x1024.jpg\" alt=\"\" class=\"wp-image-220\" srcset=\"https:\/\/raval.es\/historia\/wp-content\/uploads\/2024\/06\/2024-05-17_20-37-09-691x1024.jpg 691w, https:\/\/raval.es\/historia\/wp-content\/uploads\/2024\/06\/2024-05-17_20-37-09-202x300.jpg 202w, https:\/\/raval.es\/historia\/wp-content\/uploads\/2024\/06\/2024-05-17_20-37-09-768x1139.jpg 768w, https:\/\/raval.es\/historia\/wp-content\/uploads\/2024\/06\/2024-05-17_20-37-09.jpg 1032w\" sizes=\"auto, (max-width: 691px) 100vw, 691px\" \/><\/figure>\n\n\n\n<figure class=\"wp-block-image size-full\"><img loading=\"lazy\" decoding=\"async\" width=\"699\" height=\"821\" src=\"https:\/\/raval.es\/historia\/wp-content\/uploads\/2024\/06\/IMG_20240526_115026.jpg\" alt=\"\" class=\"wp-image-218\" srcset=\"https:\/\/raval.es\/historia\/wp-content\/uploads\/2024\/06\/IMG_20240526_115026.jpg 699w, https:\/\/raval.es\/historia\/wp-content\/uploads\/2024\/06\/IMG_20240526_115026-255x300.jpg 255w\" sizes=\"auto, (max-width: 699px) 100vw, 699px\" \/><\/figure>\n<hr><hr><center>","protected":false},"excerpt":{"rendered":"<p>Situada en el barrio del Raval fue bendecido como templo cat\u00f3lico en 1526 y consagrado en&hellip;<\/p>\n","protected":false},"author":1,"featured_media":219,"comment_status":"closed","ping_status":"closed","sticky":false,"template":"","format":"standard","meta":{"footnotes":""},"categories":[56],"tags":[25,44],"class_list":["post-221","post","type-post","status-publish","format-standard","has-post-thumbnail","hentry","category-historia","tag-historia","tag-iglesia"],"yoast_head":"<!-- This site is optimized with the Yoast SEO plugin v25.7 - https:\/\/yoast.com\/wordpress\/plugins\/seo\/ -->\n<title>ANTIGUA IGLESIA DE SAN JUAN - Raval Hist\u00f2ric<\/title>\n<meta name=\"robots\" content=\"index, follow, max-snippet:-1, max-image-preview:large, max-video-preview:-1\" \/>\n<link rel=\"canonical\" href=\"https:\/\/raval.es\/historia\/antigua-iglesia-de-san-juan\/\" \/>\n<meta property=\"og:locale\" content=\"es_ES\" \/>\n<meta property=\"og:type\" content=\"article\" \/>\n<meta property=\"og:title\" content=\"ANTIGUA IGLESIA DE SAN JUAN - Raval Hist\u00f2ric\" \/>\n<meta property=\"og:description\" content=\"Situada en el barrio del Raval fue bendecido como templo cat\u00f3lico en 1526 y consagrado en&hellip;\" \/>\n<meta property=\"og:url\" content=\"https:\/\/raval.es\/historia\/antigua-iglesia-de-san-juan\/\" \/>\n<meta property=\"og:site_name\" content=\"Raval Hist\u00f2ric\" \/>\n<meta property=\"article:publisher\" content=\"https:\/\/www.facebook.com\/ravaldelx\/\" \/>\n<meta property=\"article:published_time\" content=\"2024-06-21T09:21:43+00:00\" \/>\n<meta property=\"article:modified_time\" content=\"2025-01-10T13:02:26+00:00\" \/>\n<meta property=\"og:image\" content=\"https:\/\/raval.es\/historia\/wp-content\/uploads\/2024\/06\/IMG_20240526_115141.jpg\" \/>\n\t<meta property=\"og:image:width\" content=\"699\" \/>\n\t<meta property=\"og:image:height\" content=\"409\" \/>\n\t<meta property=\"og:image:type\" content=\"image\/jpeg\" \/>\n<meta name=\"author\" content=\"jaume\" \/>\n<meta name=\"twitter:card\" content=\"summary_large_image\" \/>\n<meta name=\"twitter:label1\" content=\"Escrito por\" \/>\n\t<meta name=\"twitter:data1\" content=\"jaume\" \/>\n\t<meta name=\"twitter:label2\" content=\"Tiempo de lectura\" \/>\n\t<meta name=\"twitter:data2\" content=\"1 minuto\" \/>\n<script type=\"application\/ld+json\" class=\"yoast-schema-graph\">{\"@context\":\"https:\/\/schema.org\",\"@graph\":[{\"@type\":\"Article\",\"@id\":\"https:\/\/raval.es\/historia\/antigua-iglesia-de-san-juan\/#article\",\"isPartOf\":{\"@id\":\"https:\/\/raval.es\/historia\/antigua-iglesia-de-san-juan\/\"},\"author\":{\"name\":\"jaume\",\"@id\":\"https:\/\/raval.es\/historia\/#\/schema\/person\/40fb5d78383acffa8376684168f0b184\"},\"headline\":\"ANTIGUA IGLESIA DE SAN JUAN\",\"datePublished\":\"2024-06-21T09:21:43+00:00\",\"dateModified\":\"2025-01-10T13:02:26+00:00\",\"mainEntityOfPage\":{\"@id\":\"https:\/\/raval.es\/historia\/antigua-iglesia-de-san-juan\/\"},\"wordCount\":136,\"publisher\":{\"@id\":\"https:\/\/raval.es\/historia\/#organization\"},\"image\":{\"@id\":\"https:\/\/raval.es\/historia\/antigua-iglesia-de-san-juan\/#primaryimage\"},\"thumbnailUrl\":\"https:\/\/raval.es\/historia\/wp-content\/uploads\/2024\/06\/IMG_20240526_115141.jpg\",\"keywords\":[\"historia\",\"Iglesia\"],\"articleSection\":[\"HISTORIA\"],\"inLanguage\":\"es\"},{\"@type\":\"WebPage\",\"@id\":\"https:\/\/raval.es\/historia\/antigua-iglesia-de-san-juan\/\",\"url\":\"https:\/\/raval.es\/historia\/antigua-iglesia-de-san-juan\/\",\"name\":\"ANTIGUA IGLESIA DE SAN JUAN - Raval Hist\u00f2ric\",\"isPartOf\":{\"@id\":\"https:\/\/raval.es\/historia\/#website\"},\"primaryImageOfPage\":{\"@id\":\"https:\/\/raval.es\/historia\/antigua-iglesia-de-san-juan\/#primaryimage\"},\"image\":{\"@id\":\"https:\/\/raval.es\/historia\/antigua-iglesia-de-san-juan\/#primaryimage\"},\"thumbnailUrl\":\"https:\/\/raval.es\/historia\/wp-content\/uploads\/2024\/06\/IMG_20240526_115141.jpg\",\"datePublished\":\"2024-06-21T09:21:43+00:00\",\"dateModified\":\"2025-01-10T13:02:26+00:00\",\"breadcrumb\":{\"@id\":\"https:\/\/raval.es\/historia\/antigua-iglesia-de-san-juan\/#breadcrumb\"},\"inLanguage\":\"es\",\"potentialAction\":[{\"@type\":\"ReadAction\",\"target\":[\"https:\/\/raval.es\/historia\/antigua-iglesia-de-san-juan\/\"]}]},{\"@type\":\"ImageObject\",\"inLanguage\":\"es\",\"@id\":\"https:\/\/raval.es\/historia\/antigua-iglesia-de-san-juan\/#primaryimage\",\"url\":\"https:\/\/raval.es\/historia\/wp-content\/uploads\/2024\/06\/IMG_20240526_115141.jpg\",\"contentUrl\":\"https:\/\/raval.es\/historia\/wp-content\/uploads\/2024\/06\/IMG_20240526_115141.jpg\",\"width\":699,\"height\":409},{\"@type\":\"BreadcrumbList\",\"@id\":\"https:\/\/raval.es\/historia\/antigua-iglesia-de-san-juan\/#breadcrumb\",\"itemListElement\":[{\"@type\":\"ListItem\",\"position\":1,\"name\":\"Portada\",\"item\":\"https:\/\/raval.es\/historia\/\"},{\"@type\":\"ListItem\",\"position\":2,\"name\":\"ANTIGUA IGLESIA DE SAN JUAN\"}]},{\"@type\":\"WebSite\",\"@id\":\"https:\/\/raval.es\/historia\/#website\",\"url\":\"https:\/\/raval.es\/historia\/\",\"name\":\"Raval Hist\u00f2ric\",\"description\":\"Un poble dins un poble\",\"publisher\":{\"@id\":\"https:\/\/raval.es\/historia\/#organization\"},\"potentialAction\":[{\"@type\":\"SearchAction\",\"target\":{\"@type\":\"EntryPoint\",\"urlTemplate\":\"https:\/\/raval.es\/historia\/?s={search_term_string}\"},\"query-input\":{\"@type\":\"PropertyValueSpecification\",\"valueRequired\":true,\"valueName\":\"search_term_string\"}}],\"inLanguage\":\"es\"},{\"@type\":\"Organization\",\"@id\":\"https:\/\/raval.es\/historia\/#organization\",\"name\":\"AV Raval\",\"alternateName\":\"Raval Hist\u00f2ric\",\"url\":\"https:\/\/raval.es\/historia\/\",\"logo\":{\"@type\":\"ImageObject\",\"inLanguage\":\"es\",\"@id\":\"https:\/\/raval.es\/historia\/#\/schema\/logo\/image\/\",\"url\":\"https:\/\/raval.es\/historia\/wp-content\/uploads\/2024\/12\/IMG_20241220_122838.jpg\",\"contentUrl\":\"https:\/\/raval.es\/historia\/wp-content\/uploads\/2024\/12\/IMG_20241220_122838.jpg\",\"width\":650,\"height\":318,\"caption\":\"AV Raval\"},\"image\":{\"@id\":\"https:\/\/raval.es\/historia\/#\/schema\/logo\/image\/\"},\"sameAs\":[\"https:\/\/www.facebook.com\/ravaldelx\/\",\"https:\/\/www.instagram.com\/avvraval.elx\/\"]},{\"@type\":\"Person\",\"@id\":\"https:\/\/raval.es\/historia\/#\/schema\/person\/40fb5d78383acffa8376684168f0b184\",\"name\":\"jaume\",\"sameAs\":[\"https:\/\/raval.es\/historia\"],\"url\":\"https:\/\/raval.es\/historia\/author\/olmo\/\"}]}<\/script>\n<!-- \/ Yoast SEO plugin. -->","yoast_head_json":{"title":"ANTIGUA IGLESIA DE SAN JUAN - Raval Hist\u00f2ric","robots":{"index":"index","follow":"follow","max-snippet":"max-snippet:-1","max-image-preview":"max-image-preview:large","max-video-preview":"max-video-preview:-1"},"canonical":"https:\/\/raval.es\/historia\/antigua-iglesia-de-san-juan\/","og_locale":"es_ES","og_type":"article","og_title":"ANTIGUA IGLESIA DE SAN JUAN - Raval Hist\u00f2ric","og_description":"Situada en el barrio del Raval fue bendecido como templo cat\u00f3lico en 1526 y consagrado en&hellip;","og_url":"https:\/\/raval.es\/historia\/antigua-iglesia-de-san-juan\/","og_site_name":"Raval Hist\u00f2ric","article_publisher":"https:\/\/www.facebook.com\/ravaldelx\/","article_published_time":"2024-06-21T09:21:43+00:00","article_modified_time":"2025-01-10T13:02:26+00:00","og_image":[{"width":699,"height":409,"url":"https:\/\/raval.es\/historia\/wp-content\/uploads\/2024\/06\/IMG_20240526_115141.jpg","type":"image\/jpeg"}],"author":"jaume","twitter_card":"summary_large_image","twitter_misc":{"Escrito por":"jaume","Tiempo de lectura":"1 minuto"},"schema":{"@context":"https:\/\/schema.org","@graph":[{"@type":"Article","@id":"https:\/\/raval.es\/historia\/antigua-iglesia-de-san-juan\/#article","isPartOf":{"@id":"https:\/\/raval.es\/historia\/antigua-iglesia-de-san-juan\/"},"author":{"name":"jaume","@id":"https:\/\/raval.es\/historia\/#\/schema\/person\/40fb5d78383acffa8376684168f0b184"},"headline":"ANTIGUA IGLESIA DE SAN JUAN","datePublished":"2024-06-21T09:21:43+00:00","dateModified":"2025-01-10T13:02:26+00:00","mainEntityOfPage":{"@id":"https:\/\/raval.es\/historia\/antigua-iglesia-de-san-juan\/"},"wordCount":136,"publisher":{"@id":"https:\/\/raval.es\/historia\/#organization"},"image":{"@id":"https:\/\/raval.es\/historia\/antigua-iglesia-de-san-juan\/#primaryimage"},"thumbnailUrl":"https:\/\/raval.es\/historia\/wp-content\/uploads\/2024\/06\/IMG_20240526_115141.jpg","keywords":["historia","Iglesia"],"articleSection":["HISTORIA"],"inLanguage":"es"},{"@type":"WebPage","@id":"https:\/\/raval.es\/historia\/antigua-iglesia-de-san-juan\/","url":"https:\/\/raval.es\/historia\/antigua-iglesia-de-san-juan\/","name":"ANTIGUA IGLESIA DE SAN JUAN - Raval Hist\u00f2ric","isPartOf":{"@id":"https:\/\/raval.es\/historia\/#website"},"primaryImageOfPage":{"@id":"https:\/\/raval.es\/historia\/antigua-iglesia-de-san-juan\/#primaryimage"},"image":{"@id":"https:\/\/raval.es\/historia\/antigua-iglesia-de-san-juan\/#primaryimage"},"thumbnailUrl":"https:\/\/raval.es\/historia\/wp-content\/uploads\/2024\/06\/IMG_20240526_115141.jpg","datePublished":"2024-06-21T09:21:43+00:00","dateModified":"2025-01-10T13:02:26+00:00","breadcrumb":{"@id":"https:\/\/raval.es\/historia\/antigua-iglesia-de-san-juan\/#breadcrumb"},"inLanguage":"es","potentialAction":[{"@type":"ReadAction","target":["https:\/\/raval.es\/historia\/antigua-iglesia-de-san-juan\/"]}]},{"@type":"ImageObject","inLanguage":"es","@id":"https:\/\/raval.es\/historia\/antigua-iglesia-de-san-juan\/#primaryimage","url":"https:\/\/raval.es\/historia\/wp-content\/uploads\/2024\/06\/IMG_20240526_115141.jpg","contentUrl":"https:\/\/raval.es\/historia\/wp-content\/uploads\/2024\/06\/IMG_20240526_115141.jpg","width":699,"height":409},{"@type":"BreadcrumbList","@id":"https:\/\/raval.es\/historia\/antigua-iglesia-de-san-juan\/#breadcrumb","itemListElement":[{"@type":"ListItem","position":1,"name":"Portada","item":"https:\/\/raval.es\/historia\/"},{"@type":"ListItem","position":2,"name":"ANTIGUA IGLESIA DE SAN JUAN"}]},{"@type":"WebSite","@id":"https:\/\/raval.es\/historia\/#website","url":"https:\/\/raval.es\/historia\/","name":"Raval Hist\u00f2ric","description":"Un poble dins un poble","publisher":{"@id":"https:\/\/raval.es\/historia\/#organization"},"potentialAction":[{"@type":"SearchAction","target":{"@type":"EntryPoint","urlTemplate":"https:\/\/raval.es\/historia\/?s={search_term_string}"},"query-input":{"@type":"PropertyValueSpecification","valueRequired":true,"valueName":"search_term_string"}}],"inLanguage":"es"},{"@type":"Organization","@id":"https:\/\/raval.es\/historia\/#organization","name":"AV Raval","alternateName":"Raval Hist\u00f2ric","url":"https:\/\/raval.es\/historia\/","logo":{"@type":"ImageObject","inLanguage":"es","@id":"https:\/\/raval.es\/historia\/#\/schema\/logo\/image\/","url":"https:\/\/raval.es\/historia\/wp-content\/uploads\/2024\/12\/IMG_20241220_122838.jpg","contentUrl":"https:\/\/raval.es\/historia\/wp-content\/uploads\/2024\/12\/IMG_20241220_122838.jpg","width":650,"height":318,"caption":"AV Raval"},"image":{"@id":"https:\/\/raval.es\/historia\/#\/schema\/logo\/image\/"},"sameAs":["https:\/\/www.facebook.com\/ravaldelx\/","https:\/\/www.instagram.com\/avvraval.elx\/"]},{"@type":"Person","@id":"https:\/\/raval.es\/historia\/#\/schema\/person\/40fb5d78383acffa8376684168f0b184","name":"jaume","sameAs":["https:\/\/raval.es\/historia"],"url":"https:\/\/raval.es\/historia\/author\/olmo\/"}]}},"_links":{"self":[{"href":"https:\/\/raval.es\/historia\/wp-json\/wp\/v2\/posts\/221","targetHints":{"allow":["GET"]}}],"collection":[{"href":"https:\/\/raval.es\/historia\/wp-json\/wp\/v2\/posts"}],"about":[{"href":"https:\/\/raval.es\/historia\/wp-json\/wp\/v2\/types\/post"}],"author":[{"embeddable":true,"href":"https:\/\/raval.es\/historia\/wp-json\/wp\/v2\/users\/1"}],"replies":[{"embeddable":true,"href":"https:\/\/raval.es\/historia\/wp-json\/wp\/v2\/comments?post=221"}],"version-history":[{"count":12,"href":"https:\/\/raval.es\/historia\/wp-json\/wp\/v2\/posts\/221\/revisions"}],"predecessor-version":[{"id":1124,"href":"https:\/\/raval.es\/historia\/wp-json\/wp\/v2\/posts\/221\/revisions\/1124"}],"wp:featuredmedia":[{"embeddable":true,"href":"https:\/\/raval.es\/historia\/wp-json\/wp\/v2\/media\/219"}],"wp:attachment":[{"href":"https:\/\/raval.es\/historia\/wp-json\/wp\/v2\/media?parent=221"}],"wp:term":[{"taxonomy":"category","embeddable":true,"href":"https:\/\/raval.es\/historia\/wp-json\/wp\/v2\/categories?post=221"},{"taxonomy":"post_tag","embeddable":true,"href":"https:\/\/raval.es\/historia\/wp-json\/wp\/v2\/tags?post=221"}],"curies":[{"name":"wp","href":"https:\/\/api.w.org\/{rel}","templated":true}]}}