{"id":229,"date":"2024-06-21T09:59:08","date_gmt":"2024-06-21T09:59:08","guid":{"rendered":"https:\/\/raval.es\/historia\/?p=229"},"modified":"2024-07-11T16:25:26","modified_gmt":"2024-07-11T16:25:26","slug":"la-ola-de-calor-de-1712","status":"publish","type":"post","link":"https:\/\/raval.es\/historia\/la-ola-de-calor-de-1712\/","title":{"rendered":"LA OLA DE CALOR DE 1712"},"content":{"rendered":"<p><b>\u00c1lvaro Garc\u00eda<\/b><\/p>\n<hr>\n<hr>\n<p>Cuenta el Cronista de la ciudad que, el 10 de julio de 1712, se experiment\u00f3 en esta Villa el fen\u00f3meno de m\u00e1s horrible calor que hasta entonces se hab\u00eda visto jam\u00e1s, cuyo aire abrasador parec\u00eda expedido por un volc\u00e1n, de modo que las gentes no pod\u00edan habitar en sus casas ni en parte alguna. Los frutos pendientes de cosecha como uvas, higos y dem\u00e1s fueron malogrados, s\u00f3lo se exceptu\u00f3 la corta cosecha de aceitunas de aquel tiempo, el viento ard\u00eda desde la sierra de Crevillente y esto hizo creer a muchos, si aquel extraordinario calor ser\u00eda dimanado del incendio de dicha sierra, pero habi\u00e9ndose sabido posteriormente que en Murcia, Orihuela, Elda, Aspe y otros pueblos se not\u00f3 igual calor, se disuadieron todos que no pod\u00eda ser efecto del fuego.<\/p>\n","protected":false},"excerpt":{"rendered":"<p>\u00c1lvaro Garc\u00eda Cuenta el Cronista de la ciudad que, el 10 de julio de 1712, se&hellip;<\/p>\n","protected":false},"author":1,"featured_media":268,"comment_status":"closed","ping_status":"closed","sticky":false,"template":"","format":"standard","meta":{"footnotes":""},"categories":[56],"tags":[25,45],"class_list":["post-229","post","type-post","status-publish","format-standard","has-post-thumbnail","hentry","category-historia","tag-historia","tag-ola-de-calor"],"yoast_head":"<!-- This site is optimized with the Yoast SEO plugin v25.7 - https:\/\/yoast.com\/wordpress\/plugins\/seo\/ -->\n<title>LA OLA DE CALOR DE 1712 - Raval Hist\u00f2ric<\/title>\n<meta name=\"robots\" content=\"index, follow, max-snippet:-1, max-image-preview:large, max-video-preview:-1\" \/>\n<link rel=\"canonical\" href=\"https:\/\/raval.es\/historia\/la-ola-de-calor-de-1712\/\" \/>\n<meta property=\"og:locale\" content=\"es_ES\" \/>\n<meta property=\"og:type\" content=\"article\" \/>\n<meta property=\"og:title\" content=\"LA OLA DE CALOR DE 1712 - Raval Hist\u00f2ric\" \/>\n<meta property=\"og:description\" content=\"\u00c1lvaro Garc\u00eda Cuenta el Cronista de la ciudad que, el 10 de julio de 1712, se&hellip;\" \/>\n<meta property=\"og:url\" content=\"https:\/\/raval.es\/historia\/la-ola-de-calor-de-1712\/\" \/>\n<meta property=\"og:site_name\" content=\"Raval Hist\u00f2ric\" \/>\n<meta property=\"article:publisher\" content=\"https:\/\/www.facebook.com\/ravaldelx\/\" \/>\n<meta property=\"article:published_time\" content=\"2024-06-21T09:59:08+00:00\" \/>\n<meta property=\"article:modified_time\" content=\"2024-07-11T16:25:26+00:00\" \/>\n<meta property=\"og:image\" content=\"https:\/\/raval.es\/historia\/wp-content\/uploads\/2024\/06\/FB_IMG_1718963883932.jpg\" \/>\n\t<meta property=\"og:image:width\" content=\"1080\" \/>\n\t<meta property=\"og:image:height\" content=\"737\" \/>\n\t<meta property=\"og:image:type\" content=\"image\/jpeg\" \/>\n<meta name=\"author\" content=\"jaume\" \/>\n<meta name=\"twitter:card\" content=\"summary_large_image\" \/>\n<meta name=\"twitter:label1\" content=\"Escrito por\" \/>\n\t<meta name=\"twitter:data1\" content=\"jaume\" \/>\n\t<meta name=\"twitter:label2\" content=\"Tiempo de lectura\" \/>\n\t<meta name=\"twitter:data2\" content=\"1 minuto\" \/>\n<script type=\"application\/ld+json\" class=\"yoast-schema-graph\">{\"@context\":\"https:\/\/schema.org\",\"@graph\":[{\"@type\":\"Article\",\"@id\":\"https:\/\/raval.es\/historia\/la-ola-de-calor-de-1712\/#article\",\"isPartOf\":{\"@id\":\"https:\/\/raval.es\/historia\/la-ola-de-calor-de-1712\/\"},\"author\":{\"name\":\"jaume\",\"@id\":\"https:\/\/raval.es\/historia\/#\/schema\/person\/40fb5d78383acffa8376684168f0b184\"},\"headline\":\"LA OLA DE CALOR DE 1712\",\"datePublished\":\"2024-06-21T09:59:08+00:00\",\"dateModified\":\"2024-07-11T16:25:26+00:00\",\"mainEntityOfPage\":{\"@id\":\"https:\/\/raval.es\/historia\/la-ola-de-calor-de-1712\/\"},\"wordCount\":148,\"publisher\":{\"@id\":\"https:\/\/raval.es\/historia\/#organization\"},\"image\":{\"@id\":\"https:\/\/raval.es\/historia\/la-ola-de-calor-de-1712\/#primaryimage\"},\"thumbnailUrl\":\"https:\/\/raval.es\/historia\/wp-content\/uploads\/2024\/06\/FB_IMG_1718963883932.jpg\",\"keywords\":[\"historia\",\"Ola de calor\"],\"articleSection\":[\"HISTORIA\"],\"inLanguage\":\"es\"},{\"@type\":\"WebPage\",\"@id\":\"https:\/\/raval.es\/historia\/la-ola-de-calor-de-1712\/\",\"url\":\"https:\/\/raval.es\/historia\/la-ola-de-calor-de-1712\/\",\"name\":\"LA OLA DE CALOR DE 1712 - Raval Hist\u00f2ric\",\"isPartOf\":{\"@id\":\"https:\/\/raval.es\/historia\/#website\"},\"primaryImageOfPage\":{\"@id\":\"https:\/\/raval.es\/historia\/la-ola-de-calor-de-1712\/#primaryimage\"},\"image\":{\"@id\":\"https:\/\/raval.es\/historia\/la-ola-de-calor-de-1712\/#primaryimage\"},\"thumbnailUrl\":\"https:\/\/raval.es\/historia\/wp-content\/uploads\/2024\/06\/FB_IMG_1718963883932.jpg\",\"datePublished\":\"2024-06-21T09:59:08+00:00\",\"dateModified\":\"2024-07-11T16:25:26+00:00\",\"breadcrumb\":{\"@id\":\"https:\/\/raval.es\/historia\/la-ola-de-calor-de-1712\/#breadcrumb\"},\"inLanguage\":\"es\",\"potentialAction\":[{\"@type\":\"ReadAction\",\"target\":[\"https:\/\/raval.es\/historia\/la-ola-de-calor-de-1712\/\"]}]},{\"@type\":\"ImageObject\",\"inLanguage\":\"es\",\"@id\":\"https:\/\/raval.es\/historia\/la-ola-de-calor-de-1712\/#primaryimage\",\"url\":\"https:\/\/raval.es\/historia\/wp-content\/uploads\/2024\/06\/FB_IMG_1718963883932.jpg\",\"contentUrl\":\"https:\/\/raval.es\/historia\/wp-content\/uploads\/2024\/06\/FB_IMG_1718963883932.jpg\",\"width\":1080,\"height\":737},{\"@type\":\"BreadcrumbList\",\"@id\":\"https:\/\/raval.es\/historia\/la-ola-de-calor-de-1712\/#breadcrumb\",\"itemListElement\":[{\"@type\":\"ListItem\",\"position\":1,\"name\":\"Portada\",\"item\":\"https:\/\/raval.es\/historia\/\"},{\"@type\":\"ListItem\",\"position\":2,\"name\":\"LA OLA DE CALOR DE 1712\"}]},{\"@type\":\"WebSite\",\"@id\":\"https:\/\/raval.es\/historia\/#website\",\"url\":\"https:\/\/raval.es\/historia\/\",\"name\":\"Raval Hist\u00f2ric\",\"description\":\"Un poble dins un poble\",\"publisher\":{\"@id\":\"https:\/\/raval.es\/historia\/#organization\"},\"potentialAction\":[{\"@type\":\"SearchAction\",\"target\":{\"@type\":\"EntryPoint\",\"urlTemplate\":\"https:\/\/raval.es\/historia\/?s={search_term_string}\"},\"query-input\":{\"@type\":\"PropertyValueSpecification\",\"valueRequired\":true,\"valueName\":\"search_term_string\"}}],\"inLanguage\":\"es\"},{\"@type\":\"Organization\",\"@id\":\"https:\/\/raval.es\/historia\/#organization\",\"name\":\"AV Raval\",\"alternateName\":\"Raval Hist\u00f2ric\",\"url\":\"https:\/\/raval.es\/historia\/\",\"logo\":{\"@type\":\"ImageObject\",\"inLanguage\":\"es\",\"@id\":\"https:\/\/raval.es\/historia\/#\/schema\/logo\/image\/\",\"url\":\"https:\/\/raval.es\/historia\/wp-content\/uploads\/2024\/12\/IMG_20241220_122838.jpg\",\"contentUrl\":\"https:\/\/raval.es\/historia\/wp-content\/uploads\/2024\/12\/IMG_20241220_122838.jpg\",\"width\":650,\"height\":318,\"caption\":\"AV Raval\"},\"image\":{\"@id\":\"https:\/\/raval.es\/historia\/#\/schema\/logo\/image\/\"},\"sameAs\":[\"https:\/\/www.facebook.com\/ravaldelx\/\",\"https:\/\/www.instagram.com\/avvraval.elx\/\"]},{\"@type\":\"Person\",\"@id\":\"https:\/\/raval.es\/historia\/#\/schema\/person\/40fb5d78383acffa8376684168f0b184\",\"name\":\"jaume\",\"sameAs\":[\"https:\/\/raval.es\/historia\"],\"url\":\"https:\/\/raval.es\/historia\/author\/olmo\/\"}]}<\/script>\n<!-- \/ Yoast SEO plugin. -->","yoast_head_json":{"title":"LA OLA DE CALOR DE 1712 - Raval Hist\u00f2ric","robots":{"index":"index","follow":"follow","max-snippet":"max-snippet:-1","max-image-preview":"max-image-preview:large","max-video-preview":"max-video-preview:-1"},"canonical":"https:\/\/raval.es\/historia\/la-ola-de-calor-de-1712\/","og_locale":"es_ES","og_type":"article","og_title":"LA OLA DE CALOR DE 1712 - Raval Hist\u00f2ric","og_description":"\u00c1lvaro Garc\u00eda Cuenta el Cronista de la ciudad que, el 10 de julio de 1712, se&hellip;","og_url":"https:\/\/raval.es\/historia\/la-ola-de-calor-de-1712\/","og_site_name":"Raval Hist\u00f2ric","article_publisher":"https:\/\/www.facebook.com\/ravaldelx\/","article_published_time":"2024-06-21T09:59:08+00:00","article_modified_time":"2024-07-11T16:25:26+00:00","og_image":[{"width":1080,"height":737,"url":"https:\/\/raval.es\/historia\/wp-content\/uploads\/2024\/06\/FB_IMG_1718963883932.jpg","type":"image\/jpeg"}],"author":"jaume","twitter_card":"summary_large_image","twitter_misc":{"Escrito por":"jaume","Tiempo de lectura":"1 minuto"},"schema":{"@context":"https:\/\/schema.org","@graph":[{"@type":"Article","@id":"https:\/\/raval.es\/historia\/la-ola-de-calor-de-1712\/#article","isPartOf":{"@id":"https:\/\/raval.es\/historia\/la-ola-de-calor-de-1712\/"},"author":{"name":"jaume","@id":"https:\/\/raval.es\/historia\/#\/schema\/person\/40fb5d78383acffa8376684168f0b184"},"headline":"LA OLA DE CALOR DE 1712","datePublished":"2024-06-21T09:59:08+00:00","dateModified":"2024-07-11T16:25:26+00:00","mainEntityOfPage":{"@id":"https:\/\/raval.es\/historia\/la-ola-de-calor-de-1712\/"},"wordCount":148,"publisher":{"@id":"https:\/\/raval.es\/historia\/#organization"},"image":{"@id":"https:\/\/raval.es\/historia\/la-ola-de-calor-de-1712\/#primaryimage"},"thumbnailUrl":"https:\/\/raval.es\/historia\/wp-content\/uploads\/2024\/06\/FB_IMG_1718963883932.jpg","keywords":["historia","Ola de calor"],"articleSection":["HISTORIA"],"inLanguage":"es"},{"@type":"WebPage","@id":"https:\/\/raval.es\/historia\/la-ola-de-calor-de-1712\/","url":"https:\/\/raval.es\/historia\/la-ola-de-calor-de-1712\/","name":"LA OLA DE CALOR DE 1712 - Raval Hist\u00f2ric","isPartOf":{"@id":"https:\/\/raval.es\/historia\/#website"},"primaryImageOfPage":{"@id":"https:\/\/raval.es\/historia\/la-ola-de-calor-de-1712\/#primaryimage"},"image":{"@id":"https:\/\/raval.es\/historia\/la-ola-de-calor-de-1712\/#primaryimage"},"thumbnailUrl":"https:\/\/raval.es\/historia\/wp-content\/uploads\/2024\/06\/FB_IMG_1718963883932.jpg","datePublished":"2024-06-21T09:59:08+00:00","dateModified":"2024-07-11T16:25:26+00:00","breadcrumb":{"@id":"https:\/\/raval.es\/historia\/la-ola-de-calor-de-1712\/#breadcrumb"},"inLanguage":"es","potentialAction":[{"@type":"ReadAction","target":["https:\/\/raval.es\/historia\/la-ola-de-calor-de-1712\/"]}]},{"@type":"ImageObject","inLanguage":"es","@id":"https:\/\/raval.es\/historia\/la-ola-de-calor-de-1712\/#primaryimage","url":"https:\/\/raval.es\/historia\/wp-content\/uploads\/2024\/06\/FB_IMG_1718963883932.jpg","contentUrl":"https:\/\/raval.es\/historia\/wp-content\/uploads\/2024\/06\/FB_IMG_1718963883932.jpg","width":1080,"height":737},{"@type":"BreadcrumbList","@id":"https:\/\/raval.es\/historia\/la-ola-de-calor-de-1712\/#breadcrumb","itemListElement":[{"@type":"ListItem","position":1,"name":"Portada","item":"https:\/\/raval.es\/historia\/"},{"@type":"ListItem","position":2,"name":"LA OLA DE CALOR DE 1712"}]},{"@type":"WebSite","@id":"https:\/\/raval.es\/historia\/#website","url":"https:\/\/raval.es\/historia\/","name":"Raval Hist\u00f2ric","description":"Un poble dins un poble","publisher":{"@id":"https:\/\/raval.es\/historia\/#organization"},"potentialAction":[{"@type":"SearchAction","target":{"@type":"EntryPoint","urlTemplate":"https:\/\/raval.es\/historia\/?s={search_term_string}"},"query-input":{"@type":"PropertyValueSpecification","valueRequired":true,"valueName":"search_term_string"}}],"inLanguage":"es"},{"@type":"Organization","@id":"https:\/\/raval.es\/historia\/#organization","name":"AV Raval","alternateName":"Raval Hist\u00f2ric","url":"https:\/\/raval.es\/historia\/","logo":{"@type":"ImageObject","inLanguage":"es","@id":"https:\/\/raval.es\/historia\/#\/schema\/logo\/image\/","url":"https:\/\/raval.es\/historia\/wp-content\/uploads\/2024\/12\/IMG_20241220_122838.jpg","contentUrl":"https:\/\/raval.es\/historia\/wp-content\/uploads\/2024\/12\/IMG_20241220_122838.jpg","width":650,"height":318,"caption":"AV Raval"},"image":{"@id":"https:\/\/raval.es\/historia\/#\/schema\/logo\/image\/"},"sameAs":["https:\/\/www.facebook.com\/ravaldelx\/","https:\/\/www.instagram.com\/avvraval.elx\/"]},{"@type":"Person","@id":"https:\/\/raval.es\/historia\/#\/schema\/person\/40fb5d78383acffa8376684168f0b184","name":"jaume","sameAs":["https:\/\/raval.es\/historia"],"url":"https:\/\/raval.es\/historia\/author\/olmo\/"}]}},"_links":{"self":[{"href":"https:\/\/raval.es\/historia\/wp-json\/wp\/v2\/posts\/229","targetHints":{"allow":["GET"]}}],"collection":[{"href":"https:\/\/raval.es\/historia\/wp-json\/wp\/v2\/posts"}],"about":[{"href":"https:\/\/raval.es\/historia\/wp-json\/wp\/v2\/types\/post"}],"author":[{"embeddable":true,"href":"https:\/\/raval.es\/historia\/wp-json\/wp\/v2\/users\/1"}],"replies":[{"embeddable":true,"href":"https:\/\/raval.es\/historia\/wp-json\/wp\/v2\/comments?post=229"}],"version-history":[{"count":5,"href":"https:\/\/raval.es\/historia\/wp-json\/wp\/v2\/posts\/229\/revisions"}],"predecessor-version":[{"id":583,"href":"https:\/\/raval.es\/historia\/wp-json\/wp\/v2\/posts\/229\/revisions\/583"}],"wp:featuredmedia":[{"embeddable":true,"href":"https:\/\/raval.es\/historia\/wp-json\/wp\/v2\/media\/268"}],"wp:attachment":[{"href":"https:\/\/raval.es\/historia\/wp-json\/wp\/v2\/media?parent=229"}],"wp:term":[{"taxonomy":"category","embeddable":true,"href":"https:\/\/raval.es\/historia\/wp-json\/wp\/v2\/categories?post=229"},{"taxonomy":"post_tag","embeddable":true,"href":"https:\/\/raval.es\/historia\/wp-json\/wp\/v2\/tags?post=229"}],"curies":[{"name":"wp","href":"https:\/\/api.w.org\/{rel}","templated":true}]}}