{"id":231,"date":"2024-06-21T09:12:40","date_gmt":"2024-06-21T09:12:40","guid":{"rendered":"https:\/\/raval.es\/historia\/?p=231"},"modified":"2024-07-11T16:27:13","modified_gmt":"2024-07-11T16:27:13","slug":"calle-angel-la-frontera","status":"publish","type":"post","link":"https:\/\/raval.es\/historia\/calle-angel-la-frontera\/","title":{"rendered":"CALLE ANGEL. LA FRONTERA"},"content":{"rendered":"<p><b>\u00c1lvaro Garc\u00eda<\/b><\/p>\n<hr>\n<hr>\n<p>Cuando el <b>Rey de Arag\u00f3n<\/b> conquist\u00f3 <b>Elche,<\/b> quiso para el y los cristianos la <b>Villa Murada,<\/b> pero por otra parte, no pod\u00edan desatender los intereses de los moros vencidos. Les autorizaron su permanencia , pero en un lugar cuya distancia les imposibilitar\u00e1 reacciones vengativas, asi se fund\u00f3 la morer\u00eda a un tiro de ca\u00f1on desde la puerta de la <b>Torre del Concejo (Ayuntamiento),<\/b> cuyo proyectil fue a parar en  lo que seria la puerta del <b>Arrabal de San Juan<\/b> y hacia el sur, se construy\u00f3. El punto de la frontera era un camino entre huertos que se un\u00eda a la actual calle <b>Curtidores<\/b> y <b>Filet de Fora<\/b> y que hacia de barrera natural, sobre todo cuando a extramuros se fund\u00f3 la parroquia del <b>Salvador<\/b> y el barrio que le rodeaba. Dicha frontera entre moros y cristianos necesitaba vigilancia de la autoridad divina y nada mejor que bautizar aquel camino como <b>Angel de la Guarda<\/b> y as\u00ed fue el origen del nombre de la actual calle.<\/p>\n<hr>\n<p>Fuente: Alejandro Ramos Folqu\u00e9s<\/p>\n","protected":false},"excerpt":{"rendered":"<p>\u00c1lvaro Garc\u00eda Cuando el Rey de Arag\u00f3n conquist\u00f3 Elche, quiso para el y los cristianos la&hellip;<\/p>\n","protected":false},"author":1,"featured_media":241,"comment_status":"closed","ping_status":"closed","sticky":false,"template":"","format":"standard","meta":{"footnotes":""},"categories":[54],"tags":[46,55],"class_list":["post-231","post","type-post","status-publish","format-standard","has-post-thumbnail","hentry","category-calles","tag-calle-angel","tag-calles"],"yoast_head":"<!-- This site is optimized with the Yoast SEO plugin v25.7 - https:\/\/yoast.com\/wordpress\/plugins\/seo\/ -->\n<title>CALLE ANGEL. LA FRONTERA - Raval Hist\u00f2ric<\/title>\n<meta name=\"robots\" content=\"index, follow, max-snippet:-1, max-image-preview:large, max-video-preview:-1\" \/>\n<link rel=\"canonical\" href=\"https:\/\/raval.es\/historia\/calle-angel-la-frontera\/\" \/>\n<meta property=\"og:locale\" content=\"es_ES\" \/>\n<meta property=\"og:type\" content=\"article\" \/>\n<meta property=\"og:title\" content=\"CALLE ANGEL. LA FRONTERA - Raval Hist\u00f2ric\" \/>\n<meta property=\"og:description\" content=\"\u00c1lvaro Garc\u00eda Cuando el Rey de Arag\u00f3n conquist\u00f3 Elche, quiso para el y los cristianos la&hellip;\" \/>\n<meta property=\"og:url\" content=\"https:\/\/raval.es\/historia\/calle-angel-la-frontera\/\" \/>\n<meta property=\"og:site_name\" content=\"Raval Hist\u00f2ric\" \/>\n<meta property=\"article:publisher\" content=\"https:\/\/www.facebook.com\/ravaldelx\/\" \/>\n<meta property=\"article:published_time\" content=\"2024-06-21T09:12:40+00:00\" \/>\n<meta property=\"article:modified_time\" content=\"2024-07-11T16:27:13+00:00\" \/>\n<meta property=\"og:image\" content=\"https:\/\/raval.es\/historia\/wp-content\/uploads\/2024\/06\/carrer-angel.jpg\" \/>\n\t<meta property=\"og:image:width\" content=\"650\" \/>\n\t<meta property=\"og:image:height\" content=\"380\" \/>\n\t<meta property=\"og:image:type\" content=\"image\/jpeg\" \/>\n<meta name=\"author\" content=\"jaume\" \/>\n<meta name=\"twitter:card\" content=\"summary_large_image\" \/>\n<meta name=\"twitter:label1\" content=\"Escrito por\" \/>\n\t<meta name=\"twitter:data1\" content=\"jaume\" \/>\n\t<meta name=\"twitter:label2\" content=\"Tiempo de lectura\" \/>\n\t<meta name=\"twitter:data2\" content=\"1 minuto\" \/>\n<script type=\"application\/ld+json\" class=\"yoast-schema-graph\">{\"@context\":\"https:\/\/schema.org\",\"@graph\":[{\"@type\":\"Article\",\"@id\":\"https:\/\/raval.es\/historia\/calle-angel-la-frontera\/#article\",\"isPartOf\":{\"@id\":\"https:\/\/raval.es\/historia\/calle-angel-la-frontera\/\"},\"author\":{\"name\":\"jaume\",\"@id\":\"https:\/\/raval.es\/historia\/#\/schema\/person\/40fb5d78383acffa8376684168f0b184\"},\"headline\":\"CALLE ANGEL. LA FRONTERA\",\"datePublished\":\"2024-06-21T09:12:40+00:00\",\"dateModified\":\"2024-07-11T16:27:13+00:00\",\"mainEntityOfPage\":{\"@id\":\"https:\/\/raval.es\/historia\/calle-angel-la-frontera\/\"},\"wordCount\":181,\"publisher\":{\"@id\":\"https:\/\/raval.es\/historia\/#organization\"},\"image\":{\"@id\":\"https:\/\/raval.es\/historia\/calle-angel-la-frontera\/#primaryimage\"},\"thumbnailUrl\":\"https:\/\/raval.es\/historia\/wp-content\/uploads\/2024\/06\/carrer-angel.jpg\",\"keywords\":[\"Calle \u00c1ngel\",\"Calles\"],\"articleSection\":[\"CALLES\"],\"inLanguage\":\"es\"},{\"@type\":\"WebPage\",\"@id\":\"https:\/\/raval.es\/historia\/calle-angel-la-frontera\/\",\"url\":\"https:\/\/raval.es\/historia\/calle-angel-la-frontera\/\",\"name\":\"CALLE ANGEL. LA FRONTERA - Raval Hist\u00f2ric\",\"isPartOf\":{\"@id\":\"https:\/\/raval.es\/historia\/#website\"},\"primaryImageOfPage\":{\"@id\":\"https:\/\/raval.es\/historia\/calle-angel-la-frontera\/#primaryimage\"},\"image\":{\"@id\":\"https:\/\/raval.es\/historia\/calle-angel-la-frontera\/#primaryimage\"},\"thumbnailUrl\":\"https:\/\/raval.es\/historia\/wp-content\/uploads\/2024\/06\/carrer-angel.jpg\",\"datePublished\":\"2024-06-21T09:12:40+00:00\",\"dateModified\":\"2024-07-11T16:27:13+00:00\",\"breadcrumb\":{\"@id\":\"https:\/\/raval.es\/historia\/calle-angel-la-frontera\/#breadcrumb\"},\"inLanguage\":\"es\",\"potentialAction\":[{\"@type\":\"ReadAction\",\"target\":[\"https:\/\/raval.es\/historia\/calle-angel-la-frontera\/\"]}]},{\"@type\":\"ImageObject\",\"inLanguage\":\"es\",\"@id\":\"https:\/\/raval.es\/historia\/calle-angel-la-frontera\/#primaryimage\",\"url\":\"https:\/\/raval.es\/historia\/wp-content\/uploads\/2024\/06\/carrer-angel.jpg\",\"contentUrl\":\"https:\/\/raval.es\/historia\/wp-content\/uploads\/2024\/06\/carrer-angel.jpg\",\"width\":650,\"height\":380},{\"@type\":\"BreadcrumbList\",\"@id\":\"https:\/\/raval.es\/historia\/calle-angel-la-frontera\/#breadcrumb\",\"itemListElement\":[{\"@type\":\"ListItem\",\"position\":1,\"name\":\"Portada\",\"item\":\"https:\/\/raval.es\/historia\/\"},{\"@type\":\"ListItem\",\"position\":2,\"name\":\"CALLE ANGEL. LA FRONTERA\"}]},{\"@type\":\"WebSite\",\"@id\":\"https:\/\/raval.es\/historia\/#website\",\"url\":\"https:\/\/raval.es\/historia\/\",\"name\":\"Raval Hist\u00f2ric\",\"description\":\"Un poble dins un poble\",\"publisher\":{\"@id\":\"https:\/\/raval.es\/historia\/#organization\"},\"potentialAction\":[{\"@type\":\"SearchAction\",\"target\":{\"@type\":\"EntryPoint\",\"urlTemplate\":\"https:\/\/raval.es\/historia\/?s={search_term_string}\"},\"query-input\":{\"@type\":\"PropertyValueSpecification\",\"valueRequired\":true,\"valueName\":\"search_term_string\"}}],\"inLanguage\":\"es\"},{\"@type\":\"Organization\",\"@id\":\"https:\/\/raval.es\/historia\/#organization\",\"name\":\"AV Raval\",\"alternateName\":\"Raval Hist\u00f2ric\",\"url\":\"https:\/\/raval.es\/historia\/\",\"logo\":{\"@type\":\"ImageObject\",\"inLanguage\":\"es\",\"@id\":\"https:\/\/raval.es\/historia\/#\/schema\/logo\/image\/\",\"url\":\"https:\/\/raval.es\/historia\/wp-content\/uploads\/2024\/12\/IMG_20241220_122838.jpg\",\"contentUrl\":\"https:\/\/raval.es\/historia\/wp-content\/uploads\/2024\/12\/IMG_20241220_122838.jpg\",\"width\":650,\"height\":318,\"caption\":\"AV Raval\"},\"image\":{\"@id\":\"https:\/\/raval.es\/historia\/#\/schema\/logo\/image\/\"},\"sameAs\":[\"https:\/\/www.facebook.com\/ravaldelx\/\",\"https:\/\/www.instagram.com\/avvraval.elx\/\"]},{\"@type\":\"Person\",\"@id\":\"https:\/\/raval.es\/historia\/#\/schema\/person\/40fb5d78383acffa8376684168f0b184\",\"name\":\"jaume\",\"sameAs\":[\"https:\/\/raval.es\/historia\"],\"url\":\"https:\/\/raval.es\/historia\/author\/olmo\/\"}]}<\/script>\n<!-- \/ Yoast SEO plugin. -->","yoast_head_json":{"title":"CALLE ANGEL. LA FRONTERA - Raval Hist\u00f2ric","robots":{"index":"index","follow":"follow","max-snippet":"max-snippet:-1","max-image-preview":"max-image-preview:large","max-video-preview":"max-video-preview:-1"},"canonical":"https:\/\/raval.es\/historia\/calle-angel-la-frontera\/","og_locale":"es_ES","og_type":"article","og_title":"CALLE ANGEL. LA FRONTERA - Raval Hist\u00f2ric","og_description":"\u00c1lvaro Garc\u00eda Cuando el Rey de Arag\u00f3n conquist\u00f3 Elche, quiso para el y los cristianos la&hellip;","og_url":"https:\/\/raval.es\/historia\/calle-angel-la-frontera\/","og_site_name":"Raval Hist\u00f2ric","article_publisher":"https:\/\/www.facebook.com\/ravaldelx\/","article_published_time":"2024-06-21T09:12:40+00:00","article_modified_time":"2024-07-11T16:27:13+00:00","og_image":[{"width":650,"height":380,"url":"https:\/\/raval.es\/historia\/wp-content\/uploads\/2024\/06\/carrer-angel.jpg","type":"image\/jpeg"}],"author":"jaume","twitter_card":"summary_large_image","twitter_misc":{"Escrito por":"jaume","Tiempo de lectura":"1 minuto"},"schema":{"@context":"https:\/\/schema.org","@graph":[{"@type":"Article","@id":"https:\/\/raval.es\/historia\/calle-angel-la-frontera\/#article","isPartOf":{"@id":"https:\/\/raval.es\/historia\/calle-angel-la-frontera\/"},"author":{"name":"jaume","@id":"https:\/\/raval.es\/historia\/#\/schema\/person\/40fb5d78383acffa8376684168f0b184"},"headline":"CALLE ANGEL. LA FRONTERA","datePublished":"2024-06-21T09:12:40+00:00","dateModified":"2024-07-11T16:27:13+00:00","mainEntityOfPage":{"@id":"https:\/\/raval.es\/historia\/calle-angel-la-frontera\/"},"wordCount":181,"publisher":{"@id":"https:\/\/raval.es\/historia\/#organization"},"image":{"@id":"https:\/\/raval.es\/historia\/calle-angel-la-frontera\/#primaryimage"},"thumbnailUrl":"https:\/\/raval.es\/historia\/wp-content\/uploads\/2024\/06\/carrer-angel.jpg","keywords":["Calle \u00c1ngel","Calles"],"articleSection":["CALLES"],"inLanguage":"es"},{"@type":"WebPage","@id":"https:\/\/raval.es\/historia\/calle-angel-la-frontera\/","url":"https:\/\/raval.es\/historia\/calle-angel-la-frontera\/","name":"CALLE ANGEL. LA FRONTERA - Raval Hist\u00f2ric","isPartOf":{"@id":"https:\/\/raval.es\/historia\/#website"},"primaryImageOfPage":{"@id":"https:\/\/raval.es\/historia\/calle-angel-la-frontera\/#primaryimage"},"image":{"@id":"https:\/\/raval.es\/historia\/calle-angel-la-frontera\/#primaryimage"},"thumbnailUrl":"https:\/\/raval.es\/historia\/wp-content\/uploads\/2024\/06\/carrer-angel.jpg","datePublished":"2024-06-21T09:12:40+00:00","dateModified":"2024-07-11T16:27:13+00:00","breadcrumb":{"@id":"https:\/\/raval.es\/historia\/calle-angel-la-frontera\/#breadcrumb"},"inLanguage":"es","potentialAction":[{"@type":"ReadAction","target":["https:\/\/raval.es\/historia\/calle-angel-la-frontera\/"]}]},{"@type":"ImageObject","inLanguage":"es","@id":"https:\/\/raval.es\/historia\/calle-angel-la-frontera\/#primaryimage","url":"https:\/\/raval.es\/historia\/wp-content\/uploads\/2024\/06\/carrer-angel.jpg","contentUrl":"https:\/\/raval.es\/historia\/wp-content\/uploads\/2024\/06\/carrer-angel.jpg","width":650,"height":380},{"@type":"BreadcrumbList","@id":"https:\/\/raval.es\/historia\/calle-angel-la-frontera\/#breadcrumb","itemListElement":[{"@type":"ListItem","position":1,"name":"Portada","item":"https:\/\/raval.es\/historia\/"},{"@type":"ListItem","position":2,"name":"CALLE ANGEL. LA FRONTERA"}]},{"@type":"WebSite","@id":"https:\/\/raval.es\/historia\/#website","url":"https:\/\/raval.es\/historia\/","name":"Raval Hist\u00f2ric","description":"Un poble dins un poble","publisher":{"@id":"https:\/\/raval.es\/historia\/#organization"},"potentialAction":[{"@type":"SearchAction","target":{"@type":"EntryPoint","urlTemplate":"https:\/\/raval.es\/historia\/?s={search_term_string}"},"query-input":{"@type":"PropertyValueSpecification","valueRequired":true,"valueName":"search_term_string"}}],"inLanguage":"es"},{"@type":"Organization","@id":"https:\/\/raval.es\/historia\/#organization","name":"AV Raval","alternateName":"Raval Hist\u00f2ric","url":"https:\/\/raval.es\/historia\/","logo":{"@type":"ImageObject","inLanguage":"es","@id":"https:\/\/raval.es\/historia\/#\/schema\/logo\/image\/","url":"https:\/\/raval.es\/historia\/wp-content\/uploads\/2024\/12\/IMG_20241220_122838.jpg","contentUrl":"https:\/\/raval.es\/historia\/wp-content\/uploads\/2024\/12\/IMG_20241220_122838.jpg","width":650,"height":318,"caption":"AV Raval"},"image":{"@id":"https:\/\/raval.es\/historia\/#\/schema\/logo\/image\/"},"sameAs":["https:\/\/www.facebook.com\/ravaldelx\/","https:\/\/www.instagram.com\/avvraval.elx\/"]},{"@type":"Person","@id":"https:\/\/raval.es\/historia\/#\/schema\/person\/40fb5d78383acffa8376684168f0b184","name":"jaume","sameAs":["https:\/\/raval.es\/historia"],"url":"https:\/\/raval.es\/historia\/author\/olmo\/"}]}},"_links":{"self":[{"href":"https:\/\/raval.es\/historia\/wp-json\/wp\/v2\/posts\/231","targetHints":{"allow":["GET"]}}],"collection":[{"href":"https:\/\/raval.es\/historia\/wp-json\/wp\/v2\/posts"}],"about":[{"href":"https:\/\/raval.es\/historia\/wp-json\/wp\/v2\/types\/post"}],"author":[{"embeddable":true,"href":"https:\/\/raval.es\/historia\/wp-json\/wp\/v2\/users\/1"}],"replies":[{"embeddable":true,"href":"https:\/\/raval.es\/historia\/wp-json\/wp\/v2\/comments?post=231"}],"version-history":[{"count":7,"href":"https:\/\/raval.es\/historia\/wp-json\/wp\/v2\/posts\/231\/revisions"}],"predecessor-version":[{"id":587,"href":"https:\/\/raval.es\/historia\/wp-json\/wp\/v2\/posts\/231\/revisions\/587"}],"wp:featuredmedia":[{"embeddable":true,"href":"https:\/\/raval.es\/historia\/wp-json\/wp\/v2\/media\/241"}],"wp:attachment":[{"href":"https:\/\/raval.es\/historia\/wp-json\/wp\/v2\/media?parent=231"}],"wp:term":[{"taxonomy":"category","embeddable":true,"href":"https:\/\/raval.es\/historia\/wp-json\/wp\/v2\/categories?post=231"},{"taxonomy":"post_tag","embeddable":true,"href":"https:\/\/raval.es\/historia\/wp-json\/wp\/v2\/tags?post=231"}],"curies":[{"name":"wp","href":"https:\/\/api.w.org\/{rel}","templated":true}]}}