{"id":336,"date":"2024-07-03T08:29:20","date_gmt":"2024-07-03T08:29:20","guid":{"rendered":"https:\/\/raval.es\/historia\/?p=336"},"modified":"2024-07-11T16:24:11","modified_gmt":"2024-07-11T16:24:11","slug":"plaza-de-san-juan","status":"publish","type":"post","link":"https:\/\/raval.es\/historia\/plaza-de-san-juan\/","title":{"rendered":"PLAZA DE SAN JUAN"},"content":{"rendered":"<p><b>\u00c1lvaro Garc\u00eda<\/b><\/p>\n<hr>\n<hr>\n<p>En la <b>Edad Media<\/b> este espacio urbano era el <b>Patio de Abluciones<\/b> de la <b>Mezquita de la Alhama Musulmana<\/b> de <b>Elche,<\/b> tras la conversi\u00f3n en iglesia en 1526 ese patio qued\u00f3 fosilizado con el tiempo en plaza p\u00fablica denominada de <b>San Juan.<\/b><br \/>\nTras la proclamaci\u00f3n de la <b>II Rep\u00fablica<\/b> el ayuntamiento le cambia el nombre por el de <b>Plaza de Carlos Marx,<\/b> tras la <b>Guerra Civil<\/b> recupera su toponimia como <b>Plaza de San Juan<\/b> y en 1984 como <b>Pla\u00e7a de Sant Joan.<\/b><\/p>\n<hr>\n<p>Fuente: Alejandro Ramos Folqu\u00e9s<\/p>\n","protected":false},"excerpt":{"rendered":"<p>\u00c1lvaro Garc\u00eda En la Edad Media este espacio urbano era el Patio de Abluciones de la&hellip;<\/p>\n","protected":false},"author":1,"featured_media":335,"comment_status":"closed","ping_status":"closed","sticky":false,"template":"","format":"standard","meta":{"footnotes":""},"categories":[56],"tags":[50,30],"class_list":["post-336","post","type-post","status-publish","format-standard","has-post-thumbnail","hentry","category-historia","tag-historia-n","tag-san-juan"],"yoast_head":"<!-- This site is optimized with the Yoast SEO plugin v25.7 - https:\/\/yoast.com\/wordpress\/plugins\/seo\/ -->\n<title>PLAZA DE SAN JUAN - Raval Hist\u00f2ric<\/title>\n<meta name=\"robots\" content=\"index, follow, max-snippet:-1, max-image-preview:large, max-video-preview:-1\" \/>\n<link rel=\"canonical\" href=\"https:\/\/raval.es\/historia\/plaza-de-san-juan\/\" \/>\n<meta property=\"og:locale\" content=\"es_ES\" \/>\n<meta property=\"og:type\" content=\"article\" \/>\n<meta property=\"og:title\" content=\"PLAZA DE SAN JUAN - Raval Hist\u00f2ric\" \/>\n<meta property=\"og:description\" content=\"\u00c1lvaro Garc\u00eda En la Edad Media este espacio urbano era el Patio de Abluciones de la&hellip;\" \/>\n<meta property=\"og:url\" content=\"https:\/\/raval.es\/historia\/plaza-de-san-juan\/\" \/>\n<meta property=\"og:site_name\" content=\"Raval Hist\u00f2ric\" \/>\n<meta property=\"article:publisher\" content=\"https:\/\/www.facebook.com\/ravaldelx\/\" \/>\n<meta property=\"article:published_time\" content=\"2024-07-03T08:29:20+00:00\" \/>\n<meta property=\"article:modified_time\" content=\"2024-07-11T16:24:11+00:00\" \/>\n<meta property=\"og:image\" content=\"https:\/\/raval.es\/historia\/wp-content\/uploads\/2024\/06\/FB_IMG_1719208137501.jpg\" \/>\n\t<meta property=\"og:image:width\" content=\"1080\" \/>\n\t<meta property=\"og:image:height\" content=\"657\" \/>\n\t<meta property=\"og:image:type\" content=\"image\/jpeg\" \/>\n<meta name=\"author\" content=\"jaume\" \/>\n<meta name=\"twitter:card\" content=\"summary_large_image\" \/>\n<meta name=\"twitter:label1\" content=\"Escrito por\" \/>\n\t<meta name=\"twitter:data1\" content=\"jaume\" \/>\n<script type=\"application\/ld+json\" class=\"yoast-schema-graph\">{\"@context\":\"https:\/\/schema.org\",\"@graph\":[{\"@type\":\"Article\",\"@id\":\"https:\/\/raval.es\/historia\/plaza-de-san-juan\/#article\",\"isPartOf\":{\"@id\":\"https:\/\/raval.es\/historia\/plaza-de-san-juan\/\"},\"author\":{\"name\":\"jaume\",\"@id\":\"https:\/\/raval.es\/historia\/#\/schema\/person\/40fb5d78383acffa8376684168f0b184\"},\"headline\":\"PLAZA DE SAN JUAN\",\"datePublished\":\"2024-07-03T08:29:20+00:00\",\"dateModified\":\"2024-07-11T16:24:11+00:00\",\"mainEntityOfPage\":{\"@id\":\"https:\/\/raval.es\/historia\/plaza-de-san-juan\/\"},\"wordCount\":97,\"publisher\":{\"@id\":\"https:\/\/raval.es\/historia\/#organization\"},\"image\":{\"@id\":\"https:\/\/raval.es\/historia\/plaza-de-san-juan\/#primaryimage\"},\"thumbnailUrl\":\"https:\/\/raval.es\/historia\/wp-content\/uploads\/2024\/06\/FB_IMG_1719208137501.jpg\",\"keywords\":[\"Historia \u00f1\",\"San Juan\"],\"articleSection\":[\"HISTORIA\"],\"inLanguage\":\"es\"},{\"@type\":\"WebPage\",\"@id\":\"https:\/\/raval.es\/historia\/plaza-de-san-juan\/\",\"url\":\"https:\/\/raval.es\/historia\/plaza-de-san-juan\/\",\"name\":\"PLAZA DE SAN JUAN - Raval Hist\u00f2ric\",\"isPartOf\":{\"@id\":\"https:\/\/raval.es\/historia\/#website\"},\"primaryImageOfPage\":{\"@id\":\"https:\/\/raval.es\/historia\/plaza-de-san-juan\/#primaryimage\"},\"image\":{\"@id\":\"https:\/\/raval.es\/historia\/plaza-de-san-juan\/#primaryimage\"},\"thumbnailUrl\":\"https:\/\/raval.es\/historia\/wp-content\/uploads\/2024\/06\/FB_IMG_1719208137501.jpg\",\"datePublished\":\"2024-07-03T08:29:20+00:00\",\"dateModified\":\"2024-07-11T16:24:11+00:00\",\"breadcrumb\":{\"@id\":\"https:\/\/raval.es\/historia\/plaza-de-san-juan\/#breadcrumb\"},\"inLanguage\":\"es\",\"potentialAction\":[{\"@type\":\"ReadAction\",\"target\":[\"https:\/\/raval.es\/historia\/plaza-de-san-juan\/\"]}]},{\"@type\":\"ImageObject\",\"inLanguage\":\"es\",\"@id\":\"https:\/\/raval.es\/historia\/plaza-de-san-juan\/#primaryimage\",\"url\":\"https:\/\/raval.es\/historia\/wp-content\/uploads\/2024\/06\/FB_IMG_1719208137501.jpg\",\"contentUrl\":\"https:\/\/raval.es\/historia\/wp-content\/uploads\/2024\/06\/FB_IMG_1719208137501.jpg\",\"width\":1080,\"height\":657},{\"@type\":\"BreadcrumbList\",\"@id\":\"https:\/\/raval.es\/historia\/plaza-de-san-juan\/#breadcrumb\",\"itemListElement\":[{\"@type\":\"ListItem\",\"position\":1,\"name\":\"Portada\",\"item\":\"https:\/\/raval.es\/historia\/\"},{\"@type\":\"ListItem\",\"position\":2,\"name\":\"PLAZA DE SAN JUAN\"}]},{\"@type\":\"WebSite\",\"@id\":\"https:\/\/raval.es\/historia\/#website\",\"url\":\"https:\/\/raval.es\/historia\/\",\"name\":\"Raval Hist\u00f2ric\",\"description\":\"Un poble dins un poble\",\"publisher\":{\"@id\":\"https:\/\/raval.es\/historia\/#organization\"},\"potentialAction\":[{\"@type\":\"SearchAction\",\"target\":{\"@type\":\"EntryPoint\",\"urlTemplate\":\"https:\/\/raval.es\/historia\/?s={search_term_string}\"},\"query-input\":{\"@type\":\"PropertyValueSpecification\",\"valueRequired\":true,\"valueName\":\"search_term_string\"}}],\"inLanguage\":\"es\"},{\"@type\":\"Organization\",\"@id\":\"https:\/\/raval.es\/historia\/#organization\",\"name\":\"AV Raval\",\"alternateName\":\"Raval Hist\u00f2ric\",\"url\":\"https:\/\/raval.es\/historia\/\",\"logo\":{\"@type\":\"ImageObject\",\"inLanguage\":\"es\",\"@id\":\"https:\/\/raval.es\/historia\/#\/schema\/logo\/image\/\",\"url\":\"https:\/\/raval.es\/historia\/wp-content\/uploads\/2024\/12\/IMG_20241220_122838.jpg\",\"contentUrl\":\"https:\/\/raval.es\/historia\/wp-content\/uploads\/2024\/12\/IMG_20241220_122838.jpg\",\"width\":650,\"height\":318,\"caption\":\"AV Raval\"},\"image\":{\"@id\":\"https:\/\/raval.es\/historia\/#\/schema\/logo\/image\/\"},\"sameAs\":[\"https:\/\/www.facebook.com\/ravaldelx\/\",\"https:\/\/www.instagram.com\/avvraval.elx\/\"]},{\"@type\":\"Person\",\"@id\":\"https:\/\/raval.es\/historia\/#\/schema\/person\/40fb5d78383acffa8376684168f0b184\",\"name\":\"jaume\",\"sameAs\":[\"https:\/\/raval.es\/historia\"],\"url\":\"https:\/\/raval.es\/historia\/author\/olmo\/\"}]}<\/script>\n<!-- \/ Yoast SEO plugin. -->","yoast_head_json":{"title":"PLAZA DE SAN JUAN - Raval Hist\u00f2ric","robots":{"index":"index","follow":"follow","max-snippet":"max-snippet:-1","max-image-preview":"max-image-preview:large","max-video-preview":"max-video-preview:-1"},"canonical":"https:\/\/raval.es\/historia\/plaza-de-san-juan\/","og_locale":"es_ES","og_type":"article","og_title":"PLAZA DE SAN JUAN - Raval Hist\u00f2ric","og_description":"\u00c1lvaro Garc\u00eda En la Edad Media este espacio urbano era el Patio de Abluciones de la&hellip;","og_url":"https:\/\/raval.es\/historia\/plaza-de-san-juan\/","og_site_name":"Raval Hist\u00f2ric","article_publisher":"https:\/\/www.facebook.com\/ravaldelx\/","article_published_time":"2024-07-03T08:29:20+00:00","article_modified_time":"2024-07-11T16:24:11+00:00","og_image":[{"width":1080,"height":657,"url":"https:\/\/raval.es\/historia\/wp-content\/uploads\/2024\/06\/FB_IMG_1719208137501.jpg","type":"image\/jpeg"}],"author":"jaume","twitter_card":"summary_large_image","twitter_misc":{"Escrito por":"jaume"},"schema":{"@context":"https:\/\/schema.org","@graph":[{"@type":"Article","@id":"https:\/\/raval.es\/historia\/plaza-de-san-juan\/#article","isPartOf":{"@id":"https:\/\/raval.es\/historia\/plaza-de-san-juan\/"},"author":{"name":"jaume","@id":"https:\/\/raval.es\/historia\/#\/schema\/person\/40fb5d78383acffa8376684168f0b184"},"headline":"PLAZA DE SAN JUAN","datePublished":"2024-07-03T08:29:20+00:00","dateModified":"2024-07-11T16:24:11+00:00","mainEntityOfPage":{"@id":"https:\/\/raval.es\/historia\/plaza-de-san-juan\/"},"wordCount":97,"publisher":{"@id":"https:\/\/raval.es\/historia\/#organization"},"image":{"@id":"https:\/\/raval.es\/historia\/plaza-de-san-juan\/#primaryimage"},"thumbnailUrl":"https:\/\/raval.es\/historia\/wp-content\/uploads\/2024\/06\/FB_IMG_1719208137501.jpg","keywords":["Historia \u00f1","San Juan"],"articleSection":["HISTORIA"],"inLanguage":"es"},{"@type":"WebPage","@id":"https:\/\/raval.es\/historia\/plaza-de-san-juan\/","url":"https:\/\/raval.es\/historia\/plaza-de-san-juan\/","name":"PLAZA DE SAN JUAN - Raval Hist\u00f2ric","isPartOf":{"@id":"https:\/\/raval.es\/historia\/#website"},"primaryImageOfPage":{"@id":"https:\/\/raval.es\/historia\/plaza-de-san-juan\/#primaryimage"},"image":{"@id":"https:\/\/raval.es\/historia\/plaza-de-san-juan\/#primaryimage"},"thumbnailUrl":"https:\/\/raval.es\/historia\/wp-content\/uploads\/2024\/06\/FB_IMG_1719208137501.jpg","datePublished":"2024-07-03T08:29:20+00:00","dateModified":"2024-07-11T16:24:11+00:00","breadcrumb":{"@id":"https:\/\/raval.es\/historia\/plaza-de-san-juan\/#breadcrumb"},"inLanguage":"es","potentialAction":[{"@type":"ReadAction","target":["https:\/\/raval.es\/historia\/plaza-de-san-juan\/"]}]},{"@type":"ImageObject","inLanguage":"es","@id":"https:\/\/raval.es\/historia\/plaza-de-san-juan\/#primaryimage","url":"https:\/\/raval.es\/historia\/wp-content\/uploads\/2024\/06\/FB_IMG_1719208137501.jpg","contentUrl":"https:\/\/raval.es\/historia\/wp-content\/uploads\/2024\/06\/FB_IMG_1719208137501.jpg","width":1080,"height":657},{"@type":"BreadcrumbList","@id":"https:\/\/raval.es\/historia\/plaza-de-san-juan\/#breadcrumb","itemListElement":[{"@type":"ListItem","position":1,"name":"Portada","item":"https:\/\/raval.es\/historia\/"},{"@type":"ListItem","position":2,"name":"PLAZA DE SAN JUAN"}]},{"@type":"WebSite","@id":"https:\/\/raval.es\/historia\/#website","url":"https:\/\/raval.es\/historia\/","name":"Raval Hist\u00f2ric","description":"Un poble dins un poble","publisher":{"@id":"https:\/\/raval.es\/historia\/#organization"},"potentialAction":[{"@type":"SearchAction","target":{"@type":"EntryPoint","urlTemplate":"https:\/\/raval.es\/historia\/?s={search_term_string}"},"query-input":{"@type":"PropertyValueSpecification","valueRequired":true,"valueName":"search_term_string"}}],"inLanguage":"es"},{"@type":"Organization","@id":"https:\/\/raval.es\/historia\/#organization","name":"AV Raval","alternateName":"Raval Hist\u00f2ric","url":"https:\/\/raval.es\/historia\/","logo":{"@type":"ImageObject","inLanguage":"es","@id":"https:\/\/raval.es\/historia\/#\/schema\/logo\/image\/","url":"https:\/\/raval.es\/historia\/wp-content\/uploads\/2024\/12\/IMG_20241220_122838.jpg","contentUrl":"https:\/\/raval.es\/historia\/wp-content\/uploads\/2024\/12\/IMG_20241220_122838.jpg","width":650,"height":318,"caption":"AV Raval"},"image":{"@id":"https:\/\/raval.es\/historia\/#\/schema\/logo\/image\/"},"sameAs":["https:\/\/www.facebook.com\/ravaldelx\/","https:\/\/www.instagram.com\/avvraval.elx\/"]},{"@type":"Person","@id":"https:\/\/raval.es\/historia\/#\/schema\/person\/40fb5d78383acffa8376684168f0b184","name":"jaume","sameAs":["https:\/\/raval.es\/historia"],"url":"https:\/\/raval.es\/historia\/author\/olmo\/"}]}},"_links":{"self":[{"href":"https:\/\/raval.es\/historia\/wp-json\/wp\/v2\/posts\/336","targetHints":{"allow":["GET"]}}],"collection":[{"href":"https:\/\/raval.es\/historia\/wp-json\/wp\/v2\/posts"}],"about":[{"href":"https:\/\/raval.es\/historia\/wp-json\/wp\/v2\/types\/post"}],"author":[{"embeddable":true,"href":"https:\/\/raval.es\/historia\/wp-json\/wp\/v2\/users\/1"}],"replies":[{"embeddable":true,"href":"https:\/\/raval.es\/historia\/wp-json\/wp\/v2\/comments?post=336"}],"version-history":[{"count":6,"href":"https:\/\/raval.es\/historia\/wp-json\/wp\/v2\/posts\/336\/revisions"}],"predecessor-version":[{"id":578,"href":"https:\/\/raval.es\/historia\/wp-json\/wp\/v2\/posts\/336\/revisions\/578"}],"wp:featuredmedia":[{"embeddable":true,"href":"https:\/\/raval.es\/historia\/wp-json\/wp\/v2\/media\/335"}],"wp:attachment":[{"href":"https:\/\/raval.es\/historia\/wp-json\/wp\/v2\/media?parent=336"}],"wp:term":[{"taxonomy":"category","embeddable":true,"href":"https:\/\/raval.es\/historia\/wp-json\/wp\/v2\/categories?post=336"},{"taxonomy":"post_tag","embeddable":true,"href":"https:\/\/raval.es\/historia\/wp-json\/wp\/v2\/tags?post=336"}],"curies":[{"name":"wp","href":"https:\/\/api.w.org\/{rel}","templated":true}]}}