{"id":437,"date":"2024-07-05T11:32:33","date_gmt":"2024-07-05T11:32:33","guid":{"rendered":"https:\/\/raval.es\/historia\/?p=437"},"modified":"2024-07-11T16:23:42","modified_gmt":"2024-07-11T16:23:42","slug":"calle-aurora","status":"publish","type":"post","link":"https:\/\/raval.es\/historia\/calle-aurora\/","title":{"rendered":"CALLE AURORA"},"content":{"rendered":"<b>\u00c1lvaro Garc\u00eda<\/b><hr><hr>\n<p>La denominaci\u00f3n de esta calle del <b>Raval<\/b> hace referencia a la antigua ermita, situada en esa zona de <b>Elche<\/b> que estaba dedicada a la <b>Divina Aurora<\/b> de <b>Nuestra Se\u00f1ora de los \u00c1ngeles<\/b>, m\u00e1s conocida en su \u00e9poca como la <b>Ermita de los \u00c1ngeles<\/b> o de <b>San Jorge.<\/b><hr>\n<p>Fuente: Joan Casta\u00f1o Garc\u00eda y Gabriel Sansano<o\/p>\n\n\n<figure class=\"wp-block-image size-full\"><img loading=\"lazy\" decoding=\"async\" width=\"410\" height=\"592\" src=\"https:\/\/raval.es\/historia\/wp-content\/uploads\/2024\/07\/55_0.jpg\" alt=\"\" class=\"wp-image-421\" srcset=\"https:\/\/raval.es\/historia\/wp-content\/uploads\/2024\/07\/55_0.jpg 410w, https:\/\/raval.es\/historia\/wp-content\/uploads\/2024\/07\/55_0-208x300.jpg 208w\" sizes=\"auto, (max-width: 410px) 100vw, 410px\" \/><\/figure>\n","protected":false},"excerpt":{"rendered":"<p>\u00c1lvaro Garc\u00eda La denominaci\u00f3n de esta calle del Raval hace referencia a la antigua ermita, situada&hellip;<\/p>\n","protected":false},"author":1,"featured_media":359,"comment_status":"closed","ping_status":"closed","sticky":false,"template":"","format":"standard","meta":{"footnotes":""},"categories":[54],"tags":[53,55],"class_list":["post-437","post","type-post","status-publish","format-standard","has-post-thumbnail","hentry","category-calles","tag-calle-aurora","tag-calles"],"yoast_head":"<!-- This site is optimized with the Yoast SEO plugin v25.7 - https:\/\/yoast.com\/wordpress\/plugins\/seo\/ -->\n<title>CALLE AURORA - Raval Hist\u00f2ric<\/title>\n<meta name=\"robots\" content=\"index, follow, max-snippet:-1, max-image-preview:large, max-video-preview:-1\" \/>\n<link rel=\"canonical\" href=\"https:\/\/raval.es\/historia\/calle-aurora\/\" \/>\n<meta property=\"og:locale\" content=\"es_ES\" \/>\n<meta property=\"og:type\" content=\"article\" \/>\n<meta property=\"og:title\" content=\"CALLE AURORA - Raval Hist\u00f2ric\" \/>\n<meta property=\"og:description\" content=\"\u00c1lvaro Garc\u00eda La denominaci\u00f3n de esta calle del Raval hace referencia a la antigua ermita, situada&hellip;\" \/>\n<meta property=\"og:url\" content=\"https:\/\/raval.es\/historia\/calle-aurora\/\" \/>\n<meta property=\"og:site_name\" content=\"Raval Hist\u00f2ric\" \/>\n<meta property=\"article:publisher\" content=\"https:\/\/www.facebook.com\/ravaldelx\/\" \/>\n<meta property=\"article:published_time\" content=\"2024-07-05T11:32:33+00:00\" \/>\n<meta property=\"article:modified_time\" content=\"2024-07-11T16:23:42+00:00\" \/>\n<meta property=\"og:image\" content=\"https:\/\/raval.es\/historia\/wp-content\/uploads\/2024\/07\/carrer-aurora.jpg\" \/>\n\t<meta property=\"og:image:width\" content=\"650\" \/>\n\t<meta property=\"og:image:height\" content=\"382\" \/>\n\t<meta property=\"og:image:type\" content=\"image\/jpeg\" \/>\n<meta name=\"author\" content=\"jaume\" \/>\n<meta name=\"twitter:card\" content=\"summary_large_image\" \/>\n<meta name=\"twitter:label1\" content=\"Escrito por\" \/>\n\t<meta name=\"twitter:data1\" content=\"jaume\" \/>\n<script type=\"application\/ld+json\" class=\"yoast-schema-graph\">{\"@context\":\"https:\/\/schema.org\",\"@graph\":[{\"@type\":\"Article\",\"@id\":\"https:\/\/raval.es\/historia\/calle-aurora\/#article\",\"isPartOf\":{\"@id\":\"https:\/\/raval.es\/historia\/calle-aurora\/\"},\"author\":{\"name\":\"jaume\",\"@id\":\"https:\/\/raval.es\/historia\/#\/schema\/person\/40fb5d78383acffa8376684168f0b184\"},\"headline\":\"CALLE AURORA\",\"datePublished\":\"2024-07-05T11:32:33+00:00\",\"dateModified\":\"2024-07-11T16:23:42+00:00\",\"mainEntityOfPage\":{\"@id\":\"https:\/\/raval.es\/historia\/calle-aurora\/\"},\"wordCount\":64,\"publisher\":{\"@id\":\"https:\/\/raval.es\/historia\/#organization\"},\"image\":{\"@id\":\"https:\/\/raval.es\/historia\/calle-aurora\/#primaryimage\"},\"thumbnailUrl\":\"https:\/\/raval.es\/historia\/wp-content\/uploads\/2024\/07\/carrer-aurora.jpg\",\"keywords\":[\"Calle Aurora\",\"Calles\"],\"articleSection\":[\"CALLES\"],\"inLanguage\":\"es\"},{\"@type\":\"WebPage\",\"@id\":\"https:\/\/raval.es\/historia\/calle-aurora\/\",\"url\":\"https:\/\/raval.es\/historia\/calle-aurora\/\",\"name\":\"CALLE AURORA - Raval Hist\u00f2ric\",\"isPartOf\":{\"@id\":\"https:\/\/raval.es\/historia\/#website\"},\"primaryImageOfPage\":{\"@id\":\"https:\/\/raval.es\/historia\/calle-aurora\/#primaryimage\"},\"image\":{\"@id\":\"https:\/\/raval.es\/historia\/calle-aurora\/#primaryimage\"},\"thumbnailUrl\":\"https:\/\/raval.es\/historia\/wp-content\/uploads\/2024\/07\/carrer-aurora.jpg\",\"datePublished\":\"2024-07-05T11:32:33+00:00\",\"dateModified\":\"2024-07-11T16:23:42+00:00\",\"breadcrumb\":{\"@id\":\"https:\/\/raval.es\/historia\/calle-aurora\/#breadcrumb\"},\"inLanguage\":\"es\",\"potentialAction\":[{\"@type\":\"ReadAction\",\"target\":[\"https:\/\/raval.es\/historia\/calle-aurora\/\"]}]},{\"@type\":\"ImageObject\",\"inLanguage\":\"es\",\"@id\":\"https:\/\/raval.es\/historia\/calle-aurora\/#primaryimage\",\"url\":\"https:\/\/raval.es\/historia\/wp-content\/uploads\/2024\/07\/carrer-aurora.jpg\",\"contentUrl\":\"https:\/\/raval.es\/historia\/wp-content\/uploads\/2024\/07\/carrer-aurora.jpg\",\"width\":650,\"height\":382},{\"@type\":\"BreadcrumbList\",\"@id\":\"https:\/\/raval.es\/historia\/calle-aurora\/#breadcrumb\",\"itemListElement\":[{\"@type\":\"ListItem\",\"position\":1,\"name\":\"Portada\",\"item\":\"https:\/\/raval.es\/historia\/\"},{\"@type\":\"ListItem\",\"position\":2,\"name\":\"CALLE AURORA\"}]},{\"@type\":\"WebSite\",\"@id\":\"https:\/\/raval.es\/historia\/#website\",\"url\":\"https:\/\/raval.es\/historia\/\",\"name\":\"Raval Hist\u00f2ric\",\"description\":\"Un poble dins un poble\",\"publisher\":{\"@id\":\"https:\/\/raval.es\/historia\/#organization\"},\"potentialAction\":[{\"@type\":\"SearchAction\",\"target\":{\"@type\":\"EntryPoint\",\"urlTemplate\":\"https:\/\/raval.es\/historia\/?s={search_term_string}\"},\"query-input\":{\"@type\":\"PropertyValueSpecification\",\"valueRequired\":true,\"valueName\":\"search_term_string\"}}],\"inLanguage\":\"es\"},{\"@type\":\"Organization\",\"@id\":\"https:\/\/raval.es\/historia\/#organization\",\"name\":\"AV Raval\",\"alternateName\":\"Raval Hist\u00f2ric\",\"url\":\"https:\/\/raval.es\/historia\/\",\"logo\":{\"@type\":\"ImageObject\",\"inLanguage\":\"es\",\"@id\":\"https:\/\/raval.es\/historia\/#\/schema\/logo\/image\/\",\"url\":\"https:\/\/raval.es\/historia\/wp-content\/uploads\/2024\/12\/IMG_20241220_122838.jpg\",\"contentUrl\":\"https:\/\/raval.es\/historia\/wp-content\/uploads\/2024\/12\/IMG_20241220_122838.jpg\",\"width\":650,\"height\":318,\"caption\":\"AV Raval\"},\"image\":{\"@id\":\"https:\/\/raval.es\/historia\/#\/schema\/logo\/image\/\"},\"sameAs\":[\"https:\/\/www.facebook.com\/ravaldelx\/\",\"https:\/\/www.instagram.com\/avvraval.elx\/\"]},{\"@type\":\"Person\",\"@id\":\"https:\/\/raval.es\/historia\/#\/schema\/person\/40fb5d78383acffa8376684168f0b184\",\"name\":\"jaume\",\"sameAs\":[\"https:\/\/raval.es\/historia\"],\"url\":\"https:\/\/raval.es\/historia\/author\/olmo\/\"}]}<\/script>\n<!-- \/ Yoast SEO plugin. -->","yoast_head_json":{"title":"CALLE AURORA - Raval Hist\u00f2ric","robots":{"index":"index","follow":"follow","max-snippet":"max-snippet:-1","max-image-preview":"max-image-preview:large","max-video-preview":"max-video-preview:-1"},"canonical":"https:\/\/raval.es\/historia\/calle-aurora\/","og_locale":"es_ES","og_type":"article","og_title":"CALLE AURORA - Raval Hist\u00f2ric","og_description":"\u00c1lvaro Garc\u00eda La denominaci\u00f3n de esta calle del Raval hace referencia a la antigua ermita, situada&hellip;","og_url":"https:\/\/raval.es\/historia\/calle-aurora\/","og_site_name":"Raval Hist\u00f2ric","article_publisher":"https:\/\/www.facebook.com\/ravaldelx\/","article_published_time":"2024-07-05T11:32:33+00:00","article_modified_time":"2024-07-11T16:23:42+00:00","og_image":[{"width":650,"height":382,"url":"https:\/\/raval.es\/historia\/wp-content\/uploads\/2024\/07\/carrer-aurora.jpg","type":"image\/jpeg"}],"author":"jaume","twitter_card":"summary_large_image","twitter_misc":{"Escrito por":"jaume"},"schema":{"@context":"https:\/\/schema.org","@graph":[{"@type":"Article","@id":"https:\/\/raval.es\/historia\/calle-aurora\/#article","isPartOf":{"@id":"https:\/\/raval.es\/historia\/calle-aurora\/"},"author":{"name":"jaume","@id":"https:\/\/raval.es\/historia\/#\/schema\/person\/40fb5d78383acffa8376684168f0b184"},"headline":"CALLE AURORA","datePublished":"2024-07-05T11:32:33+00:00","dateModified":"2024-07-11T16:23:42+00:00","mainEntityOfPage":{"@id":"https:\/\/raval.es\/historia\/calle-aurora\/"},"wordCount":64,"publisher":{"@id":"https:\/\/raval.es\/historia\/#organization"},"image":{"@id":"https:\/\/raval.es\/historia\/calle-aurora\/#primaryimage"},"thumbnailUrl":"https:\/\/raval.es\/historia\/wp-content\/uploads\/2024\/07\/carrer-aurora.jpg","keywords":["Calle Aurora","Calles"],"articleSection":["CALLES"],"inLanguage":"es"},{"@type":"WebPage","@id":"https:\/\/raval.es\/historia\/calle-aurora\/","url":"https:\/\/raval.es\/historia\/calle-aurora\/","name":"CALLE AURORA - Raval Hist\u00f2ric","isPartOf":{"@id":"https:\/\/raval.es\/historia\/#website"},"primaryImageOfPage":{"@id":"https:\/\/raval.es\/historia\/calle-aurora\/#primaryimage"},"image":{"@id":"https:\/\/raval.es\/historia\/calle-aurora\/#primaryimage"},"thumbnailUrl":"https:\/\/raval.es\/historia\/wp-content\/uploads\/2024\/07\/carrer-aurora.jpg","datePublished":"2024-07-05T11:32:33+00:00","dateModified":"2024-07-11T16:23:42+00:00","breadcrumb":{"@id":"https:\/\/raval.es\/historia\/calle-aurora\/#breadcrumb"},"inLanguage":"es","potentialAction":[{"@type":"ReadAction","target":["https:\/\/raval.es\/historia\/calle-aurora\/"]}]},{"@type":"ImageObject","inLanguage":"es","@id":"https:\/\/raval.es\/historia\/calle-aurora\/#primaryimage","url":"https:\/\/raval.es\/historia\/wp-content\/uploads\/2024\/07\/carrer-aurora.jpg","contentUrl":"https:\/\/raval.es\/historia\/wp-content\/uploads\/2024\/07\/carrer-aurora.jpg","width":650,"height":382},{"@type":"BreadcrumbList","@id":"https:\/\/raval.es\/historia\/calle-aurora\/#breadcrumb","itemListElement":[{"@type":"ListItem","position":1,"name":"Portada","item":"https:\/\/raval.es\/historia\/"},{"@type":"ListItem","position":2,"name":"CALLE AURORA"}]},{"@type":"WebSite","@id":"https:\/\/raval.es\/historia\/#website","url":"https:\/\/raval.es\/historia\/","name":"Raval Hist\u00f2ric","description":"Un poble dins un poble","publisher":{"@id":"https:\/\/raval.es\/historia\/#organization"},"potentialAction":[{"@type":"SearchAction","target":{"@type":"EntryPoint","urlTemplate":"https:\/\/raval.es\/historia\/?s={search_term_string}"},"query-input":{"@type":"PropertyValueSpecification","valueRequired":true,"valueName":"search_term_string"}}],"inLanguage":"es"},{"@type":"Organization","@id":"https:\/\/raval.es\/historia\/#organization","name":"AV Raval","alternateName":"Raval Hist\u00f2ric","url":"https:\/\/raval.es\/historia\/","logo":{"@type":"ImageObject","inLanguage":"es","@id":"https:\/\/raval.es\/historia\/#\/schema\/logo\/image\/","url":"https:\/\/raval.es\/historia\/wp-content\/uploads\/2024\/12\/IMG_20241220_122838.jpg","contentUrl":"https:\/\/raval.es\/historia\/wp-content\/uploads\/2024\/12\/IMG_20241220_122838.jpg","width":650,"height":318,"caption":"AV Raval"},"image":{"@id":"https:\/\/raval.es\/historia\/#\/schema\/logo\/image\/"},"sameAs":["https:\/\/www.facebook.com\/ravaldelx\/","https:\/\/www.instagram.com\/avvraval.elx\/"]},{"@type":"Person","@id":"https:\/\/raval.es\/historia\/#\/schema\/person\/40fb5d78383acffa8376684168f0b184","name":"jaume","sameAs":["https:\/\/raval.es\/historia"],"url":"https:\/\/raval.es\/historia\/author\/olmo\/"}]}},"_links":{"self":[{"href":"https:\/\/raval.es\/historia\/wp-json\/wp\/v2\/posts\/437","targetHints":{"allow":["GET"]}}],"collection":[{"href":"https:\/\/raval.es\/historia\/wp-json\/wp\/v2\/posts"}],"about":[{"href":"https:\/\/raval.es\/historia\/wp-json\/wp\/v2\/types\/post"}],"author":[{"embeddable":true,"href":"https:\/\/raval.es\/historia\/wp-json\/wp\/v2\/users\/1"}],"replies":[{"embeddable":true,"href":"https:\/\/raval.es\/historia\/wp-json\/wp\/v2\/comments?post=437"}],"version-history":[{"count":4,"href":"https:\/\/raval.es\/historia\/wp-json\/wp\/v2\/posts\/437\/revisions"}],"predecessor-version":[{"id":494,"href":"https:\/\/raval.es\/historia\/wp-json\/wp\/v2\/posts\/437\/revisions\/494"}],"wp:featuredmedia":[{"embeddable":true,"href":"https:\/\/raval.es\/historia\/wp-json\/wp\/v2\/media\/359"}],"wp:attachment":[{"href":"https:\/\/raval.es\/historia\/wp-json\/wp\/v2\/media?parent=437"}],"wp:term":[{"taxonomy":"category","embeddable":true,"href":"https:\/\/raval.es\/historia\/wp-json\/wp\/v2\/categories?post=437"},{"taxonomy":"post_tag","embeddable":true,"href":"https:\/\/raval.es\/historia\/wp-json\/wp\/v2\/tags?post=437"}],"curies":[{"name":"wp","href":"https:\/\/api.w.org\/{rel}","templated":true}]}}