{"id":604,"date":"2024-07-07T09:39:16","date_gmt":"2024-07-07T09:39:16","guid":{"rendered":"https:\/\/raval.es\/historia\/?p=604"},"modified":"2024-07-11T16:21:44","modified_gmt":"2024-07-11T16:21:44","slug":"homenaje-a-juan-bautista-sala","status":"publish","type":"post","link":"https:\/\/raval.es\/historia\/homenaje-a-juan-bautista-sala\/","title":{"rendered":"HOMENAJE A JUAN BAUTISTA SALA MACI\u00c1"},"content":{"rendered":"<b>Jaume Pascual<\/b><hr><hr>\n<p>Homenaje a <b>Juan Bautista Sala Maci\u00e1<\/b> en 1926 en la <b>Plaza del Raval.<\/b> Dirigente alpargatero fundador del <b>C\u00edrculo Obrero Ilicitano<\/b> en 1891. Una calle de <b>Elche<\/b> lleva su nombre.\n\n\n<figure class=\"wp-block-image size-full\"><img loading=\"lazy\" decoding=\"async\" width=\"795\" height=\"670\" src=\"https:\/\/raval.es\/historia\/wp-content\/uploads\/2024\/07\/IMG_20240707_112410.jpg\" alt=\"\" class=\"wp-image-606\" srcset=\"https:\/\/raval.es\/historia\/wp-content\/uploads\/2024\/07\/IMG_20240707_112410.jpg 795w, https:\/\/raval.es\/historia\/wp-content\/uploads\/2024\/07\/IMG_20240707_112410-300x253.jpg 300w, https:\/\/raval.es\/historia\/wp-content\/uploads\/2024\/07\/IMG_20240707_112410-768x647.jpg 768w\" sizes=\"auto, (max-width: 795px) 100vw, 795px\" \/><\/figure>\n\n\n\n<figure class=\"wp-block-image size-full\"><img loading=\"lazy\" decoding=\"async\" width=\"488\" height=\"650\" src=\"https:\/\/raval.es\/historia\/wp-content\/uploads\/2024\/07\/b314ed9e-5e68-49d8-95c7-fb7e293a2cce.jpeg\" alt=\"\" class=\"wp-image-613\" srcset=\"https:\/\/raval.es\/historia\/wp-content\/uploads\/2024\/07\/b314ed9e-5e68-49d8-95c7-fb7e293a2cce.jpeg 488w, https:\/\/raval.es\/historia\/wp-content\/uploads\/2024\/07\/b314ed9e-5e68-49d8-95c7-fb7e293a2cce-225x300.jpeg 225w\" sizes=\"auto, (max-width: 488px) 100vw, 488px\" \/><\/figure>\n","protected":false},"excerpt":{"rendered":"<p>Jaume Pascual Homenaje a Juan Bautista Sala Maci\u00e1 en 1926 en la Plaza del Raval. Dirigente&hellip;<\/p>\n","protected":false},"author":1,"featured_media":607,"comment_status":"closed","ping_status":"closed","sticky":false,"template":"","format":"standard","meta":{"footnotes":""},"categories":[56],"tags":[25,64],"class_list":["post-604","post","type-post","status-publish","format-standard","has-post-thumbnail","hentry","category-historia","tag-historia","tag-homenaje"],"yoast_head":"<!-- This site is optimized with the Yoast SEO plugin v25.7 - https:\/\/yoast.com\/wordpress\/plugins\/seo\/ -->\n<title>HOMENAJE A JUAN BAUTISTA SALA MACI\u00c1 - Raval Hist\u00f2ric<\/title>\n<meta name=\"robots\" content=\"index, follow, max-snippet:-1, max-image-preview:large, max-video-preview:-1\" \/>\n<link rel=\"canonical\" href=\"https:\/\/raval.es\/historia\/homenaje-a-juan-bautista-sala\/\" \/>\n<meta property=\"og:locale\" content=\"es_ES\" \/>\n<meta property=\"og:type\" content=\"article\" \/>\n<meta property=\"og:title\" content=\"HOMENAJE A JUAN BAUTISTA SALA MACI\u00c1 - Raval Hist\u00f2ric\" \/>\n<meta property=\"og:description\" content=\"Jaume Pascual Homenaje a Juan Bautista Sala Maci\u00e1 en 1926 en la Plaza del Raval. Dirigente&hellip;\" \/>\n<meta property=\"og:url\" content=\"https:\/\/raval.es\/historia\/homenaje-a-juan-bautista-sala\/\" \/>\n<meta property=\"og:site_name\" content=\"Raval Hist\u00f2ric\" \/>\n<meta property=\"article:publisher\" content=\"https:\/\/www.facebook.com\/ravaldelx\/\" \/>\n<meta property=\"article:published_time\" content=\"2024-07-07T09:39:16+00:00\" \/>\n<meta property=\"article:modified_time\" content=\"2024-07-11T16:21:44+00:00\" \/>\n<meta property=\"og:image\" content=\"https:\/\/raval.es\/historia\/wp-content\/uploads\/2024\/07\/IMG_20240707_113222.jpg\" \/>\n\t<meta property=\"og:image:width\" content=\"720\" \/>\n\t<meta property=\"og:image:height\" content=\"439\" \/>\n\t<meta property=\"og:image:type\" content=\"image\/jpeg\" \/>\n<meta name=\"author\" content=\"jaume\" \/>\n<meta name=\"twitter:card\" content=\"summary_large_image\" \/>\n<meta name=\"twitter:label1\" content=\"Escrito por\" \/>\n\t<meta name=\"twitter:data1\" content=\"jaume\" \/>\n<script type=\"application\/ld+json\" class=\"yoast-schema-graph\">{\"@context\":\"https:\/\/schema.org\",\"@graph\":[{\"@type\":\"Article\",\"@id\":\"https:\/\/raval.es\/historia\/homenaje-a-juan-bautista-sala\/#article\",\"isPartOf\":{\"@id\":\"https:\/\/raval.es\/historia\/homenaje-a-juan-bautista-sala\/\"},\"author\":{\"name\":\"jaume\",\"@id\":\"https:\/\/raval.es\/historia\/#\/schema\/person\/40fb5d78383acffa8376684168f0b184\"},\"headline\":\"HOMENAJE A JUAN BAUTISTA SALA MACI\u00c1\",\"datePublished\":\"2024-07-07T09:39:16+00:00\",\"dateModified\":\"2024-07-11T16:21:44+00:00\",\"mainEntityOfPage\":{\"@id\":\"https:\/\/raval.es\/historia\/homenaje-a-juan-bautista-sala\/\"},\"wordCount\":36,\"publisher\":{\"@id\":\"https:\/\/raval.es\/historia\/#organization\"},\"image\":{\"@id\":\"https:\/\/raval.es\/historia\/homenaje-a-juan-bautista-sala\/#primaryimage\"},\"thumbnailUrl\":\"https:\/\/raval.es\/historia\/wp-content\/uploads\/2024\/07\/IMG_20240707_113222.jpg\",\"keywords\":[\"historia\",\"Homenaje\"],\"articleSection\":[\"HISTORIA\"],\"inLanguage\":\"es\"},{\"@type\":\"WebPage\",\"@id\":\"https:\/\/raval.es\/historia\/homenaje-a-juan-bautista-sala\/\",\"url\":\"https:\/\/raval.es\/historia\/homenaje-a-juan-bautista-sala\/\",\"name\":\"HOMENAJE A JUAN BAUTISTA SALA MACI\u00c1 - Raval Hist\u00f2ric\",\"isPartOf\":{\"@id\":\"https:\/\/raval.es\/historia\/#website\"},\"primaryImageOfPage\":{\"@id\":\"https:\/\/raval.es\/historia\/homenaje-a-juan-bautista-sala\/#primaryimage\"},\"image\":{\"@id\":\"https:\/\/raval.es\/historia\/homenaje-a-juan-bautista-sala\/#primaryimage\"},\"thumbnailUrl\":\"https:\/\/raval.es\/historia\/wp-content\/uploads\/2024\/07\/IMG_20240707_113222.jpg\",\"datePublished\":\"2024-07-07T09:39:16+00:00\",\"dateModified\":\"2024-07-11T16:21:44+00:00\",\"breadcrumb\":{\"@id\":\"https:\/\/raval.es\/historia\/homenaje-a-juan-bautista-sala\/#breadcrumb\"},\"inLanguage\":\"es\",\"potentialAction\":[{\"@type\":\"ReadAction\",\"target\":[\"https:\/\/raval.es\/historia\/homenaje-a-juan-bautista-sala\/\"]}]},{\"@type\":\"ImageObject\",\"inLanguage\":\"es\",\"@id\":\"https:\/\/raval.es\/historia\/homenaje-a-juan-bautista-sala\/#primaryimage\",\"url\":\"https:\/\/raval.es\/historia\/wp-content\/uploads\/2024\/07\/IMG_20240707_113222.jpg\",\"contentUrl\":\"https:\/\/raval.es\/historia\/wp-content\/uploads\/2024\/07\/IMG_20240707_113222.jpg\",\"width\":720,\"height\":439},{\"@type\":\"BreadcrumbList\",\"@id\":\"https:\/\/raval.es\/historia\/homenaje-a-juan-bautista-sala\/#breadcrumb\",\"itemListElement\":[{\"@type\":\"ListItem\",\"position\":1,\"name\":\"Portada\",\"item\":\"https:\/\/raval.es\/historia\/\"},{\"@type\":\"ListItem\",\"position\":2,\"name\":\"HOMENAJE A JUAN BAUTISTA SALA MACI\u00c1\"}]},{\"@type\":\"WebSite\",\"@id\":\"https:\/\/raval.es\/historia\/#website\",\"url\":\"https:\/\/raval.es\/historia\/\",\"name\":\"Raval Hist\u00f2ric\",\"description\":\"Un poble dins un poble\",\"publisher\":{\"@id\":\"https:\/\/raval.es\/historia\/#organization\"},\"potentialAction\":[{\"@type\":\"SearchAction\",\"target\":{\"@type\":\"EntryPoint\",\"urlTemplate\":\"https:\/\/raval.es\/historia\/?s={search_term_string}\"},\"query-input\":{\"@type\":\"PropertyValueSpecification\",\"valueRequired\":true,\"valueName\":\"search_term_string\"}}],\"inLanguage\":\"es\"},{\"@type\":\"Organization\",\"@id\":\"https:\/\/raval.es\/historia\/#organization\",\"name\":\"AV Raval\",\"alternateName\":\"Raval Hist\u00f2ric\",\"url\":\"https:\/\/raval.es\/historia\/\",\"logo\":{\"@type\":\"ImageObject\",\"inLanguage\":\"es\",\"@id\":\"https:\/\/raval.es\/historia\/#\/schema\/logo\/image\/\",\"url\":\"https:\/\/raval.es\/historia\/wp-content\/uploads\/2024\/12\/IMG_20241220_122838.jpg\",\"contentUrl\":\"https:\/\/raval.es\/historia\/wp-content\/uploads\/2024\/12\/IMG_20241220_122838.jpg\",\"width\":650,\"height\":318,\"caption\":\"AV Raval\"},\"image\":{\"@id\":\"https:\/\/raval.es\/historia\/#\/schema\/logo\/image\/\"},\"sameAs\":[\"https:\/\/www.facebook.com\/ravaldelx\/\",\"https:\/\/www.instagram.com\/avvraval.elx\/\"]},{\"@type\":\"Person\",\"@id\":\"https:\/\/raval.es\/historia\/#\/schema\/person\/40fb5d78383acffa8376684168f0b184\",\"name\":\"jaume\",\"sameAs\":[\"https:\/\/raval.es\/historia\"],\"url\":\"https:\/\/raval.es\/historia\/author\/olmo\/\"}]}<\/script>\n<!-- \/ Yoast SEO plugin. -->","yoast_head_json":{"title":"HOMENAJE A JUAN BAUTISTA SALA MACI\u00c1 - Raval Hist\u00f2ric","robots":{"index":"index","follow":"follow","max-snippet":"max-snippet:-1","max-image-preview":"max-image-preview:large","max-video-preview":"max-video-preview:-1"},"canonical":"https:\/\/raval.es\/historia\/homenaje-a-juan-bautista-sala\/","og_locale":"es_ES","og_type":"article","og_title":"HOMENAJE A JUAN BAUTISTA SALA MACI\u00c1 - Raval Hist\u00f2ric","og_description":"Jaume Pascual Homenaje a Juan Bautista Sala Maci\u00e1 en 1926 en la Plaza del Raval. Dirigente&hellip;","og_url":"https:\/\/raval.es\/historia\/homenaje-a-juan-bautista-sala\/","og_site_name":"Raval Hist\u00f2ric","article_publisher":"https:\/\/www.facebook.com\/ravaldelx\/","article_published_time":"2024-07-07T09:39:16+00:00","article_modified_time":"2024-07-11T16:21:44+00:00","og_image":[{"width":720,"height":439,"url":"https:\/\/raval.es\/historia\/wp-content\/uploads\/2024\/07\/IMG_20240707_113222.jpg","type":"image\/jpeg"}],"author":"jaume","twitter_card":"summary_large_image","twitter_misc":{"Escrito por":"jaume"},"schema":{"@context":"https:\/\/schema.org","@graph":[{"@type":"Article","@id":"https:\/\/raval.es\/historia\/homenaje-a-juan-bautista-sala\/#article","isPartOf":{"@id":"https:\/\/raval.es\/historia\/homenaje-a-juan-bautista-sala\/"},"author":{"name":"jaume","@id":"https:\/\/raval.es\/historia\/#\/schema\/person\/40fb5d78383acffa8376684168f0b184"},"headline":"HOMENAJE A JUAN BAUTISTA SALA MACI\u00c1","datePublished":"2024-07-07T09:39:16+00:00","dateModified":"2024-07-11T16:21:44+00:00","mainEntityOfPage":{"@id":"https:\/\/raval.es\/historia\/homenaje-a-juan-bautista-sala\/"},"wordCount":36,"publisher":{"@id":"https:\/\/raval.es\/historia\/#organization"},"image":{"@id":"https:\/\/raval.es\/historia\/homenaje-a-juan-bautista-sala\/#primaryimage"},"thumbnailUrl":"https:\/\/raval.es\/historia\/wp-content\/uploads\/2024\/07\/IMG_20240707_113222.jpg","keywords":["historia","Homenaje"],"articleSection":["HISTORIA"],"inLanguage":"es"},{"@type":"WebPage","@id":"https:\/\/raval.es\/historia\/homenaje-a-juan-bautista-sala\/","url":"https:\/\/raval.es\/historia\/homenaje-a-juan-bautista-sala\/","name":"HOMENAJE A JUAN BAUTISTA SALA MACI\u00c1 - Raval Hist\u00f2ric","isPartOf":{"@id":"https:\/\/raval.es\/historia\/#website"},"primaryImageOfPage":{"@id":"https:\/\/raval.es\/historia\/homenaje-a-juan-bautista-sala\/#primaryimage"},"image":{"@id":"https:\/\/raval.es\/historia\/homenaje-a-juan-bautista-sala\/#primaryimage"},"thumbnailUrl":"https:\/\/raval.es\/historia\/wp-content\/uploads\/2024\/07\/IMG_20240707_113222.jpg","datePublished":"2024-07-07T09:39:16+00:00","dateModified":"2024-07-11T16:21:44+00:00","breadcrumb":{"@id":"https:\/\/raval.es\/historia\/homenaje-a-juan-bautista-sala\/#breadcrumb"},"inLanguage":"es","potentialAction":[{"@type":"ReadAction","target":["https:\/\/raval.es\/historia\/homenaje-a-juan-bautista-sala\/"]}]},{"@type":"ImageObject","inLanguage":"es","@id":"https:\/\/raval.es\/historia\/homenaje-a-juan-bautista-sala\/#primaryimage","url":"https:\/\/raval.es\/historia\/wp-content\/uploads\/2024\/07\/IMG_20240707_113222.jpg","contentUrl":"https:\/\/raval.es\/historia\/wp-content\/uploads\/2024\/07\/IMG_20240707_113222.jpg","width":720,"height":439},{"@type":"BreadcrumbList","@id":"https:\/\/raval.es\/historia\/homenaje-a-juan-bautista-sala\/#breadcrumb","itemListElement":[{"@type":"ListItem","position":1,"name":"Portada","item":"https:\/\/raval.es\/historia\/"},{"@type":"ListItem","position":2,"name":"HOMENAJE A JUAN BAUTISTA SALA MACI\u00c1"}]},{"@type":"WebSite","@id":"https:\/\/raval.es\/historia\/#website","url":"https:\/\/raval.es\/historia\/","name":"Raval Hist\u00f2ric","description":"Un poble dins un poble","publisher":{"@id":"https:\/\/raval.es\/historia\/#organization"},"potentialAction":[{"@type":"SearchAction","target":{"@type":"EntryPoint","urlTemplate":"https:\/\/raval.es\/historia\/?s={search_term_string}"},"query-input":{"@type":"PropertyValueSpecification","valueRequired":true,"valueName":"search_term_string"}}],"inLanguage":"es"},{"@type":"Organization","@id":"https:\/\/raval.es\/historia\/#organization","name":"AV Raval","alternateName":"Raval Hist\u00f2ric","url":"https:\/\/raval.es\/historia\/","logo":{"@type":"ImageObject","inLanguage":"es","@id":"https:\/\/raval.es\/historia\/#\/schema\/logo\/image\/","url":"https:\/\/raval.es\/historia\/wp-content\/uploads\/2024\/12\/IMG_20241220_122838.jpg","contentUrl":"https:\/\/raval.es\/historia\/wp-content\/uploads\/2024\/12\/IMG_20241220_122838.jpg","width":650,"height":318,"caption":"AV Raval"},"image":{"@id":"https:\/\/raval.es\/historia\/#\/schema\/logo\/image\/"},"sameAs":["https:\/\/www.facebook.com\/ravaldelx\/","https:\/\/www.instagram.com\/avvraval.elx\/"]},{"@type":"Person","@id":"https:\/\/raval.es\/historia\/#\/schema\/person\/40fb5d78383acffa8376684168f0b184","name":"jaume","sameAs":["https:\/\/raval.es\/historia"],"url":"https:\/\/raval.es\/historia\/author\/olmo\/"}]}},"_links":{"self":[{"href":"https:\/\/raval.es\/historia\/wp-json\/wp\/v2\/posts\/604","targetHints":{"allow":["GET"]}}],"collection":[{"href":"https:\/\/raval.es\/historia\/wp-json\/wp\/v2\/posts"}],"about":[{"href":"https:\/\/raval.es\/historia\/wp-json\/wp\/v2\/types\/post"}],"author":[{"embeddable":true,"href":"https:\/\/raval.es\/historia\/wp-json\/wp\/v2\/users\/1"}],"replies":[{"embeddable":true,"href":"https:\/\/raval.es\/historia\/wp-json\/wp\/v2\/comments?post=604"}],"version-history":[{"count":12,"href":"https:\/\/raval.es\/historia\/wp-json\/wp\/v2\/posts\/604\/revisions"}],"predecessor-version":[{"id":615,"href":"https:\/\/raval.es\/historia\/wp-json\/wp\/v2\/posts\/604\/revisions\/615"}],"wp:featuredmedia":[{"embeddable":true,"href":"https:\/\/raval.es\/historia\/wp-json\/wp\/v2\/media\/607"}],"wp:attachment":[{"href":"https:\/\/raval.es\/historia\/wp-json\/wp\/v2\/media?parent=604"}],"wp:term":[{"taxonomy":"category","embeddable":true,"href":"https:\/\/raval.es\/historia\/wp-json\/wp\/v2\/categories?post=604"},{"taxonomy":"post_tag","embeddable":true,"href":"https:\/\/raval.es\/historia\/wp-json\/wp\/v2\/tags?post=604"}],"curies":[{"name":"wp","href":"https:\/\/api.w.org\/{rel}","templated":true}]}}