{"id":624,"date":"2024-07-07T11:11:53","date_gmt":"2024-07-07T11:11:53","guid":{"rendered":"https:\/\/raval.es\/historia\/?p=624"},"modified":"2024-07-11T16:21:26","modified_gmt":"2024-07-11T16:21:26","slug":"horno-de-filomeno","status":"publish","type":"post","link":"https:\/\/raval.es\/historia\/horno-de-filomeno\/","title":{"rendered":"HORNO DE FILOMENO"},"content":{"rendered":"<p><b>\u00c1lvaro Garc\u00eda<\/b><\/p>\n<hr>\n<hr>\n<p>En el <b>Carrer Boix i Rosario,<\/b> junto a la <b>Plaza Mayor del Raval<\/b>, Filomeno Moya y su esposa Mar\u00eda, regentaban un horno tradicional a le\u00f1a de pan y al tiempo hac\u00edan cocas y boller\u00eda. Filomeno manejaba h\u00e1bilmente el horno y Maria amasaba en el obrador. En la d\u00e9cada de los a\u00f1os 50 la fama de sus cocas se expande por todo <b>Elche<\/b> y deciden dejar el pan.<\/p>\n<p><b>Elche<\/b> crece y la demanda de boller\u00eda y coca salada tambi\u00e9n, eran famosos sus suizos, unos con forma de bollo, media luna y trenza, mi favorito, las madalenas, la coca boba, fogasetas y monas, las coquetas y sus rollos de an\u00eds, vino y huevo.<br \/>\nCon el fallecimiento de Maria dejaron de hacer boller\u00eda tradicional, pues era ella quien se encargaba de su amasado y Filomeno con ayuda de su hijo Ram\u00f3n se centr\u00f3 en exclusiva a la coca salada hasta su cierre en el a\u00f1o 1988.<\/p>\n<p>Fotograf\u00eda: El Horno de Filomeno, A\u00f1o 1968.<\/p>\n<hr>\n<p>Fuente: J.A. Alicante<\/p>\n","protected":false},"excerpt":{"rendered":"<p>\u00c1lvaro Garc\u00eda En el Carrer Boix i Rosario, junto a la Plaza Mayor del Raval, Filomeno&hellip;<\/p>\n","protected":false},"author":1,"featured_media":623,"comment_status":"closed","ping_status":"closed","sticky":false,"template":"","format":"standard","meta":{"footnotes":""},"categories":[56],"tags":[25,65],"class_list":["post-624","post","type-post","status-publish","format-standard","has-post-thumbnail","hentry","category-historia","tag-historia","tag-horno"],"yoast_head":"<!-- This site is optimized with the Yoast SEO plugin v25.7 - https:\/\/yoast.com\/wordpress\/plugins\/seo\/ -->\n<title>HORNO DE FILOMENO - Raval Hist\u00f2ric<\/title>\n<meta name=\"robots\" content=\"index, follow, max-snippet:-1, max-image-preview:large, max-video-preview:-1\" \/>\n<link rel=\"canonical\" href=\"https:\/\/raval.es\/historia\/horno-de-filomeno\/\" \/>\n<meta property=\"og:locale\" content=\"es_ES\" \/>\n<meta property=\"og:type\" content=\"article\" \/>\n<meta property=\"og:title\" content=\"HORNO DE FILOMENO - Raval Hist\u00f2ric\" \/>\n<meta property=\"og:description\" content=\"\u00c1lvaro Garc\u00eda En el Carrer Boix i Rosario, junto a la Plaza Mayor del Raval, Filomeno&hellip;\" \/>\n<meta property=\"og:url\" content=\"https:\/\/raval.es\/historia\/horno-de-filomeno\/\" \/>\n<meta property=\"og:site_name\" content=\"Raval Hist\u00f2ric\" \/>\n<meta property=\"article:publisher\" content=\"https:\/\/www.facebook.com\/ravaldelx\/\" \/>\n<meta property=\"article:published_time\" content=\"2024-07-07T11:11:53+00:00\" \/>\n<meta property=\"article:modified_time\" content=\"2024-07-11T16:21:26+00:00\" \/>\n<meta property=\"og:image\" content=\"https:\/\/raval.es\/historia\/wp-content\/uploads\/2024\/07\/FB_IMG_1720349490975.jpg\" \/>\n\t<meta property=\"og:image:width\" content=\"996\" \/>\n\t<meta property=\"og:image:height\" content=\"659\" \/>\n\t<meta property=\"og:image:type\" content=\"image\/jpeg\" \/>\n<meta name=\"author\" content=\"jaume\" \/>\n<meta name=\"twitter:card\" content=\"summary_large_image\" \/>\n<meta name=\"twitter:label1\" content=\"Escrito por\" \/>\n\t<meta name=\"twitter:data1\" content=\"jaume\" \/>\n\t<meta name=\"twitter:label2\" content=\"Tiempo de lectura\" \/>\n\t<meta name=\"twitter:data2\" content=\"1 minuto\" \/>\n<script type=\"application\/ld+json\" class=\"yoast-schema-graph\">{\"@context\":\"https:\/\/schema.org\",\"@graph\":[{\"@type\":\"Article\",\"@id\":\"https:\/\/raval.es\/historia\/horno-de-filomeno\/#article\",\"isPartOf\":{\"@id\":\"https:\/\/raval.es\/historia\/horno-de-filomeno\/\"},\"author\":{\"name\":\"jaume\",\"@id\":\"https:\/\/raval.es\/historia\/#\/schema\/person\/40fb5d78383acffa8376684168f0b184\"},\"headline\":\"HORNO DE FILOMENO\",\"datePublished\":\"2024-07-07T11:11:53+00:00\",\"dateModified\":\"2024-07-11T16:21:26+00:00\",\"mainEntityOfPage\":{\"@id\":\"https:\/\/raval.es\/historia\/horno-de-filomeno\/\"},\"wordCount\":182,\"publisher\":{\"@id\":\"https:\/\/raval.es\/historia\/#organization\"},\"image\":{\"@id\":\"https:\/\/raval.es\/historia\/horno-de-filomeno\/#primaryimage\"},\"thumbnailUrl\":\"https:\/\/raval.es\/historia\/wp-content\/uploads\/2024\/07\/FB_IMG_1720349490975.jpg\",\"keywords\":[\"historia\",\"Horno\"],\"articleSection\":[\"HISTORIA\"],\"inLanguage\":\"es\"},{\"@type\":\"WebPage\",\"@id\":\"https:\/\/raval.es\/historia\/horno-de-filomeno\/\",\"url\":\"https:\/\/raval.es\/historia\/horno-de-filomeno\/\",\"name\":\"HORNO DE FILOMENO - Raval Hist\u00f2ric\",\"isPartOf\":{\"@id\":\"https:\/\/raval.es\/historia\/#website\"},\"primaryImageOfPage\":{\"@id\":\"https:\/\/raval.es\/historia\/horno-de-filomeno\/#primaryimage\"},\"image\":{\"@id\":\"https:\/\/raval.es\/historia\/horno-de-filomeno\/#primaryimage\"},\"thumbnailUrl\":\"https:\/\/raval.es\/historia\/wp-content\/uploads\/2024\/07\/FB_IMG_1720349490975.jpg\",\"datePublished\":\"2024-07-07T11:11:53+00:00\",\"dateModified\":\"2024-07-11T16:21:26+00:00\",\"breadcrumb\":{\"@id\":\"https:\/\/raval.es\/historia\/horno-de-filomeno\/#breadcrumb\"},\"inLanguage\":\"es\",\"potentialAction\":[{\"@type\":\"ReadAction\",\"target\":[\"https:\/\/raval.es\/historia\/horno-de-filomeno\/\"]}]},{\"@type\":\"ImageObject\",\"inLanguage\":\"es\",\"@id\":\"https:\/\/raval.es\/historia\/horno-de-filomeno\/#primaryimage\",\"url\":\"https:\/\/raval.es\/historia\/wp-content\/uploads\/2024\/07\/FB_IMG_1720349490975.jpg\",\"contentUrl\":\"https:\/\/raval.es\/historia\/wp-content\/uploads\/2024\/07\/FB_IMG_1720349490975.jpg\",\"width\":996,\"height\":659},{\"@type\":\"BreadcrumbList\",\"@id\":\"https:\/\/raval.es\/historia\/horno-de-filomeno\/#breadcrumb\",\"itemListElement\":[{\"@type\":\"ListItem\",\"position\":1,\"name\":\"Portada\",\"item\":\"https:\/\/raval.es\/historia\/\"},{\"@type\":\"ListItem\",\"position\":2,\"name\":\"HORNO DE FILOMENO\"}]},{\"@type\":\"WebSite\",\"@id\":\"https:\/\/raval.es\/historia\/#website\",\"url\":\"https:\/\/raval.es\/historia\/\",\"name\":\"Raval Hist\u00f2ric\",\"description\":\"Un poble dins un poble\",\"publisher\":{\"@id\":\"https:\/\/raval.es\/historia\/#organization\"},\"potentialAction\":[{\"@type\":\"SearchAction\",\"target\":{\"@type\":\"EntryPoint\",\"urlTemplate\":\"https:\/\/raval.es\/historia\/?s={search_term_string}\"},\"query-input\":{\"@type\":\"PropertyValueSpecification\",\"valueRequired\":true,\"valueName\":\"search_term_string\"}}],\"inLanguage\":\"es\"},{\"@type\":\"Organization\",\"@id\":\"https:\/\/raval.es\/historia\/#organization\",\"name\":\"AV Raval\",\"alternateName\":\"Raval Hist\u00f2ric\",\"url\":\"https:\/\/raval.es\/historia\/\",\"logo\":{\"@type\":\"ImageObject\",\"inLanguage\":\"es\",\"@id\":\"https:\/\/raval.es\/historia\/#\/schema\/logo\/image\/\",\"url\":\"https:\/\/raval.es\/historia\/wp-content\/uploads\/2024\/12\/IMG_20241220_122838.jpg\",\"contentUrl\":\"https:\/\/raval.es\/historia\/wp-content\/uploads\/2024\/12\/IMG_20241220_122838.jpg\",\"width\":650,\"height\":318,\"caption\":\"AV Raval\"},\"image\":{\"@id\":\"https:\/\/raval.es\/historia\/#\/schema\/logo\/image\/\"},\"sameAs\":[\"https:\/\/www.facebook.com\/ravaldelx\/\",\"https:\/\/www.instagram.com\/avvraval.elx\/\"]},{\"@type\":\"Person\",\"@id\":\"https:\/\/raval.es\/historia\/#\/schema\/person\/40fb5d78383acffa8376684168f0b184\",\"name\":\"jaume\",\"sameAs\":[\"https:\/\/raval.es\/historia\"],\"url\":\"https:\/\/raval.es\/historia\/author\/olmo\/\"}]}<\/script>\n<!-- \/ Yoast SEO plugin. -->","yoast_head_json":{"title":"HORNO DE FILOMENO - Raval Hist\u00f2ric","robots":{"index":"index","follow":"follow","max-snippet":"max-snippet:-1","max-image-preview":"max-image-preview:large","max-video-preview":"max-video-preview:-1"},"canonical":"https:\/\/raval.es\/historia\/horno-de-filomeno\/","og_locale":"es_ES","og_type":"article","og_title":"HORNO DE FILOMENO - Raval Hist\u00f2ric","og_description":"\u00c1lvaro Garc\u00eda En el Carrer Boix i Rosario, junto a la Plaza Mayor del Raval, Filomeno&hellip;","og_url":"https:\/\/raval.es\/historia\/horno-de-filomeno\/","og_site_name":"Raval Hist\u00f2ric","article_publisher":"https:\/\/www.facebook.com\/ravaldelx\/","article_published_time":"2024-07-07T11:11:53+00:00","article_modified_time":"2024-07-11T16:21:26+00:00","og_image":[{"width":996,"height":659,"url":"https:\/\/raval.es\/historia\/wp-content\/uploads\/2024\/07\/FB_IMG_1720349490975.jpg","type":"image\/jpeg"}],"author":"jaume","twitter_card":"summary_large_image","twitter_misc":{"Escrito por":"jaume","Tiempo de lectura":"1 minuto"},"schema":{"@context":"https:\/\/schema.org","@graph":[{"@type":"Article","@id":"https:\/\/raval.es\/historia\/horno-de-filomeno\/#article","isPartOf":{"@id":"https:\/\/raval.es\/historia\/horno-de-filomeno\/"},"author":{"name":"jaume","@id":"https:\/\/raval.es\/historia\/#\/schema\/person\/40fb5d78383acffa8376684168f0b184"},"headline":"HORNO DE FILOMENO","datePublished":"2024-07-07T11:11:53+00:00","dateModified":"2024-07-11T16:21:26+00:00","mainEntityOfPage":{"@id":"https:\/\/raval.es\/historia\/horno-de-filomeno\/"},"wordCount":182,"publisher":{"@id":"https:\/\/raval.es\/historia\/#organization"},"image":{"@id":"https:\/\/raval.es\/historia\/horno-de-filomeno\/#primaryimage"},"thumbnailUrl":"https:\/\/raval.es\/historia\/wp-content\/uploads\/2024\/07\/FB_IMG_1720349490975.jpg","keywords":["historia","Horno"],"articleSection":["HISTORIA"],"inLanguage":"es"},{"@type":"WebPage","@id":"https:\/\/raval.es\/historia\/horno-de-filomeno\/","url":"https:\/\/raval.es\/historia\/horno-de-filomeno\/","name":"HORNO DE FILOMENO - Raval Hist\u00f2ric","isPartOf":{"@id":"https:\/\/raval.es\/historia\/#website"},"primaryImageOfPage":{"@id":"https:\/\/raval.es\/historia\/horno-de-filomeno\/#primaryimage"},"image":{"@id":"https:\/\/raval.es\/historia\/horno-de-filomeno\/#primaryimage"},"thumbnailUrl":"https:\/\/raval.es\/historia\/wp-content\/uploads\/2024\/07\/FB_IMG_1720349490975.jpg","datePublished":"2024-07-07T11:11:53+00:00","dateModified":"2024-07-11T16:21:26+00:00","breadcrumb":{"@id":"https:\/\/raval.es\/historia\/horno-de-filomeno\/#breadcrumb"},"inLanguage":"es","potentialAction":[{"@type":"ReadAction","target":["https:\/\/raval.es\/historia\/horno-de-filomeno\/"]}]},{"@type":"ImageObject","inLanguage":"es","@id":"https:\/\/raval.es\/historia\/horno-de-filomeno\/#primaryimage","url":"https:\/\/raval.es\/historia\/wp-content\/uploads\/2024\/07\/FB_IMG_1720349490975.jpg","contentUrl":"https:\/\/raval.es\/historia\/wp-content\/uploads\/2024\/07\/FB_IMG_1720349490975.jpg","width":996,"height":659},{"@type":"BreadcrumbList","@id":"https:\/\/raval.es\/historia\/horno-de-filomeno\/#breadcrumb","itemListElement":[{"@type":"ListItem","position":1,"name":"Portada","item":"https:\/\/raval.es\/historia\/"},{"@type":"ListItem","position":2,"name":"HORNO DE FILOMENO"}]},{"@type":"WebSite","@id":"https:\/\/raval.es\/historia\/#website","url":"https:\/\/raval.es\/historia\/","name":"Raval Hist\u00f2ric","description":"Un poble dins un poble","publisher":{"@id":"https:\/\/raval.es\/historia\/#organization"},"potentialAction":[{"@type":"SearchAction","target":{"@type":"EntryPoint","urlTemplate":"https:\/\/raval.es\/historia\/?s={search_term_string}"},"query-input":{"@type":"PropertyValueSpecification","valueRequired":true,"valueName":"search_term_string"}}],"inLanguage":"es"},{"@type":"Organization","@id":"https:\/\/raval.es\/historia\/#organization","name":"AV Raval","alternateName":"Raval Hist\u00f2ric","url":"https:\/\/raval.es\/historia\/","logo":{"@type":"ImageObject","inLanguage":"es","@id":"https:\/\/raval.es\/historia\/#\/schema\/logo\/image\/","url":"https:\/\/raval.es\/historia\/wp-content\/uploads\/2024\/12\/IMG_20241220_122838.jpg","contentUrl":"https:\/\/raval.es\/historia\/wp-content\/uploads\/2024\/12\/IMG_20241220_122838.jpg","width":650,"height":318,"caption":"AV Raval"},"image":{"@id":"https:\/\/raval.es\/historia\/#\/schema\/logo\/image\/"},"sameAs":["https:\/\/www.facebook.com\/ravaldelx\/","https:\/\/www.instagram.com\/avvraval.elx\/"]},{"@type":"Person","@id":"https:\/\/raval.es\/historia\/#\/schema\/person\/40fb5d78383acffa8376684168f0b184","name":"jaume","sameAs":["https:\/\/raval.es\/historia"],"url":"https:\/\/raval.es\/historia\/author\/olmo\/"}]}},"_links":{"self":[{"href":"https:\/\/raval.es\/historia\/wp-json\/wp\/v2\/posts\/624","targetHints":{"allow":["GET"]}}],"collection":[{"href":"https:\/\/raval.es\/historia\/wp-json\/wp\/v2\/posts"}],"about":[{"href":"https:\/\/raval.es\/historia\/wp-json\/wp\/v2\/types\/post"}],"author":[{"embeddable":true,"href":"https:\/\/raval.es\/historia\/wp-json\/wp\/v2\/users\/1"}],"replies":[{"embeddable":true,"href":"https:\/\/raval.es\/historia\/wp-json\/wp\/v2\/comments?post=624"}],"version-history":[{"count":8,"href":"https:\/\/raval.es\/historia\/wp-json\/wp\/v2\/posts\/624\/revisions"}],"predecessor-version":[{"id":632,"href":"https:\/\/raval.es\/historia\/wp-json\/wp\/v2\/posts\/624\/revisions\/632"}],"wp:featuredmedia":[{"embeddable":true,"href":"https:\/\/raval.es\/historia\/wp-json\/wp\/v2\/media\/623"}],"wp:attachment":[{"href":"https:\/\/raval.es\/historia\/wp-json\/wp\/v2\/media?parent=624"}],"wp:term":[{"taxonomy":"category","embeddable":true,"href":"https:\/\/raval.es\/historia\/wp-json\/wp\/v2\/categories?post=624"},{"taxonomy":"post_tag","embeddable":true,"href":"https:\/\/raval.es\/historia\/wp-json\/wp\/v2\/tags?post=624"}],"curies":[{"name":"wp","href":"https:\/\/api.w.org\/{rel}","templated":true}]}}