{"id":687,"date":"2024-07-11T07:19:23","date_gmt":"2024-07-11T07:19:23","guid":{"rendered":"https:\/\/raval.es\/historia\/?p=687"},"modified":"2024-07-11T07:19:23","modified_gmt":"2024-07-11T07:19:23","slug":"inauguracion-pasarela-del-rio","status":"publish","type":"post","link":"https:\/\/raval.es\/historia\/inauguracion-pasarela-del-rio\/","title":{"rendered":"INAUGURACI\u00d3N PASARELA DEL RIO"},"content":{"rendered":"<b>Jaume Pascual<\/b><hr <hr><hr>\n\nLa construcci\u00f3n de la pasarela era una necesidad tiempo reclamada, ya que supuso la conexi\u00f3n del <b>Raval<\/b> con el barrio de <b> El Pl\u00e1 (Llano de San Jos\u00e9).<\/b> El 14 de junio de 1987, el socialista\u00a0<b>Ram\u00f3n Pastor<\/b>, alcalde de <b>Elche<\/b>, afront\u00f3 su \u00faltimo acto de inauguraci\u00f3n abriendo a la circulaci\u00f3n la pasarela peatonal sobre el r\u00edo <b>Vinalop\u00f3<\/b> en el <b>Raval<\/b>. El puente met\u00e1lico, un proyecto de los ingenieros <b>Jos\u00e9 Pag\u00e9s Amat y Fernando Garc\u00eda Campello<\/b>, autores de la posterior\u00a0pasarela del <b>Mercado.<\/b> Se inici\u00f3 su construcci\u00f3n en octubre de 1986 pero hasta 1988 no adopt\u00f3 su denominaci\u00f3n actual <b>Pintor Vicente Albarranch<\/b>.<\/p>\n<hr>Fuente: C\u00e1tedra Pedro Ibarra.\n\n\n<figure class=\"wp-block-image size-full\"><img loading=\"lazy\" decoding=\"async\" width=\"443\" height=\"650\" src=\"https:\/\/raval.es\/historia\/wp-content\/uploads\/2024\/07\/67c1d90b-8b88-4f78-9270-e24b7137e2a7.jpeg\" alt=\"\" class=\"wp-image-685\" srcset=\"https:\/\/raval.es\/historia\/wp-content\/uploads\/2024\/07\/67c1d90b-8b88-4f78-9270-e24b7137e2a7.jpeg 443w, https:\/\/raval.es\/historia\/wp-content\/uploads\/2024\/07\/67c1d90b-8b88-4f78-9270-e24b7137e2a7-204x300.jpeg 204w\" sizes=\"auto, (max-width: 443px) 100vw, 443px\" \/><\/figure>\n\nCONSTRUCCI\u00d3N DE LA PASARELA<hr><hr><hr>\n","protected":false},"excerpt":{"rendered":"<p>Jaume Pascual<\/p>\n","protected":false},"author":1,"featured_media":686,"comment_status":"closed","ping_status":"closed","sticky":false,"template":"","format":"standard","meta":{"footnotes":""},"categories":[56],"tags":[25,69],"class_list":["post-687","post","type-post","status-publish","format-standard","has-post-thumbnail","hentry","category-historia","tag-historia","tag-pasarela"],"yoast_head":"<!-- This site is optimized with the Yoast SEO plugin v25.7 - https:\/\/yoast.com\/wordpress\/plugins\/seo\/ -->\n<title>INAUGURACI\u00d3N PASARELA DEL RIO - Raval Hist\u00f2ric<\/title>\n<meta name=\"robots\" content=\"index, follow, max-snippet:-1, max-image-preview:large, max-video-preview:-1\" \/>\n<link rel=\"canonical\" href=\"https:\/\/raval.es\/historia\/inauguracion-pasarela-del-rio\/\" \/>\n<meta property=\"og:locale\" content=\"es_ES\" \/>\n<meta property=\"og:type\" content=\"article\" \/>\n<meta property=\"og:title\" content=\"INAUGURACI\u00d3N PASARELA DEL RIO - Raval Hist\u00f2ric\" \/>\n<meta property=\"og:description\" content=\"Jaume Pascual\" \/>\n<meta property=\"og:url\" content=\"https:\/\/raval.es\/historia\/inauguracion-pasarela-del-rio\/\" \/>\n<meta property=\"og:site_name\" content=\"Raval Hist\u00f2ric\" \/>\n<meta property=\"article:publisher\" content=\"https:\/\/www.facebook.com\/ravaldelx\/\" \/>\n<meta property=\"article:published_time\" content=\"2024-07-11T07:19:23+00:00\" \/>\n<meta property=\"og:image\" content=\"https:\/\/raval.es\/historia\/wp-content\/uploads\/2024\/07\/inauguracion-pasarela-pla-raval-vicente-albarranch-elche-1987.jpg\" \/>\n\t<meta property=\"og:image:width\" content=\"648\" \/>\n\t<meta property=\"og:image:height\" content=\"644\" \/>\n\t<meta property=\"og:image:type\" content=\"image\/jpeg\" \/>\n<meta name=\"author\" content=\"jaume\" \/>\n<meta name=\"twitter:card\" content=\"summary_large_image\" \/>\n<meta name=\"twitter:label1\" content=\"Escrito por\" \/>\n\t<meta name=\"twitter:data1\" content=\"jaume\" \/>\n<script type=\"application\/ld+json\" class=\"yoast-schema-graph\">{\"@context\":\"https:\/\/schema.org\",\"@graph\":[{\"@type\":\"Article\",\"@id\":\"https:\/\/raval.es\/historia\/inauguracion-pasarela-del-rio\/#article\",\"isPartOf\":{\"@id\":\"https:\/\/raval.es\/historia\/inauguracion-pasarela-del-rio\/\"},\"author\":{\"name\":\"jaume\",\"@id\":\"https:\/\/raval.es\/historia\/#\/schema\/person\/40fb5d78383acffa8376684168f0b184\"},\"headline\":\"INAUGURACI\u00d3N PASARELA DEL RIO\",\"datePublished\":\"2024-07-11T07:19:23+00:00\",\"mainEntityOfPage\":{\"@id\":\"https:\/\/raval.es\/historia\/inauguracion-pasarela-del-rio\/\"},\"wordCount\":12,\"publisher\":{\"@id\":\"https:\/\/raval.es\/historia\/#organization\"},\"image\":{\"@id\":\"https:\/\/raval.es\/historia\/inauguracion-pasarela-del-rio\/#primaryimage\"},\"thumbnailUrl\":\"https:\/\/raval.es\/historia\/wp-content\/uploads\/2024\/07\/inauguracion-pasarela-pla-raval-vicente-albarranch-elche-1987.jpg\",\"keywords\":[\"historia\",\"Pasarela\"],\"articleSection\":[\"HISTORIA\"],\"inLanguage\":\"es\"},{\"@type\":\"WebPage\",\"@id\":\"https:\/\/raval.es\/historia\/inauguracion-pasarela-del-rio\/\",\"url\":\"https:\/\/raval.es\/historia\/inauguracion-pasarela-del-rio\/\",\"name\":\"INAUGURACI\u00d3N PASARELA DEL RIO - Raval Hist\u00f2ric\",\"isPartOf\":{\"@id\":\"https:\/\/raval.es\/historia\/#website\"},\"primaryImageOfPage\":{\"@id\":\"https:\/\/raval.es\/historia\/inauguracion-pasarela-del-rio\/#primaryimage\"},\"image\":{\"@id\":\"https:\/\/raval.es\/historia\/inauguracion-pasarela-del-rio\/#primaryimage\"},\"thumbnailUrl\":\"https:\/\/raval.es\/historia\/wp-content\/uploads\/2024\/07\/inauguracion-pasarela-pla-raval-vicente-albarranch-elche-1987.jpg\",\"datePublished\":\"2024-07-11T07:19:23+00:00\",\"breadcrumb\":{\"@id\":\"https:\/\/raval.es\/historia\/inauguracion-pasarela-del-rio\/#breadcrumb\"},\"inLanguage\":\"es\",\"potentialAction\":[{\"@type\":\"ReadAction\",\"target\":[\"https:\/\/raval.es\/historia\/inauguracion-pasarela-del-rio\/\"]}]},{\"@type\":\"ImageObject\",\"inLanguage\":\"es\",\"@id\":\"https:\/\/raval.es\/historia\/inauguracion-pasarela-del-rio\/#primaryimage\",\"url\":\"https:\/\/raval.es\/historia\/wp-content\/uploads\/2024\/07\/inauguracion-pasarela-pla-raval-vicente-albarranch-elche-1987.jpg\",\"contentUrl\":\"https:\/\/raval.es\/historia\/wp-content\/uploads\/2024\/07\/inauguracion-pasarela-pla-raval-vicente-albarranch-elche-1987.jpg\",\"width\":648,\"height\":644},{\"@type\":\"BreadcrumbList\",\"@id\":\"https:\/\/raval.es\/historia\/inauguracion-pasarela-del-rio\/#breadcrumb\",\"itemListElement\":[{\"@type\":\"ListItem\",\"position\":1,\"name\":\"Portada\",\"item\":\"https:\/\/raval.es\/historia\/\"},{\"@type\":\"ListItem\",\"position\":2,\"name\":\"INAUGURACI\u00d3N PASARELA DEL RIO\"}]},{\"@type\":\"WebSite\",\"@id\":\"https:\/\/raval.es\/historia\/#website\",\"url\":\"https:\/\/raval.es\/historia\/\",\"name\":\"Raval Hist\u00f2ric\",\"description\":\"Un poble dins un poble\",\"publisher\":{\"@id\":\"https:\/\/raval.es\/historia\/#organization\"},\"potentialAction\":[{\"@type\":\"SearchAction\",\"target\":{\"@type\":\"EntryPoint\",\"urlTemplate\":\"https:\/\/raval.es\/historia\/?s={search_term_string}\"},\"query-input\":{\"@type\":\"PropertyValueSpecification\",\"valueRequired\":true,\"valueName\":\"search_term_string\"}}],\"inLanguage\":\"es\"},{\"@type\":\"Organization\",\"@id\":\"https:\/\/raval.es\/historia\/#organization\",\"name\":\"AV Raval\",\"alternateName\":\"Raval Hist\u00f2ric\",\"url\":\"https:\/\/raval.es\/historia\/\",\"logo\":{\"@type\":\"ImageObject\",\"inLanguage\":\"es\",\"@id\":\"https:\/\/raval.es\/historia\/#\/schema\/logo\/image\/\",\"url\":\"https:\/\/raval.es\/historia\/wp-content\/uploads\/2024\/12\/IMG_20241220_122838.jpg\",\"contentUrl\":\"https:\/\/raval.es\/historia\/wp-content\/uploads\/2024\/12\/IMG_20241220_122838.jpg\",\"width\":650,\"height\":318,\"caption\":\"AV Raval\"},\"image\":{\"@id\":\"https:\/\/raval.es\/historia\/#\/schema\/logo\/image\/\"},\"sameAs\":[\"https:\/\/www.facebook.com\/ravaldelx\/\",\"https:\/\/www.instagram.com\/avvraval.elx\/\"]},{\"@type\":\"Person\",\"@id\":\"https:\/\/raval.es\/historia\/#\/schema\/person\/40fb5d78383acffa8376684168f0b184\",\"name\":\"jaume\",\"sameAs\":[\"https:\/\/raval.es\/historia\"],\"url\":\"https:\/\/raval.es\/historia\/author\/olmo\/\"}]}<\/script>\n<!-- \/ Yoast SEO plugin. -->","yoast_head_json":{"title":"INAUGURACI\u00d3N PASARELA DEL RIO - Raval Hist\u00f2ric","robots":{"index":"index","follow":"follow","max-snippet":"max-snippet:-1","max-image-preview":"max-image-preview:large","max-video-preview":"max-video-preview:-1"},"canonical":"https:\/\/raval.es\/historia\/inauguracion-pasarela-del-rio\/","og_locale":"es_ES","og_type":"article","og_title":"INAUGURACI\u00d3N PASARELA DEL RIO - Raval Hist\u00f2ric","og_description":"Jaume Pascual","og_url":"https:\/\/raval.es\/historia\/inauguracion-pasarela-del-rio\/","og_site_name":"Raval Hist\u00f2ric","article_publisher":"https:\/\/www.facebook.com\/ravaldelx\/","article_published_time":"2024-07-11T07:19:23+00:00","og_image":[{"width":648,"height":644,"url":"https:\/\/raval.es\/historia\/wp-content\/uploads\/2024\/07\/inauguracion-pasarela-pla-raval-vicente-albarranch-elche-1987.jpg","type":"image\/jpeg"}],"author":"jaume","twitter_card":"summary_large_image","twitter_misc":{"Escrito por":"jaume"},"schema":{"@context":"https:\/\/schema.org","@graph":[{"@type":"Article","@id":"https:\/\/raval.es\/historia\/inauguracion-pasarela-del-rio\/#article","isPartOf":{"@id":"https:\/\/raval.es\/historia\/inauguracion-pasarela-del-rio\/"},"author":{"name":"jaume","@id":"https:\/\/raval.es\/historia\/#\/schema\/person\/40fb5d78383acffa8376684168f0b184"},"headline":"INAUGURACI\u00d3N PASARELA DEL RIO","datePublished":"2024-07-11T07:19:23+00:00","mainEntityOfPage":{"@id":"https:\/\/raval.es\/historia\/inauguracion-pasarela-del-rio\/"},"wordCount":12,"publisher":{"@id":"https:\/\/raval.es\/historia\/#organization"},"image":{"@id":"https:\/\/raval.es\/historia\/inauguracion-pasarela-del-rio\/#primaryimage"},"thumbnailUrl":"https:\/\/raval.es\/historia\/wp-content\/uploads\/2024\/07\/inauguracion-pasarela-pla-raval-vicente-albarranch-elche-1987.jpg","keywords":["historia","Pasarela"],"articleSection":["HISTORIA"],"inLanguage":"es"},{"@type":"WebPage","@id":"https:\/\/raval.es\/historia\/inauguracion-pasarela-del-rio\/","url":"https:\/\/raval.es\/historia\/inauguracion-pasarela-del-rio\/","name":"INAUGURACI\u00d3N PASARELA DEL RIO - Raval Hist\u00f2ric","isPartOf":{"@id":"https:\/\/raval.es\/historia\/#website"},"primaryImageOfPage":{"@id":"https:\/\/raval.es\/historia\/inauguracion-pasarela-del-rio\/#primaryimage"},"image":{"@id":"https:\/\/raval.es\/historia\/inauguracion-pasarela-del-rio\/#primaryimage"},"thumbnailUrl":"https:\/\/raval.es\/historia\/wp-content\/uploads\/2024\/07\/inauguracion-pasarela-pla-raval-vicente-albarranch-elche-1987.jpg","datePublished":"2024-07-11T07:19:23+00:00","breadcrumb":{"@id":"https:\/\/raval.es\/historia\/inauguracion-pasarela-del-rio\/#breadcrumb"},"inLanguage":"es","potentialAction":[{"@type":"ReadAction","target":["https:\/\/raval.es\/historia\/inauguracion-pasarela-del-rio\/"]}]},{"@type":"ImageObject","inLanguage":"es","@id":"https:\/\/raval.es\/historia\/inauguracion-pasarela-del-rio\/#primaryimage","url":"https:\/\/raval.es\/historia\/wp-content\/uploads\/2024\/07\/inauguracion-pasarela-pla-raval-vicente-albarranch-elche-1987.jpg","contentUrl":"https:\/\/raval.es\/historia\/wp-content\/uploads\/2024\/07\/inauguracion-pasarela-pla-raval-vicente-albarranch-elche-1987.jpg","width":648,"height":644},{"@type":"BreadcrumbList","@id":"https:\/\/raval.es\/historia\/inauguracion-pasarela-del-rio\/#breadcrumb","itemListElement":[{"@type":"ListItem","position":1,"name":"Portada","item":"https:\/\/raval.es\/historia\/"},{"@type":"ListItem","position":2,"name":"INAUGURACI\u00d3N PASARELA DEL RIO"}]},{"@type":"WebSite","@id":"https:\/\/raval.es\/historia\/#website","url":"https:\/\/raval.es\/historia\/","name":"Raval Hist\u00f2ric","description":"Un poble dins un poble","publisher":{"@id":"https:\/\/raval.es\/historia\/#organization"},"potentialAction":[{"@type":"SearchAction","target":{"@type":"EntryPoint","urlTemplate":"https:\/\/raval.es\/historia\/?s={search_term_string}"},"query-input":{"@type":"PropertyValueSpecification","valueRequired":true,"valueName":"search_term_string"}}],"inLanguage":"es"},{"@type":"Organization","@id":"https:\/\/raval.es\/historia\/#organization","name":"AV Raval","alternateName":"Raval Hist\u00f2ric","url":"https:\/\/raval.es\/historia\/","logo":{"@type":"ImageObject","inLanguage":"es","@id":"https:\/\/raval.es\/historia\/#\/schema\/logo\/image\/","url":"https:\/\/raval.es\/historia\/wp-content\/uploads\/2024\/12\/IMG_20241220_122838.jpg","contentUrl":"https:\/\/raval.es\/historia\/wp-content\/uploads\/2024\/12\/IMG_20241220_122838.jpg","width":650,"height":318,"caption":"AV Raval"},"image":{"@id":"https:\/\/raval.es\/historia\/#\/schema\/logo\/image\/"},"sameAs":["https:\/\/www.facebook.com\/ravaldelx\/","https:\/\/www.instagram.com\/avvraval.elx\/"]},{"@type":"Person","@id":"https:\/\/raval.es\/historia\/#\/schema\/person\/40fb5d78383acffa8376684168f0b184","name":"jaume","sameAs":["https:\/\/raval.es\/historia"],"url":"https:\/\/raval.es\/historia\/author\/olmo\/"}]}},"_links":{"self":[{"href":"https:\/\/raval.es\/historia\/wp-json\/wp\/v2\/posts\/687","targetHints":{"allow":["GET"]}}],"collection":[{"href":"https:\/\/raval.es\/historia\/wp-json\/wp\/v2\/posts"}],"about":[{"href":"https:\/\/raval.es\/historia\/wp-json\/wp\/v2\/types\/post"}],"author":[{"embeddable":true,"href":"https:\/\/raval.es\/historia\/wp-json\/wp\/v2\/users\/1"}],"replies":[{"embeddable":true,"href":"https:\/\/raval.es\/historia\/wp-json\/wp\/v2\/comments?post=687"}],"version-history":[{"count":15,"href":"https:\/\/raval.es\/historia\/wp-json\/wp\/v2\/posts\/687\/revisions"}],"predecessor-version":[{"id":702,"href":"https:\/\/raval.es\/historia\/wp-json\/wp\/v2\/posts\/687\/revisions\/702"}],"wp:featuredmedia":[{"embeddable":true,"href":"https:\/\/raval.es\/historia\/wp-json\/wp\/v2\/media\/686"}],"wp:attachment":[{"href":"https:\/\/raval.es\/historia\/wp-json\/wp\/v2\/media?parent=687"}],"wp:term":[{"taxonomy":"category","embeddable":true,"href":"https:\/\/raval.es\/historia\/wp-json\/wp\/v2\/categories?post=687"},{"taxonomy":"post_tag","embeddable":true,"href":"https:\/\/raval.es\/historia\/wp-json\/wp\/v2\/tags?post=687"}],"curies":[{"name":"wp","href":"https:\/\/api.w.org\/{rel}","templated":true}]}}