{"id":719,"date":"2024-07-11T12:22:02","date_gmt":"2024-07-11T12:22:02","guid":{"rendered":"https:\/\/raval.es\/historia\/?p=719"},"modified":"2024-07-11T16:20:39","modified_gmt":"2024-07-11T16:20:39","slug":"de-almuadin-a-escuela-publica-y-sede-comision-fiestas","status":"publish","type":"post","link":"https:\/\/raval.es\/historia\/de-almuadin-a-escuela-publica-y-sede-comision-fiestas\/","title":{"rendered":"DE ALMUAD\u00cdN A ESCUELA P\u00daBLICA Y SEDE COMISI\u00d3N FIESTAS"},"content":{"rendered":"<b>\u00c1lvaro Garc\u00eda<\/b><hr><hr>\n<p><\/p>\n<!-- \/wp:post-content -->\n\n<!-- wp:paragraph -->\n<p>En la <b>Comunidad Valenciana,<\/b> recibe el nombre de <b>Almud\u00edn<\/b> el establecimiento en donde se almacenaba y gestionaba el trigo de la ciudad y el de los particulares.<br>En la calle de <b>San Juan n\u00ba 5<\/b>. frente a la iglesia del <b>Raval<\/b> exist\u00eda un <b>Almud\u00edn Municipal<\/b> que funcionaba desde el siglo XVIII, sobre el a\u00f1o 1859 el ayuntamiento abre en la planta superior una escuela para ni\u00f1os y en el antiguo ayuntamiento de la <b>Plaza del Raval<\/b> otro para ni\u00f1as.<br>Estas escuelas funcionaron hasta los a\u00f1os 60 y en 1967 la reci\u00e9n creada <b>Comisi\u00f3n de Fiestas del Arrabal de San Juan<\/b> abre en este local su sede hasta 1984.<br>En 1993 es derribado el edificio y en su solar el ayuntamiento de <b>Elche<\/b> levanta el <b>Centro Municipal de Exposiciones en la plaza de San Juan, n\u00b06.<\/b>\n<!-- \/wp:paragraph -->\n\n<hr>\n<p>Fotograf\u00eda: Ni\u00f1os asomados al balc\u00f3n de la escuela en el a\u00f1o 1966.<\/p>\n<hr>\n<p>Fuente: Gaspar Ja\u00e9n \/ Juan J. Alicante<\/p>\n<!-- \/wp:paragraph -->\n\n<!-- wp:image {\"id\":716,\"sizeSlug\":\"large\",\"linkDestination\":\"none\"} -->\n<figure class=\"wp-block-image size-large\"><img loading=\"lazy\" decoding=\"async\" width=\"733\" height=\"1024\" src=\"https:\/\/raval.es\/historia\/wp-content\/uploads\/2024\/07\/FB_IMG_1720699837777-733x1024.jpg\" alt=\"\" class=\"wp-image-716\" srcset=\"https:\/\/raval.es\/historia\/wp-content\/uploads\/2024\/07\/FB_IMG_1720699837777-733x1024.jpg 733w, https:\/\/raval.es\/historia\/wp-content\/uploads\/2024\/07\/FB_IMG_1720699837777-215x300.jpg 215w, https:\/\/raval.es\/historia\/wp-content\/uploads\/2024\/07\/FB_IMG_1720699837777-768x1073.jpg 768w, https:\/\/raval.es\/historia\/wp-content\/uploads\/2024\/07\/FB_IMG_1720699837777.jpg 1080w\" sizes=\"auto, (max-width: 733px) 100vw, 733px\" \/><\/figure>\n<!-- \/wp:image -->","protected":false},"excerpt":{"rendered":"<p>\u00c1lvaro Garc\u00eda En la Comunidad Valenciana, recibe el nombre de Almud\u00edn el establecimiento en donde se&hellip;<\/p>\n","protected":false},"author":1,"featured_media":716,"comment_status":"closed","ping_status":"closed","sticky":false,"template":"","format":"standard","meta":{"footnotes":""},"categories":[56],"tags":[70,25],"class_list":["post-719","post","type-post","status-publish","format-standard","has-post-thumbnail","hentry","category-historia","tag-almuadin","tag-historia"],"yoast_head":"<!-- This site is optimized with the Yoast SEO plugin v25.7 - https:\/\/yoast.com\/wordpress\/plugins\/seo\/ -->\n<title>DE ALMUAD\u00cdN A ESCUELA P\u00daBLICA Y SEDE COMISI\u00d3N FIESTAS - Raval Hist\u00f2ric<\/title>\n<meta name=\"robots\" content=\"index, follow, max-snippet:-1, max-image-preview:large, max-video-preview:-1\" \/>\n<link rel=\"canonical\" href=\"https:\/\/raval.es\/historia\/de-almuadin-a-escuela-publica-y-sede-comision-fiestas\/\" \/>\n<meta property=\"og:locale\" content=\"es_ES\" \/>\n<meta property=\"og:type\" content=\"article\" \/>\n<meta property=\"og:title\" content=\"DE ALMUAD\u00cdN A ESCUELA P\u00daBLICA Y SEDE COMISI\u00d3N FIESTAS - Raval Hist\u00f2ric\" \/>\n<meta property=\"og:description\" content=\"\u00c1lvaro Garc\u00eda En la Comunidad Valenciana, recibe el nombre de Almud\u00edn el establecimiento en donde se&hellip;\" \/>\n<meta property=\"og:url\" content=\"https:\/\/raval.es\/historia\/de-almuadin-a-escuela-publica-y-sede-comision-fiestas\/\" \/>\n<meta property=\"og:site_name\" content=\"Raval Hist\u00f2ric\" \/>\n<meta property=\"article:publisher\" content=\"https:\/\/www.facebook.com\/ravaldelx\/\" \/>\n<meta property=\"article:published_time\" content=\"2024-07-11T12:22:02+00:00\" \/>\n<meta property=\"article:modified_time\" content=\"2024-07-11T16:20:39+00:00\" \/>\n<meta property=\"og:image\" content=\"https:\/\/raval.es\/historia\/wp-content\/uploads\/2024\/07\/FB_IMG_1720699837777.jpg\" \/>\n\t<meta property=\"og:image:width\" content=\"1080\" \/>\n\t<meta property=\"og:image:height\" content=\"1509\" \/>\n\t<meta property=\"og:image:type\" content=\"image\/jpeg\" \/>\n<meta name=\"author\" content=\"jaume\" \/>\n<meta name=\"twitter:card\" content=\"summary_large_image\" \/>\n<meta name=\"twitter:label1\" content=\"Escrito por\" \/>\n\t<meta name=\"twitter:data1\" content=\"jaume\" \/>\n\t<meta name=\"twitter:label2\" content=\"Tiempo de lectura\" \/>\n\t<meta name=\"twitter:data2\" content=\"1 minuto\" \/>\n<script type=\"application\/ld+json\" class=\"yoast-schema-graph\">{\"@context\":\"https:\/\/schema.org\",\"@graph\":[{\"@type\":\"Article\",\"@id\":\"https:\/\/raval.es\/historia\/de-almuadin-a-escuela-publica-y-sede-comision-fiestas\/#article\",\"isPartOf\":{\"@id\":\"https:\/\/raval.es\/historia\/de-almuadin-a-escuela-publica-y-sede-comision-fiestas\/\"},\"author\":{\"name\":\"jaume\",\"@id\":\"https:\/\/raval.es\/historia\/#\/schema\/person\/40fb5d78383acffa8376684168f0b184\"},\"headline\":\"DE ALMUAD\u00cdN A ESCUELA P\u00daBLICA Y SEDE COMISI\u00d3N FIESTAS\",\"datePublished\":\"2024-07-11T12:22:02+00:00\",\"dateModified\":\"2024-07-11T16:20:39+00:00\",\"mainEntityOfPage\":{\"@id\":\"https:\/\/raval.es\/historia\/de-almuadin-a-escuela-publica-y-sede-comision-fiestas\/\"},\"wordCount\":175,\"publisher\":{\"@id\":\"https:\/\/raval.es\/historia\/#organization\"},\"image\":{\"@id\":\"https:\/\/raval.es\/historia\/de-almuadin-a-escuela-publica-y-sede-comision-fiestas\/#primaryimage\"},\"thumbnailUrl\":\"https:\/\/raval.es\/historia\/wp-content\/uploads\/2024\/07\/FB_IMG_1720699837777.jpg\",\"keywords\":[\"Almuad\u00edn\",\"historia\"],\"articleSection\":[\"HISTORIA\"],\"inLanguage\":\"es\"},{\"@type\":\"WebPage\",\"@id\":\"https:\/\/raval.es\/historia\/de-almuadin-a-escuela-publica-y-sede-comision-fiestas\/\",\"url\":\"https:\/\/raval.es\/historia\/de-almuadin-a-escuela-publica-y-sede-comision-fiestas\/\",\"name\":\"DE ALMUAD\u00cdN A ESCUELA P\u00daBLICA Y SEDE COMISI\u00d3N FIESTAS - Raval Hist\u00f2ric\",\"isPartOf\":{\"@id\":\"https:\/\/raval.es\/historia\/#website\"},\"primaryImageOfPage\":{\"@id\":\"https:\/\/raval.es\/historia\/de-almuadin-a-escuela-publica-y-sede-comision-fiestas\/#primaryimage\"},\"image\":{\"@id\":\"https:\/\/raval.es\/historia\/de-almuadin-a-escuela-publica-y-sede-comision-fiestas\/#primaryimage\"},\"thumbnailUrl\":\"https:\/\/raval.es\/historia\/wp-content\/uploads\/2024\/07\/FB_IMG_1720699837777.jpg\",\"datePublished\":\"2024-07-11T12:22:02+00:00\",\"dateModified\":\"2024-07-11T16:20:39+00:00\",\"breadcrumb\":{\"@id\":\"https:\/\/raval.es\/historia\/de-almuadin-a-escuela-publica-y-sede-comision-fiestas\/#breadcrumb\"},\"inLanguage\":\"es\",\"potentialAction\":[{\"@type\":\"ReadAction\",\"target\":[\"https:\/\/raval.es\/historia\/de-almuadin-a-escuela-publica-y-sede-comision-fiestas\/\"]}]},{\"@type\":\"ImageObject\",\"inLanguage\":\"es\",\"@id\":\"https:\/\/raval.es\/historia\/de-almuadin-a-escuela-publica-y-sede-comision-fiestas\/#primaryimage\",\"url\":\"https:\/\/raval.es\/historia\/wp-content\/uploads\/2024\/07\/FB_IMG_1720699837777.jpg\",\"contentUrl\":\"https:\/\/raval.es\/historia\/wp-content\/uploads\/2024\/07\/FB_IMG_1720699837777.jpg\",\"width\":1080,\"height\":1509},{\"@type\":\"BreadcrumbList\",\"@id\":\"https:\/\/raval.es\/historia\/de-almuadin-a-escuela-publica-y-sede-comision-fiestas\/#breadcrumb\",\"itemListElement\":[{\"@type\":\"ListItem\",\"position\":1,\"name\":\"Portada\",\"item\":\"https:\/\/raval.es\/historia\/\"},{\"@type\":\"ListItem\",\"position\":2,\"name\":\"DE ALMUAD\u00cdN A ESCUELA P\u00daBLICA Y SEDE COMISI\u00d3N FIESTAS\"}]},{\"@type\":\"WebSite\",\"@id\":\"https:\/\/raval.es\/historia\/#website\",\"url\":\"https:\/\/raval.es\/historia\/\",\"name\":\"Raval Hist\u00f2ric\",\"description\":\"Un poble dins un poble\",\"publisher\":{\"@id\":\"https:\/\/raval.es\/historia\/#organization\"},\"potentialAction\":[{\"@type\":\"SearchAction\",\"target\":{\"@type\":\"EntryPoint\",\"urlTemplate\":\"https:\/\/raval.es\/historia\/?s={search_term_string}\"},\"query-input\":{\"@type\":\"PropertyValueSpecification\",\"valueRequired\":true,\"valueName\":\"search_term_string\"}}],\"inLanguage\":\"es\"},{\"@type\":\"Organization\",\"@id\":\"https:\/\/raval.es\/historia\/#organization\",\"name\":\"AV Raval\",\"alternateName\":\"Raval Hist\u00f2ric\",\"url\":\"https:\/\/raval.es\/historia\/\",\"logo\":{\"@type\":\"ImageObject\",\"inLanguage\":\"es\",\"@id\":\"https:\/\/raval.es\/historia\/#\/schema\/logo\/image\/\",\"url\":\"https:\/\/raval.es\/historia\/wp-content\/uploads\/2024\/12\/IMG_20241220_122838.jpg\",\"contentUrl\":\"https:\/\/raval.es\/historia\/wp-content\/uploads\/2024\/12\/IMG_20241220_122838.jpg\",\"width\":650,\"height\":318,\"caption\":\"AV Raval\"},\"image\":{\"@id\":\"https:\/\/raval.es\/historia\/#\/schema\/logo\/image\/\"},\"sameAs\":[\"https:\/\/www.facebook.com\/ravaldelx\/\",\"https:\/\/www.instagram.com\/avvraval.elx\/\"]},{\"@type\":\"Person\",\"@id\":\"https:\/\/raval.es\/historia\/#\/schema\/person\/40fb5d78383acffa8376684168f0b184\",\"name\":\"jaume\",\"sameAs\":[\"https:\/\/raval.es\/historia\"],\"url\":\"https:\/\/raval.es\/historia\/author\/olmo\/\"}]}<\/script>\n<!-- \/ Yoast SEO plugin. -->","yoast_head_json":{"title":"DE ALMUAD\u00cdN A ESCUELA P\u00daBLICA Y SEDE COMISI\u00d3N FIESTAS - Raval Hist\u00f2ric","robots":{"index":"index","follow":"follow","max-snippet":"max-snippet:-1","max-image-preview":"max-image-preview:large","max-video-preview":"max-video-preview:-1"},"canonical":"https:\/\/raval.es\/historia\/de-almuadin-a-escuela-publica-y-sede-comision-fiestas\/","og_locale":"es_ES","og_type":"article","og_title":"DE ALMUAD\u00cdN A ESCUELA P\u00daBLICA Y SEDE COMISI\u00d3N FIESTAS - Raval Hist\u00f2ric","og_description":"\u00c1lvaro Garc\u00eda En la Comunidad Valenciana, recibe el nombre de Almud\u00edn el establecimiento en donde se&hellip;","og_url":"https:\/\/raval.es\/historia\/de-almuadin-a-escuela-publica-y-sede-comision-fiestas\/","og_site_name":"Raval Hist\u00f2ric","article_publisher":"https:\/\/www.facebook.com\/ravaldelx\/","article_published_time":"2024-07-11T12:22:02+00:00","article_modified_time":"2024-07-11T16:20:39+00:00","og_image":[{"width":1080,"height":1509,"url":"https:\/\/raval.es\/historia\/wp-content\/uploads\/2024\/07\/FB_IMG_1720699837777.jpg","type":"image\/jpeg"}],"author":"jaume","twitter_card":"summary_large_image","twitter_misc":{"Escrito por":"jaume","Tiempo de lectura":"1 minuto"},"schema":{"@context":"https:\/\/schema.org","@graph":[{"@type":"Article","@id":"https:\/\/raval.es\/historia\/de-almuadin-a-escuela-publica-y-sede-comision-fiestas\/#article","isPartOf":{"@id":"https:\/\/raval.es\/historia\/de-almuadin-a-escuela-publica-y-sede-comision-fiestas\/"},"author":{"name":"jaume","@id":"https:\/\/raval.es\/historia\/#\/schema\/person\/40fb5d78383acffa8376684168f0b184"},"headline":"DE ALMUAD\u00cdN A ESCUELA P\u00daBLICA Y SEDE COMISI\u00d3N FIESTAS","datePublished":"2024-07-11T12:22:02+00:00","dateModified":"2024-07-11T16:20:39+00:00","mainEntityOfPage":{"@id":"https:\/\/raval.es\/historia\/de-almuadin-a-escuela-publica-y-sede-comision-fiestas\/"},"wordCount":175,"publisher":{"@id":"https:\/\/raval.es\/historia\/#organization"},"image":{"@id":"https:\/\/raval.es\/historia\/de-almuadin-a-escuela-publica-y-sede-comision-fiestas\/#primaryimage"},"thumbnailUrl":"https:\/\/raval.es\/historia\/wp-content\/uploads\/2024\/07\/FB_IMG_1720699837777.jpg","keywords":["Almuad\u00edn","historia"],"articleSection":["HISTORIA"],"inLanguage":"es"},{"@type":"WebPage","@id":"https:\/\/raval.es\/historia\/de-almuadin-a-escuela-publica-y-sede-comision-fiestas\/","url":"https:\/\/raval.es\/historia\/de-almuadin-a-escuela-publica-y-sede-comision-fiestas\/","name":"DE ALMUAD\u00cdN A ESCUELA P\u00daBLICA Y SEDE COMISI\u00d3N FIESTAS - Raval Hist\u00f2ric","isPartOf":{"@id":"https:\/\/raval.es\/historia\/#website"},"primaryImageOfPage":{"@id":"https:\/\/raval.es\/historia\/de-almuadin-a-escuela-publica-y-sede-comision-fiestas\/#primaryimage"},"image":{"@id":"https:\/\/raval.es\/historia\/de-almuadin-a-escuela-publica-y-sede-comision-fiestas\/#primaryimage"},"thumbnailUrl":"https:\/\/raval.es\/historia\/wp-content\/uploads\/2024\/07\/FB_IMG_1720699837777.jpg","datePublished":"2024-07-11T12:22:02+00:00","dateModified":"2024-07-11T16:20:39+00:00","breadcrumb":{"@id":"https:\/\/raval.es\/historia\/de-almuadin-a-escuela-publica-y-sede-comision-fiestas\/#breadcrumb"},"inLanguage":"es","potentialAction":[{"@type":"ReadAction","target":["https:\/\/raval.es\/historia\/de-almuadin-a-escuela-publica-y-sede-comision-fiestas\/"]}]},{"@type":"ImageObject","inLanguage":"es","@id":"https:\/\/raval.es\/historia\/de-almuadin-a-escuela-publica-y-sede-comision-fiestas\/#primaryimage","url":"https:\/\/raval.es\/historia\/wp-content\/uploads\/2024\/07\/FB_IMG_1720699837777.jpg","contentUrl":"https:\/\/raval.es\/historia\/wp-content\/uploads\/2024\/07\/FB_IMG_1720699837777.jpg","width":1080,"height":1509},{"@type":"BreadcrumbList","@id":"https:\/\/raval.es\/historia\/de-almuadin-a-escuela-publica-y-sede-comision-fiestas\/#breadcrumb","itemListElement":[{"@type":"ListItem","position":1,"name":"Portada","item":"https:\/\/raval.es\/historia\/"},{"@type":"ListItem","position":2,"name":"DE ALMUAD\u00cdN A ESCUELA P\u00daBLICA Y SEDE COMISI\u00d3N FIESTAS"}]},{"@type":"WebSite","@id":"https:\/\/raval.es\/historia\/#website","url":"https:\/\/raval.es\/historia\/","name":"Raval Hist\u00f2ric","description":"Un poble dins un poble","publisher":{"@id":"https:\/\/raval.es\/historia\/#organization"},"potentialAction":[{"@type":"SearchAction","target":{"@type":"EntryPoint","urlTemplate":"https:\/\/raval.es\/historia\/?s={search_term_string}"},"query-input":{"@type":"PropertyValueSpecification","valueRequired":true,"valueName":"search_term_string"}}],"inLanguage":"es"},{"@type":"Organization","@id":"https:\/\/raval.es\/historia\/#organization","name":"AV Raval","alternateName":"Raval Hist\u00f2ric","url":"https:\/\/raval.es\/historia\/","logo":{"@type":"ImageObject","inLanguage":"es","@id":"https:\/\/raval.es\/historia\/#\/schema\/logo\/image\/","url":"https:\/\/raval.es\/historia\/wp-content\/uploads\/2024\/12\/IMG_20241220_122838.jpg","contentUrl":"https:\/\/raval.es\/historia\/wp-content\/uploads\/2024\/12\/IMG_20241220_122838.jpg","width":650,"height":318,"caption":"AV Raval"},"image":{"@id":"https:\/\/raval.es\/historia\/#\/schema\/logo\/image\/"},"sameAs":["https:\/\/www.facebook.com\/ravaldelx\/","https:\/\/www.instagram.com\/avvraval.elx\/"]},{"@type":"Person","@id":"https:\/\/raval.es\/historia\/#\/schema\/person\/40fb5d78383acffa8376684168f0b184","name":"jaume","sameAs":["https:\/\/raval.es\/historia"],"url":"https:\/\/raval.es\/historia\/author\/olmo\/"}]}},"_links":{"self":[{"href":"https:\/\/raval.es\/historia\/wp-json\/wp\/v2\/posts\/719","targetHints":{"allow":["GET"]}}],"collection":[{"href":"https:\/\/raval.es\/historia\/wp-json\/wp\/v2\/posts"}],"about":[{"href":"https:\/\/raval.es\/historia\/wp-json\/wp\/v2\/types\/post"}],"author":[{"embeddable":true,"href":"https:\/\/raval.es\/historia\/wp-json\/wp\/v2\/users\/1"}],"replies":[{"embeddable":true,"href":"https:\/\/raval.es\/historia\/wp-json\/wp\/v2\/comments?post=719"}],"version-history":[{"count":8,"href":"https:\/\/raval.es\/historia\/wp-json\/wp\/v2\/posts\/719\/revisions"}],"predecessor-version":[{"id":727,"href":"https:\/\/raval.es\/historia\/wp-json\/wp\/v2\/posts\/719\/revisions\/727"}],"wp:featuredmedia":[{"embeddable":true,"href":"https:\/\/raval.es\/historia\/wp-json\/wp\/v2\/media\/716"}],"wp:attachment":[{"href":"https:\/\/raval.es\/historia\/wp-json\/wp\/v2\/media?parent=719"}],"wp:term":[{"taxonomy":"category","embeddable":true,"href":"https:\/\/raval.es\/historia\/wp-json\/wp\/v2\/categories?post=719"},{"taxonomy":"post_tag","embeddable":true,"href":"https:\/\/raval.es\/historia\/wp-json\/wp\/v2\/tags?post=719"}],"curies":[{"name":"wp","href":"https:\/\/api.w.org\/{rel}","templated":true}]}}